{"id":18821,"date":"2019-07-05T19:27:06","date_gmt":"2019-07-05T19:27:06","guid":{"rendered":"http:\/\/centralmedia.rs\/?p=18821"},"modified":"2019-07-09T20:10:01","modified_gmt":"2019-07-09T20:10:01","slug":"poceo-12-festival-saha-u-paracinu-najveca-sahovska-manifestacija-u-srbiji","status":"publish","type":"post","link":"https:\/\/centralmedia.rs\/index.php\/2019\/07\/05\/poceo-12-festival-saha-u-paracinu-najveca-sahovska-manifestacija-u-srbiji\/","title":{"rendered":"PO\u010cEO 12. FESTIVAL  \u0160AHA U PARA\u0106INU &#8211; NAJVE\u0106A \u0160AHOVSKA MANIFESTACIJA U SRBIJI"},"content":{"rendered":"<p>PARA\u0106IN- Najve\u0107a \u0161ahovska manifestacija u Srbiji, 12. Me\u0111unarodni festival \u0161aha u Para\u0107inu, okupila je \u00a0396 takmi\u010dara iz 36 zemalja, odnosno Indije, Tajvana, Malezije, Velike Britanije, Velsa, Japana, Ju\u017ene Koreje, Singapura i zemlja iz okru\u017eenja. Nagradni fond je milion dinara.<\/p>\n<p>&#8211; Postignut je rekord po broju u\u010desnika i federacija, zvani\u010dno najve\u0107a \u0161ahovska manifestacija u Srbiji, rekao je ispred organizatora turnira Radoje Marinkovi\u0107.<\/p>\n<div id='gallery-1' class='gallery galleryid-18821 gallery-columns-5 gallery-size-thumbnail'><figure class='gallery-item'>\n\t\t\t<div class='gallery-icon portrait'>\n\t\t\t\t<a href='https:\/\/centralmedia.rs\/index.php\/2019\/07\/05\/poceo-12-festival-saha-u-paracinu-najveca-sahovska-manifestacija-u-srbiji\/sah1\/'><img loading=\"lazy\" decoding=\"async\" width=\"150\" height=\"150\" src=\"https:\/\/centralmedia.rs\/wp-content\/uploads\/2019\/07\/sah1-150x150.jpg\" class=\"attachment-thumbnail size-thumbnail\" alt=\"\" \/><\/a>\n\t\t\t<\/div><\/figure><figure class='gallery-item'>\n\t\t\t<div class='gallery-icon landscape'>\n\t\t\t\t<a href='https:\/\/centralmedia.rs\/index.php\/2019\/07\/05\/poceo-12-festival-saha-u-paracinu-najveca-sahovska-manifestacija-u-srbiji\/sah2\/'><img loading=\"lazy\" decoding=\"async\" width=\"150\" height=\"150\" src=\"https:\/\/centralmedia.rs\/wp-content\/uploads\/2019\/07\/sah2-150x150.jpg\" class=\"attachment-thumbnail size-thumbnail\" alt=\"\" \/><\/a>\n\t\t\t<\/div><\/figure><figure class='gallery-item'>\n\t\t\t<div class='gallery-icon landscape'>\n\t\t\t\t<a href='https:\/\/centralmedia.rs\/index.php\/2019\/07\/05\/poceo-12-festival-saha-u-paracinu-najveca-sahovska-manifestacija-u-srbiji\/sah3\/'><img loading=\"lazy\" decoding=\"async\" width=\"150\" height=\"150\" src=\"https:\/\/centralmedia.rs\/wp-content\/uploads\/2019\/07\/sah3-150x150.jpg\" class=\"attachment-thumbnail size-thumbnail\" alt=\"\" \/><\/a>\n\t\t\t<\/div><\/figure><figure class='gallery-item'>\n\t\t\t<div class='gallery-icon landscape'>\n\t\t\t\t<a href='https:\/\/centralmedia.rs\/index.php\/2019\/07\/05\/poceo-12-festival-saha-u-paracinu-najveca-sahovska-manifestacija-u-srbiji\/sah4\/'><img loading=\"lazy\" decoding=\"async\" width=\"150\" height=\"150\" src=\"https:\/\/centralmedia.rs\/wp-content\/uploads\/2019\/07\/sah4-150x150.jpg\" class=\"attachment-thumbnail size-thumbnail\" alt=\"\" \/><\/a>\n\t\t\t<\/div><\/figure><figure class='gallery-item'>\n\t\t\t<div class='gallery-icon landscape'>\n\t\t\t\t<a href='https:\/\/centralmedia.rs\/index.php\/2019\/07\/05\/poceo-12-festival-saha-u-paracinu-najveca-sahovska-manifestacija-u-srbiji\/sah5\/'><img loading=\"lazy\" decoding=\"async\" width=\"150\" height=\"150\" src=\"https:\/\/centralmedia.rs\/wp-content\/uploads\/2019\/07\/sah5-150x150.jpg\" class=\"attachment-thumbnail size-thumbnail\" alt=\"\" \/><\/a>\n\t\t\t<\/div><\/figure>\n\t\t<\/div>\n\n<p>Svim u\u010desnicima bi\u0107e prezentovana turisti\u010dka ponuda Para\u0107ina i organizovane ekskurzije 8. i 10. jula.<\/p>\n<p>Direktor TO Para\u0107in Aljo\u0161a Gligorijevi\u0107 po\u017eelo je dobrodo\u0161licu u\u010desnicima, prijatan boravak i puno uspeha na festivalu.<\/p>\n<p>Festival je povla\u010denjem prvog poteza na turniru otvorio predsednik op\u0161tine Sa\u0161a Paunovi\u0107. On je pozdravio takmi\u010dare, po\u017eeleo prijatan boravak i proglasio 12. Festival \u0161aha otvorenim.<\/p>\n","protected":false},"excerpt":{"rendered":"<p>PARA\u0106IN- Najve\u0107a \u0161ahovska manifestacija u Srbiji, 12. Me\u0111unarodni festival \u0161aha u Para\u0107inu, okupila je \u00a0396 takmi\u010dara iz 36 zemalja, odnosno Indije, Tajvana, Malezije, Velike Britanije, &hellip; <\/p>\n","protected":false},"author":2,"featured_media":18822,"comment_status":"open","ping_status":"open","sticky":false,"template":"","format":"standard","meta":{"footnotes":""},"categories":[1524,2,1516,887,21,12],"tags":[3850,156],"_links":{"self":[{"href":"https:\/\/centralmedia.rs\/index.php\/wp-json\/wp\/v2\/posts\/18821"}],"collection":[{"href":"https:\/\/centralmedia.rs\/index.php\/wp-json\/wp\/v2\/posts"}],"about":[{"href":"https:\/\/centralmedia.rs\/index.php\/wp-json\/wp\/v2\/types\/post"}],"author":[{"embeddable":true,"href":"https:\/\/centralmedia.rs\/index.php\/wp-json\/wp\/v2\/users\/2"}],"replies":[{"embeddable":true,"href":"https:\/\/centralmedia.rs\/index.php\/wp-json\/wp\/v2\/comments?post=18821"}],"version-history":[{"count":1,"href":"https:\/\/centralmedia.rs\/index.php\/wp-json\/wp\/v2\/posts\/18821\/revisions"}],"predecessor-version":[{"id":18828,"href":"https:\/\/centralmedia.rs\/index.php\/wp-json\/wp\/v2\/posts\/18821\/revisions\/18828"}],"wp:featuredmedia":[{"embeddable":true,"href":"https:\/\/centralmedia.rs\/index.php\/wp-json\/wp\/v2\/media\/18822"}],"wp:attachment":[{"href":"https:\/\/centralmedia.rs\/index.php\/wp-json\/wp\/v2\/media?parent=18821"}],"wp:term":[{"taxonomy":"category","embeddable":true,"href":"https:\/\/centralmedia.rs\/index.php\/wp-json\/wp\/v2\/categories?post=18821"},{"taxonomy":"post_tag","embeddable":true,"href":"https:\/\/centralmedia.rs\/index.php\/wp-json\/wp\/v2\/tags?post=18821"}],"curies":[{"name":"wp","href":"https:\/\/api.w.org\/{rel}","templated":true}]}}