{"id":18829,"date":"2019-07-05T20:01:57","date_gmt":"2019-07-05T20:01:57","guid":{"rendered":"http:\/\/centralmedia.rs\/?p=18829"},"modified":"2019-07-09T20:10:13","modified_gmt":"2019-07-09T20:10:13","slug":"svedski-ambasador-posetio-paracin-i-rimaster-investicija-napreduje-boljom-dinamikom-od-biznis-plana","status":"publish","type":"post","link":"https:\/\/centralmedia.rs\/index.php\/2019\/07\/05\/svedski-ambasador-posetio-paracin-i-rimaster-investicija-napreduje-boljom-dinamikom-od-biznis-plana\/","title":{"rendered":"\u0160VEDSKI AMBASADOR POSETIO PARA\u0106IN I RIMASTER &#8211; Investicija napreduje boljom dinamikom od biznis plana"},"content":{"rendered":"<p>PARA\u0106IN- \u0160vedski ambasador \u00a0Jan Lundin danas je posetio Para\u0107in i pogone Rimastera. On je prisustvovao sastanku predstavnika op\u0161tine i &#8220;Rimastera&#8221;, a zatim i obi\u0161ao pogon ovog preduze\u0107a u zakupljenoj hali u Para\u0107inu. Planirano je da po\u010detkom slede\u0107e godine Rimaster preseli proizvodnju u novu halu u Industrijskoj zoni povr\u0161ine 3500 kvadrata i u narednim godina, prema najavi, uposli do 1.000 radnika.<\/p>\n<p>&#8211; Povod za razgovor je velika investicija kompanije Rimaster iz \u0160vedske. Do kraja godine, ako bude sve po planu, po tr\u017ei\u0161nim uslovima ponudi\u0107emo deo industrijskog parka na prodaju, koji \u0107emo izgraditi, a Rimster je dao pismo o namerama da \u0107e u\u010destvovati u javnom pozivu i dati ponudu za kupovinu ili zakup pod komercijalnim uslovima. O\u010dekuje se velika investicija i po planovima Rimastera to \u0107e biti veliki broj radnika. Sa ambasadorom smo pri\u010dali o naredim investicijama iz \u0160vedske u Srbiji, Pomoravlju i Para\u0107inu. Dobar model za budu\u0107u saradnju je saradnja Para\u0107ina i Rimastera. \u00a0Otvaranje novih radnih mesta za Para\u0107in je apsolutni prioritet. Zato \u0107emo sprovesti sve procedure blagovremeno da bi ostvarili \u0161to ve\u0107i broj radnih mesta i omogu\u0107ili investitorima da dalje ula\u017eu, rekao je predsednik op\u0161tine Sa\u0161a Paunovi\u0107.<\/p>\n<div id='gallery-1' class='gallery galleryid-18829 gallery-columns-7 gallery-size-thumbnail'><figure class='gallery-item'>\n\t\t\t<div class='gallery-icon landscape'>\n\t\t\t\t<a href='https:\/\/centralmedia.rs\/index.php\/2019\/07\/05\/svedski-ambasador-posetio-paracin-i-rimaster-investicija-napreduje-boljom-dinamikom-od-biznis-plana\/svedajni1\/'><img loading=\"lazy\" decoding=\"async\" width=\"150\" height=\"150\" src=\"https:\/\/centralmedia.rs\/wp-content\/uploads\/2019\/07\/svedajni1-150x150.jpg\" class=\"attachment-thumbnail size-thumbnail\" alt=\"\" \/><\/a>\n\t\t\t<\/div><\/figure><figure class='gallery-item'>\n\t\t\t<div class='gallery-icon landscape'>\n\t\t\t\t<a href='https:\/\/centralmedia.rs\/index.php\/2019\/07\/05\/svedski-ambasador-posetio-paracin-i-rimaster-investicija-napreduje-boljom-dinamikom-od-biznis-plana\/svedajni3\/'><img loading=\"lazy\" decoding=\"async\" width=\"150\" height=\"150\" src=\"https:\/\/centralmedia.rs\/wp-content\/uploads\/2019\/07\/svedajni3-150x150.jpg\" class=\"attachment-thumbnail size-thumbnail\" alt=\"\" \/><\/a>\n\t\t\t<\/div><\/figure><figure class='gallery-item'>\n\t\t\t<div class='gallery-icon landscape'>\n\t\t\t\t<a href='https:\/\/centralmedia.rs\/index.php\/2019\/07\/05\/svedski-ambasador-posetio-paracin-i-rimaster-investicija-napreduje-boljom-dinamikom-od-biznis-plana\/svedajni4\/'><img loading=\"lazy\" decoding=\"async\" width=\"150\" height=\"150\" src=\"https:\/\/centralmedia.rs\/wp-content\/uploads\/2019\/07\/svedajni4-150x150.jpg\" class=\"attachment-thumbnail size-thumbnail\" alt=\"\" \/><\/a>\n\t\t\t<\/div><\/figure><figure class='gallery-item'>\n\t\t\t<div class='gallery-icon portrait'>\n\t\t\t\t<a href='https:\/\/centralmedia.rs\/index.php\/2019\/07\/05\/svedski-ambasador-posetio-paracin-i-rimaster-investicija-napreduje-boljom-dinamikom-od-biznis-plana\/svedajni5\/'><img loading=\"lazy\" decoding=\"async\" width=\"150\" height=\"150\" src=\"https:\/\/centralmedia.rs\/wp-content\/uploads\/2019\/07\/svedajni5-150x150.jpg\" class=\"attachment-thumbnail size-thumbnail\" alt=\"\" \/><\/a>\n\t\t\t<\/div><\/figure><figure class='gallery-item'>\n\t\t\t<div class='gallery-icon landscape'>\n\t\t\t\t<a href='https:\/\/centralmedia.rs\/index.php\/2019\/07\/05\/svedski-ambasador-posetio-paracin-i-rimaster-investicija-napreduje-boljom-dinamikom-od-biznis-plana\/svedajni7\/'><img loading=\"lazy\" decoding=\"async\" width=\"150\" height=\"150\" src=\"https:\/\/centralmedia.rs\/wp-content\/uploads\/2019\/07\/svedajni7-150x150.jpg\" class=\"attachment-thumbnail size-thumbnail\" alt=\"\" \/><\/a>\n\t\t\t<\/div><\/figure><figure class='gallery-item'>\n\t\t\t<div class='gallery-icon landscape'>\n\t\t\t\t<a href='https:\/\/centralmedia.rs\/index.php\/2019\/07\/05\/svedski-ambasador-posetio-paracin-i-rimaster-investicija-napreduje-boljom-dinamikom-od-biznis-plana\/svedjani2\/'><img loading=\"lazy\" decoding=\"async\" width=\"150\" height=\"150\" src=\"https:\/\/centralmedia.rs\/wp-content\/uploads\/2019\/07\/svedjani2-150x150.jpg\" class=\"attachment-thumbnail size-thumbnail\" alt=\"\" \/><\/a>\n\t\t\t<\/div><\/figure><figure class='gallery-item'>\n\t\t\t<div class='gallery-icon landscape'>\n\t\t\t\t<a href='https:\/\/centralmedia.rs\/index.php\/2019\/07\/05\/svedski-ambasador-posetio-paracin-i-rimaster-investicija-napreduje-boljom-dinamikom-od-biznis-plana\/svedjanin\/'><img loading=\"lazy\" decoding=\"async\" width=\"150\" height=\"150\" src=\"https:\/\/centralmedia.rs\/wp-content\/uploads\/2019\/07\/svedjanin-150x150.jpg\" class=\"attachment-thumbnail size-thumbnail\" alt=\"\" \/><\/a>\n\t\t\t<\/div><\/figure>\n\t\t<\/div>\n\n<p>Ambasador Lundin se uverio da uspe\u0161na kompanija Rimaster \u017eeli da ula\u017ee u Para\u0107in.<\/p>\n<p>-Podr\u017eavamo Rimaster i \u017eelimo da vidimo jo\u0161 kompanija iz \u0160vedske u Srbiji. Vlada se portudila da Srbija bude privla\u010dna investitorima. Obrazovana radna snaga, konkurentne zarade, postoji odre\u0111ena stabilnost, pravila su poznata, dogovori se po\u0161tuju. To je sve \u0161to tra\u017eimo i radi\u0107emo dalje na poslovnoj saradnji, naglasio je ambasador.<\/p>\n<p>Vlasnik Rimastera Tomas Stalnert je istakao da se nastavlja realizacija biznis plana, koji je obe\u0107avaju\u0107i.<\/p>\n<p>&#8211; Imamo dobar lokalni tim, koji nam poma\u017ee da rastemo i u ovom trenutku smo ispred biznis plana uvezi sa lokacijom i zapo\u0161ljavanjem. Nadam se dobrom nastavku saradnje, rekao je Stalnert.<\/p>\n<p>Oni su zatim posetili zakupljene pogone Rimastera u Para\u0107inu.<\/p>\n<p>&nbsp;<\/p>\n","protected":false},"excerpt":{"rendered":"<p>PARA\u0106IN- \u0160vedski ambasador \u00a0Jan Lundin danas je posetio Para\u0107in i pogone Rimastera. On je prisustvovao sastanku predstavnika op\u0161tine i &#8220;Rimastera&#8221;, a zatim i obi\u0161ao pogon &hellip; <\/p>\n","protected":false},"author":2,"featured_media":18830,"comment_status":"open","ping_status":"open","sticky":false,"template":"","format":"standard","meta":{"footnotes":""},"categories":[22,1524,2,1516,887,12],"tags":[156,3425,3857],"_links":{"self":[{"href":"https:\/\/centralmedia.rs\/index.php\/wp-json\/wp\/v2\/posts\/18829"}],"collection":[{"href":"https:\/\/centralmedia.rs\/index.php\/wp-json\/wp\/v2\/posts"}],"about":[{"href":"https:\/\/centralmedia.rs\/index.php\/wp-json\/wp\/v2\/types\/post"}],"author":[{"embeddable":true,"href":"https:\/\/centralmedia.rs\/index.php\/wp-json\/wp\/v2\/users\/2"}],"replies":[{"embeddable":true,"href":"https:\/\/centralmedia.rs\/index.php\/wp-json\/wp\/v2\/comments?post=18829"}],"version-history":[{"count":1,"href":"https:\/\/centralmedia.rs\/index.php\/wp-json\/wp\/v2\/posts\/18829\/revisions"}],"predecessor-version":[{"id":18838,"href":"https:\/\/centralmedia.rs\/index.php\/wp-json\/wp\/v2\/posts\/18829\/revisions\/18838"}],"wp:featuredmedia":[{"embeddable":true,"href":"https:\/\/centralmedia.rs\/index.php\/wp-json\/wp\/v2\/media\/18830"}],"wp:attachment":[{"href":"https:\/\/centralmedia.rs\/index.php\/wp-json\/wp\/v2\/media?parent=18829"}],"wp:term":[{"taxonomy":"category","embeddable":true,"href":"https:\/\/centralmedia.rs\/index.php\/wp-json\/wp\/v2\/categories?post=18829"},{"taxonomy":"post_tag","embeddable":true,"href":"https:\/\/centralmedia.rs\/index.php\/wp-json\/wp\/v2\/tags?post=18829"}],"curies":[{"name":"wp","href":"https:\/\/api.w.org\/{rel}","templated":true}]}}