{"id":18841,"date":"2019-07-06T11:28:05","date_gmt":"2019-07-06T11:28:05","guid":{"rendered":"http:\/\/centralmedia.rs\/?p=18841"},"modified":"2019-07-09T20:10:30","modified_gmt":"2019-07-09T20:10:30","slug":"veceras-muzicki-spektakl-na-ravaneliusu-u-cupriji-roman-simovic-i-kamerata-akademika","status":"publish","type":"post","link":"https:\/\/centralmedia.rs\/index.php\/2019\/07\/06\/veceras-muzicki-spektakl-na-ravaneliusu-u-cupriji-roman-simovic-i-kamerata-akademika\/","title":{"rendered":"VE\u010cERAS MUZI\u010cKI SPEKTAKL NA RAVANELIUSU U \u0106UPRIJI &#8211; ROMAN SIMOVI\u0106 I KAMERATA AKADEMIKA"},"content":{"rendered":"<p>\u0106UPRIJA &#8211; Premijerni Festival muzi\u010dke izuzetnosti \u00a0Ravanelius ve\u010deras se zavr\u0161ava koncertom ansambla Kamerata Akademika i soliste na violini, prve zvezde ovogodi\u0161njeg festivala, Romana Simovi\u0107a. Koncert se odr\u017eava u ambijentu \u0160kole za muzi\u010dke talente od 21 sat. Pre koncerta predvi\u0111eno je otvaranje Koncertne izlo\u017ebe autora Marije Kosti\u0107, muzikologa, i Ilije Najdanovi\u0107a, u holu \u0160kole za muzi\u010dke talente, a povodom 45 godina postojanja te ustanove.<\/p>\n<div id='gallery-1' class='gallery galleryid-18841 gallery-columns-2 gallery-size-full'><figure class='gallery-item'>\n\t\t\t<div class='gallery-icon landscape'>\n\t\t\t\t<a href='https:\/\/centralmedia.rs\/index.php\/2019\/07\/06\/veceras-muzicki-spektakl-na-ravaneliusu-u-cupriji-roman-simovic-i-kamerata-akademika\/academica-camerata\/'><img loading=\"lazy\" decoding=\"async\" width=\"1633\" height=\"1000\" src=\"https:\/\/centralmedia.rs\/wp-content\/uploads\/2019\/07\/academica-camerata.jpg\" class=\"attachment-full size-full\" alt=\"\" srcset=\"https:\/\/centralmedia.rs\/wp-content\/uploads\/2019\/07\/academica-camerata.jpg 1633w, https:\/\/centralmedia.rs\/wp-content\/uploads\/2019\/07\/academica-camerata-300x184.jpg 300w, https:\/\/centralmedia.rs\/wp-content\/uploads\/2019\/07\/academica-camerata-768x470.jpg 768w, https:\/\/centralmedia.rs\/wp-content\/uploads\/2019\/07\/academica-camerata-1024x627.jpg 1024w, https:\/\/centralmedia.rs\/wp-content\/uploads\/2019\/07\/academica-camerata-686x420.jpg 686w, https:\/\/centralmedia.rs\/wp-content\/uploads\/2019\/07\/academica-camerata-640x392.jpg 640w, https:\/\/centralmedia.rs\/wp-content\/uploads\/2019\/07\/academica-camerata-681x417.jpg 681w\" sizes=\"(max-width: 1633px) 100vw, 1633px\" \/><\/a>\n\t\t\t<\/div><\/figure><figure class='gallery-item'>\n\t\t\t<div class='gallery-icon landscape'>\n\t\t\t\t<a href='https:\/\/centralmedia.rs\/index.php\/2019\/07\/06\/veceras-muzicki-spektakl-na-ravaneliusu-u-cupriji-roman-simovic-i-kamerata-akademika\/roamn-simovic\/'><img loading=\"lazy\" decoding=\"async\" width=\"960\" height=\"960\" src=\"https:\/\/centralmedia.rs\/wp-content\/uploads\/2019\/07\/roamn-simovic.jpg\" class=\"attachment-full size-full\" alt=\"\" srcset=\"https:\/\/centralmedia.rs\/wp-content\/uploads\/2019\/07\/roamn-simovic.jpg 960w, https:\/\/centralmedia.rs\/wp-content\/uploads\/2019\/07\/roamn-simovic-150x150.jpg 150w, https:\/\/centralmedia.rs\/wp-content\/uploads\/2019\/07\/roamn-simovic-300x300.jpg 300w, https:\/\/centralmedia.rs\/wp-content\/uploads\/2019\/07\/roamn-simovic-768x768.jpg 768w, https:\/\/centralmedia.rs\/wp-content\/uploads\/2019\/07\/roamn-simovic-420x420.jpg 420w, https:\/\/centralmedia.rs\/wp-content\/uploads\/2019\/07\/roamn-simovic-640x640.jpg 640w, https:\/\/centralmedia.rs\/wp-content\/uploads\/2019\/07\/roamn-simovic-681x681.jpg 681w\" sizes=\"(max-width: 960px) 100vw, 960px\" \/><\/a>\n\t\t\t<\/div><\/figure>\n\t\t<\/div>\n\n<p>\u201eKamerata akademika\u201d je profesionalni kamerni ansambl u okviru Akademije umetnosti u Novom Sadu. \u010clanove orkestra \u010dine najbolji mladi muzi\u010dari Akademije umetnosti &#8211; asistenti, docenti i najtalentovaniji studenti. Neki od biv\u0161ih \u010dlanova Kamerate sada su ugledni solisti i \u010dlanovi presti\u017enih evropskih orkestara (Julija Hartig, Pe\u0111a Milosavljevi\u0107, Dejan Bogdanovi\u0107, Zorica Stanojevi\u0107 i mnogi drugi).<br \/>\nKamerata Akademika je sara\u0111ivala sa mnogim doma\u0107im i stranim solistima visokog renomea, a pod umetni\u010dkim vo\u0111stvom violon\u010deliste I\u0161tvana Varge nastupala je u svim ve\u0107im gradovima biv\u0161e Jugoslavije, ostvarila uspe\u0161na gostovanja u Nema\u010dkoj (Dortmund) i Holandiji (Amsterdam) i u\u010destvovala i na zna\u010dajnijim muzi\u010dkim manifestacijama (BEMUS, NOMUS, Ohridsko leto, Me\u0111unarodna tribina kompozitora, Grad-teatar Budva&#8230;), a tako\u0111e je ostvarila i veliki broj trajnih radijskih i televizijskih snimaka. Na svom repertoaru Kamerata je uvek imala dela doma\u0107ih kompozitora. Orkestar sa uspehom deluje do kraja 1999. godine kada, na \u017ealost, zbog situacije u zemlji prestaje da postoji.<br \/>\nKrajem 2007. godine na inicijativu violon\u010deliste Marka Mileti\u0107a orkestar biva obnovljen. Izvode\u0107i na koncertima najlep\u0161a i najzahtevnija dela klasi\u010dnog repertoara kao i dela doma\u0107ih kompozitora, Kamerata bele\u017ei brojne uspehe nastupaju\u0107i s uglednim solistima (Stefan Milenkovi\u0107, Roman Simovi\u0107, \u017derar Kose, Vendi Vorner, Dragan \u0110or\u0111evi\u0107, Dejan Mla\u0111enovi\u0107, Imre Kalman, Pe\u0111a Milosavljevi\u0107, Bo\u0161tijan Lipov\u0161ek, Julija Hartig..) \u0161irom zemlje, ali i na dve turneje u Sloveniji. Ansambl dobija sjajne kritike u kojima se uvek isti\u010de lepota tona i upe\u010datljiv izraz. \u201cPored velike muzikalnosti i entuzijazma, ono \u0161to ovaj orkestar izdvaja i svrstava u sasvim posebnu kategoriju muzi\u010dkih sastava je ogromna ljubav i predanost kojom se muzi\u010dari prepu\u0161taju sviranju i muzici samoj, a \u0161to je kvalitet, koji se i u razmerama evropski renomiranih orkestara, danas ne sre\u0107e ba\u0161 \u010desto\u201c, napisala je o Kamerati na\u0161a poznata kompozitorka i akademik Isidora \u017debeljan. \u201eOvo je najbolji orkestar u zemlji\u201c rekao je koncert majstor Londonskog simfonijskog orkestra Roman Simovi\u0107. RTV Vojvodina ubrzo po ponovnom osnivanju orkestra nudi mogu\u0107nost studijskog snimanja svakog izvedenog dela.<\/p>\n<p><img loading=\"lazy\" decoding=\"async\" class=\"alignnone wp-image-18845 size-full\" src=\"http:\/\/centralmedia.rs\/wp-content\/uploads\/2019\/07\/predstavnici-muzicke-izuzetnosti.jpg\" alt=\"\" width=\"660\" height=\"960\" srcset=\"https:\/\/centralmedia.rs\/wp-content\/uploads\/2019\/07\/predstavnici-muzicke-izuzetnosti.jpg 660w, https:\/\/centralmedia.rs\/wp-content\/uploads\/2019\/07\/predstavnici-muzicke-izuzetnosti-206x300.jpg 206w, https:\/\/centralmedia.rs\/wp-content\/uploads\/2019\/07\/predstavnici-muzicke-izuzetnosti-289x420.jpg 289w, https:\/\/centralmedia.rs\/wp-content\/uploads\/2019\/07\/predstavnici-muzicke-izuzetnosti-640x931.jpg 640w\" sizes=\"(max-width: 660px) 100vw, 660px\" \/><\/p>\n<p>\u0106uprija je imala \u010dast da u okviru Ravaneliusa ugosti svetske umetnike i drugo ve\u010de festivala bilo je rezervisano za ljubitelje izvo\u0111enja vrhunske klasni\u010dne muzike. Nastuili su Roman Simovi\u0107, Robert Lakato\u0161, Lazar Mileti\u0107, Milena Simovi\u0107, Vladimir Milo\u0161evi\u0107, Marko Mileti\u0107 i Dragan \u0110or\u0111evi\u0107.<\/p>\n","protected":false},"excerpt":{"rendered":"<p>\u0106UPRIJA &#8211; Premijerni Festival muzi\u010dke izuzetnosti \u00a0Ravanelius ve\u010deras se zavr\u0161ava koncertom ansambla Kamerata Akademika i soliste na violini, prve zvezde ovogodi\u0161njeg festivala, Romana Simovi\u0107a. Koncert &hellip; <\/p>\n","protected":false},"author":2,"featured_media":18842,"comment_status":"open","ping_status":"open","sticky":false,"template":"","format":"standard","meta":{"footnotes":""},"categories":[1515,1524,2,15,887,12],"tags":[44,3807,1364],"_links":{"self":[{"href":"https:\/\/centralmedia.rs\/index.php\/wp-json\/wp\/v2\/posts\/18841"}],"collection":[{"href":"https:\/\/centralmedia.rs\/index.php\/wp-json\/wp\/v2\/posts"}],"about":[{"href":"https:\/\/centralmedia.rs\/index.php\/wp-json\/wp\/v2\/types\/post"}],"author":[{"embeddable":true,"href":"https:\/\/centralmedia.rs\/index.php\/wp-json\/wp\/v2\/users\/2"}],"replies":[{"embeddable":true,"href":"https:\/\/centralmedia.rs\/index.php\/wp-json\/wp\/v2\/comments?post=18841"}],"version-history":[{"count":1,"href":"https:\/\/centralmedia.rs\/index.php\/wp-json\/wp\/v2\/posts\/18841\/revisions"}],"predecessor-version":[{"id":18846,"href":"https:\/\/centralmedia.rs\/index.php\/wp-json\/wp\/v2\/posts\/18841\/revisions\/18846"}],"wp:featuredmedia":[{"embeddable":true,"href":"https:\/\/centralmedia.rs\/index.php\/wp-json\/wp\/v2\/media\/18842"}],"wp:attachment":[{"href":"https:\/\/centralmedia.rs\/index.php\/wp-json\/wp\/v2\/media?parent=18841"}],"wp:term":[{"taxonomy":"category","embeddable":true,"href":"https:\/\/centralmedia.rs\/index.php\/wp-json\/wp\/v2\/categories?post=18841"},{"taxonomy":"post_tag","embeddable":true,"href":"https:\/\/centralmedia.rs\/index.php\/wp-json\/wp\/v2\/tags?post=18841"}],"curies":[{"name":"wp","href":"https:\/\/api.w.org\/{rel}","templated":true}]}}