{"id":18847,"date":"2019-07-06T11:29:57","date_gmt":"2019-07-06T11:29:57","guid":{"rendered":"http:\/\/centralmedia.rs\/?p=18847"},"modified":"2019-07-09T20:10:38","modified_gmt":"2019-07-09T20:10:38","slug":"milanovici-u-reprezentaciji-srbije-na-prvenstvu-balkana-za-mlade-juniore","status":"publish","type":"post","link":"https:\/\/centralmedia.rs\/index.php\/2019\/07\/06\/milanovici-u-reprezentaciji-srbije-na-prvenstvu-balkana-za-mlade-juniore\/","title":{"rendered":"Milanovi\u0107i u reprezentaciji Srbije na prvenstvu Balkana za mla\u0111e juniore"},"content":{"rendered":"<p>\u0106UPRIJA-Atleti\u010dari OAK Morave iz \u0106uprije Aleksa Milanovi\u0107 i Sre\u0107ko Milanovi\u0107, brani\u0107e boje Srbije na predstoje\u0107em prvenstu Balkana za mla\u0111e juniore koje se odr\u017eava u Instanbulu 12.-14. jula. Poziv u reprezentaciju Srbije \u0107uprijski atleti\u010dari dobili su na osnovu rezultata u ovoj sezoni.<\/p>\n","protected":false},"excerpt":{"rendered":"<p>\u0106UPRIJA-Atleti\u010dari OAK Morave iz \u0106uprije Aleksa Milanovi\u0107 i Sre\u0107ko Milanovi\u0107, brani\u0107e boje Srbije na predstoje\u0107em prvenstu Balkana za mla\u0111e juniore koje se odr\u017eava u Instanbulu &hellip; <\/p>\n","protected":false},"author":2,"featured_media":18848,"comment_status":"open","ping_status":"open","sticky":false,"template":"","format":"standard","meta":{"footnotes":""},"categories":[1515,1524,2,887,21,12],"tags":[3868,44,1607,1112],"_links":{"self":[{"href":"https:\/\/centralmedia.rs\/index.php\/wp-json\/wp\/v2\/posts\/18847"}],"collection":[{"href":"https:\/\/centralmedia.rs\/index.php\/wp-json\/wp\/v2\/posts"}],"about":[{"href":"https:\/\/centralmedia.rs\/index.php\/wp-json\/wp\/v2\/types\/post"}],"author":[{"embeddable":true,"href":"https:\/\/centralmedia.rs\/index.php\/wp-json\/wp\/v2\/users\/2"}],"replies":[{"embeddable":true,"href":"https:\/\/centralmedia.rs\/index.php\/wp-json\/wp\/v2\/comments?post=18847"}],"version-history":[{"count":1,"href":"https:\/\/centralmedia.rs\/index.php\/wp-json\/wp\/v2\/posts\/18847\/revisions"}],"predecessor-version":[{"id":18849,"href":"https:\/\/centralmedia.rs\/index.php\/wp-json\/wp\/v2\/posts\/18847\/revisions\/18849"}],"wp:featuredmedia":[{"embeddable":true,"href":"https:\/\/centralmedia.rs\/index.php\/wp-json\/wp\/v2\/media\/18848"}],"wp:attachment":[{"href":"https:\/\/centralmedia.rs\/index.php\/wp-json\/wp\/v2\/media?parent=18847"}],"wp:term":[{"taxonomy":"category","embeddable":true,"href":"https:\/\/centralmedia.rs\/index.php\/wp-json\/wp\/v2\/categories?post=18847"},{"taxonomy":"post_tag","embeddable":true,"href":"https:\/\/centralmedia.rs\/index.php\/wp-json\/wp\/v2\/tags?post=18847"}],"curies":[{"name":"wp","href":"https:\/\/api.w.org\/{rel}","templated":true}]}}