{"id":18867,"date":"2019-07-08T07:31:59","date_gmt":"2019-07-08T07:31:59","guid":{"rendered":"http:\/\/centralmedia.rs\/?p=18867"},"modified":"2019-07-09T20:11:17","modified_gmt":"2019-07-09T20:11:17","slug":"grom-unistio-kucu-u-jagodini","status":"publish","type":"post","link":"https:\/\/centralmedia.rs\/index.php\/2019\/07\/08\/grom-unistio-kucu-u-jagodini\/","title":{"rendered":"Grom uni\u0161tio ku\u0107u u Jagodini"},"content":{"rendered":"<p>JAGODINA-Posle velikog nevremena u Jagodini grom je sino\u0107 zapalio krov jedne ku\u0107e u ulici Alekse \u0160anti\u0107a. Grom je, kako se pretpostavlja, pogodio metalnu \u0161ipku TV antene i napravio veliku rupu, a plamen je ubrzo izazvao po\u017ear i progutao gotovo ceo krov dvospratne privatne ku\u0107e. Vatrogasci su, sa dva vozila, uspeli da ugase vatru, koja je napravila veliku materijalu \u0161tetu i zapretila objektima u susednim dvori\u0161tima, prenosi RTS.<\/p>\n<p><img loading=\"lazy\" decoding=\"async\" class=\"alignnone wp-image-18869 size-large\" src=\"http:\/\/centralmedia.rs\/wp-content\/uploads\/2019\/07\/grom1-810x1024.jpg\" alt=\"\" width=\"640\" height=\"809\" srcset=\"https:\/\/centralmedia.rs\/wp-content\/uploads\/2019\/07\/grom1-810x1024.jpg 810w, https:\/\/centralmedia.rs\/wp-content\/uploads\/2019\/07\/grom1-237x300.jpg 237w, https:\/\/centralmedia.rs\/wp-content\/uploads\/2019\/07\/grom1-768x970.jpg 768w, https:\/\/centralmedia.rs\/wp-content\/uploads\/2019\/07\/grom1-332x420.jpg 332w, https:\/\/centralmedia.rs\/wp-content\/uploads\/2019\/07\/grom1-640x809.jpg 640w, https:\/\/centralmedia.rs\/wp-content\/uploads\/2019\/07\/grom1-681x860.jpg 681w, https:\/\/centralmedia.rs\/wp-content\/uploads\/2019\/07\/grom1.jpg 1013w\" sizes=\"(max-width: 640px) 100vw, 640px\" \/><\/p>\n<p>Posle sna\u017enog udarca i detonacije a plamen je bio visok desetak metara, ispri\u010dao je jedan od kom\u0161ija.<\/p>\n<p>U celom naselju nestala je i struja, a oko zapaljene ku\u0107e okupio se veliki broj ljudi. Neki od njih ka\u017eu da se detonacija osetila i u drugim delovima grada. Na sre\u0107u, niko nije povre\u0111en.<\/p>\n<p>U vreme udara groma u prizemlju ku\u0107e spavala je baka, koja tvrdi da ni\u0161ta nije \u010dula i da su je tek vatrogasci probudili. Mla\u0111i deo porodice otputovao je na more, tako da je, mo\u017eda, ve\u0107a tragedija izbegnuta.<\/p>\n<p>Vatrogasci su za nekoliko sati uspeli da ugase vatru, ali zbog svake sigurnosti de\u017eurali su tokom cele no\u0107i. \u0160teta je velika, ali tek \u0107e tokom dana biti utvr\u0111ena.<\/p>\n<p>Stru\u010dnjaci sa kojima smo razgovarali jo\u0161 se \u010dude i pitaju kako je grom pogodio znatno ni\u017eu ku\u0107u, iako se ona nalazi u neposrednoj blizini objekata sa gromobranima, me\u0111u kojima su dimnjak jagodinske pivare i desetak stambenih vi\u0161espratnica.<\/p>\n<p>&nbsp;<\/p>\n","protected":false},"excerpt":{"rendered":"<p>JAGODINA-Posle velikog nevremena u Jagodini grom je sino\u0107 zapalio krov jedne ku\u0107e u ulici Alekse \u0160anti\u0107a. Grom je, kako se pretpostavlja, pogodio metalnu \u0161ipku TV &hellip; <\/p>\n","protected":false},"author":2,"featured_media":18872,"comment_status":"open","ping_status":"open","sticky":false,"template":"","format":"standard","meta":{"footnotes":""},"categories":[1524,20,2,1514,12],"tags":[1893,58],"_links":{"self":[{"href":"https:\/\/centralmedia.rs\/index.php\/wp-json\/wp\/v2\/posts\/18867"}],"collection":[{"href":"https:\/\/centralmedia.rs\/index.php\/wp-json\/wp\/v2\/posts"}],"about":[{"href":"https:\/\/centralmedia.rs\/index.php\/wp-json\/wp\/v2\/types\/post"}],"author":[{"embeddable":true,"href":"https:\/\/centralmedia.rs\/index.php\/wp-json\/wp\/v2\/users\/2"}],"replies":[{"embeddable":true,"href":"https:\/\/centralmedia.rs\/index.php\/wp-json\/wp\/v2\/comments?post=18867"}],"version-history":[{"count":2,"href":"https:\/\/centralmedia.rs\/index.php\/wp-json\/wp\/v2\/posts\/18867\/revisions"}],"predecessor-version":[{"id":18871,"href":"https:\/\/centralmedia.rs\/index.php\/wp-json\/wp\/v2\/posts\/18867\/revisions\/18871"}],"wp:featuredmedia":[{"embeddable":true,"href":"https:\/\/centralmedia.rs\/index.php\/wp-json\/wp\/v2\/media\/18872"}],"wp:attachment":[{"href":"https:\/\/centralmedia.rs\/index.php\/wp-json\/wp\/v2\/media?parent=18867"}],"wp:term":[{"taxonomy":"category","embeddable":true,"href":"https:\/\/centralmedia.rs\/index.php\/wp-json\/wp\/v2\/categories?post=18867"},{"taxonomy":"post_tag","embeddable":true,"href":"https:\/\/centralmedia.rs\/index.php\/wp-json\/wp\/v2\/tags?post=18867"}],"curies":[{"name":"wp","href":"https:\/\/api.w.org\/{rel}","templated":true}]}}