{"id":18892,"date":"2019-07-08T18:50:35","date_gmt":"2019-07-08T18:50:35","guid":{"rendered":"http:\/\/centralmedia.rs\/?p=18892"},"modified":"2019-07-15T14:24:07","modified_gmt":"2019-07-15T14:24:07","slug":"najbolji-ucenici-levca","status":"publish","type":"post","link":"https:\/\/centralmedia.rs\/index.php\/2019\/07\/08\/najbolji-ucenici-levca\/","title":{"rendered":"NAJBOLJI U\u010cENICI LEV\u010cA"},"content":{"rendered":"<p>REKOVAC- Predsednik op\u0161tine Rekovac dr Aleksandar \u0110or\u0111evi\u0107 danas je primio najbolje u\u010denice O\u0160 \u201eDu\u0161an Popovi\u0107\u201c iz Belu\u0161i\u0107a \u2013 Minu Ja\u0107imovi\u0107 i Jovanu Pavlovi\u0107, a pro\u0161le nedelje \u0111aka generacije O\u0160 \u201eSvetozar Markovi\u0107\u201c, Du\u0161ana Lazarevi\u0107a. ,,Na\u0161i najbolji u\u010denici, na\u0161 ponos i nosioci budu\u0107eg razvoja na\u0161eg Lev\u010da&#8221;, poru\u010dio je predsednika op\u0161tine.\u00a0Op\u0161tina Rekovac nagradila je najbolje u\u010denike, nosioce Vukove diplome zlatnikom, \u00a0a \u0111ake generacije zlatnikom i laptop ra\u010dunarom.<\/p>\n<div id='gallery-1' class='gallery galleryid-18892 gallery-columns-5 gallery-size-thumbnail'><figure class='gallery-item'>\n\t\t\t<div class='gallery-icon portrait'>\n\t\t\t\t<a href='https:\/\/centralmedia.rs\/index.php\/2019\/07\/08\/najbolji-ucenici-levca\/zlatnici-i-laptop\/'><img loading=\"lazy\" decoding=\"async\" width=\"150\" height=\"150\" src=\"https:\/\/centralmedia.rs\/wp-content\/uploads\/2019\/07\/zlatnici-i-laptop-150x150.jpg\" class=\"attachment-thumbnail size-thumbnail\" alt=\"\" \/><\/a>\n\t\t\t<\/div><\/figure><figure class='gallery-item'>\n\t\t\t<div class='gallery-icon portrait'>\n\t\t\t\t<a href='https:\/\/centralmedia.rs\/index.php\/2019\/07\/08\/najbolji-ucenici-levca\/zlatnici-3\/'><img loading=\"lazy\" decoding=\"async\" width=\"150\" height=\"150\" src=\"https:\/\/centralmedia.rs\/wp-content\/uploads\/2019\/07\/zlatnici-150x150.jpg\" class=\"attachment-thumbnail size-thumbnail\" alt=\"\" \/><\/a>\n\t\t\t<\/div><\/figure><figure class='gallery-item'>\n\t\t\t<div class='gallery-icon portrait'>\n\t\t\t\t<a href='https:\/\/centralmedia.rs\/index.php\/2019\/07\/08\/najbolji-ucenici-levca\/zlatnik\/'><img loading=\"lazy\" decoding=\"async\" width=\"150\" height=\"150\" src=\"https:\/\/centralmedia.rs\/wp-content\/uploads\/2019\/07\/zlatnik-150x150.jpg\" class=\"attachment-thumbnail size-thumbnail\" alt=\"\" \/><\/a>\n\t\t\t<\/div><\/figure><figure class='gallery-item'>\n\t\t\t<div class='gallery-icon portrait'>\n\t\t\t\t<a href='https:\/\/centralmedia.rs\/index.php\/2019\/07\/08\/najbolji-ucenici-levca\/zlatnik1\/'><img loading=\"lazy\" decoding=\"async\" width=\"150\" height=\"150\" src=\"https:\/\/centralmedia.rs\/wp-content\/uploads\/2019\/07\/zlatnik1-150x150.jpg\" class=\"attachment-thumbnail size-thumbnail\" alt=\"\" \/><\/a>\n\t\t\t<\/div><\/figure><figure class='gallery-item'>\n\t\t\t<div class='gallery-icon landscape'>\n\t\t\t\t<a href='https:\/\/centralmedia.rs\/index.php\/2019\/07\/08\/najbolji-ucenici-levca\/najbolji-ucenici-2\/'><img loading=\"lazy\" decoding=\"async\" width=\"150\" height=\"150\" src=\"https:\/\/centralmedia.rs\/wp-content\/uploads\/2019\/07\/najbolji-u\u010denici-150x150.jpg\" class=\"attachment-thumbnail size-thumbnail\" alt=\"\" \/><\/a>\n\t\t\t<\/div><\/figure>\n\t\t<\/div>\n\n","protected":false},"excerpt":{"rendered":"<p>REKOVAC- Predsednik op\u0161tine Rekovac dr Aleksandar \u0110or\u0111evi\u0107 danas je primio najbolje u\u010denice O\u0160 \u201eDu\u0161an Popovi\u0107\u201c iz Belu\u0161i\u0107a \u2013 Minu Ja\u0107imovi\u0107 i Jovanu Pavlovi\u0107, a pro\u0161le &hellip; <\/p>\n","protected":false},"author":2,"featured_media":18893,"comment_status":"open","ping_status":"open","sticky":false,"template":"","format":"standard","meta":{"footnotes":""},"categories":[14,1524,2,887,1519,12],"tags":[3874,704,3872,3873],"_links":{"self":[{"href":"https:\/\/centralmedia.rs\/index.php\/wp-json\/wp\/v2\/posts\/18892"}],"collection":[{"href":"https:\/\/centralmedia.rs\/index.php\/wp-json\/wp\/v2\/posts"}],"about":[{"href":"https:\/\/centralmedia.rs\/index.php\/wp-json\/wp\/v2\/types\/post"}],"author":[{"embeddable":true,"href":"https:\/\/centralmedia.rs\/index.php\/wp-json\/wp\/v2\/users\/2"}],"replies":[{"embeddable":true,"href":"https:\/\/centralmedia.rs\/index.php\/wp-json\/wp\/v2\/comments?post=18892"}],"version-history":[{"count":1,"href":"https:\/\/centralmedia.rs\/index.php\/wp-json\/wp\/v2\/posts\/18892\/revisions"}],"predecessor-version":[{"id":18898,"href":"https:\/\/centralmedia.rs\/index.php\/wp-json\/wp\/v2\/posts\/18892\/revisions\/18898"}],"wp:featuredmedia":[{"embeddable":true,"href":"https:\/\/centralmedia.rs\/index.php\/wp-json\/wp\/v2\/media\/18893"}],"wp:attachment":[{"href":"https:\/\/centralmedia.rs\/index.php\/wp-json\/wp\/v2\/media?parent=18892"}],"wp:term":[{"taxonomy":"category","embeddable":true,"href":"https:\/\/centralmedia.rs\/index.php\/wp-json\/wp\/v2\/categories?post=18892"},{"taxonomy":"post_tag","embeddable":true,"href":"https:\/\/centralmedia.rs\/index.php\/wp-json\/wp\/v2\/tags?post=18892"}],"curies":[{"name":"wp","href":"https:\/\/api.w.org\/{rel}","templated":true}]}}