{"id":18899,"date":"2019-07-08T19:17:34","date_gmt":"2019-07-08T19:17:34","guid":{"rendered":"http:\/\/centralmedia.rs\/?p=18899"},"modified":"2019-07-15T14:23:59","modified_gmt":"2019-07-15T14:23:59","slug":"mali-sajam-knjiga-autora-iz-paracina-i-cuprije","status":"publish","type":"post","link":"https:\/\/centralmedia.rs\/index.php\/2019\/07\/08\/mali-sajam-knjiga-autora-iz-paracina-i-cuprije\/","title":{"rendered":"MALI SAJAM KNJIGA AUTORA IZ PARA\u0106INA I \u0106UPRIJE"},"content":{"rendered":"<p>PARA\u0106IN- Mali sajam knjiga para\u0107inskih i \u0107uprijskih autora prvi put se odr\u017eava u Para\u0107inu organizaciji Kulturnog centra i Knji\u017eevnog kluba &#8220;Mirko Banjevi\u0107&#8221;. Izlo\u017eena su 92 naslova 41 autora. Do 12. jula sajam \u0107e biti otvoren do 10 do 15 sati i do 18 do 20.<\/p>\n","protected":false},"excerpt":{"rendered":"<p>PARA\u0106IN- Mali sajam knjiga para\u0107inskih i \u0107uprijskih autora prvi put se odr\u017eava u Para\u0107inu organizaciji Kulturnog centra i Knji\u017eevnog kluba &#8220;Mirko Banjevi\u0107&#8221;. Izlo\u017eena su 92 &hellip; <\/p>\n","protected":false},"author":2,"featured_media":18900,"comment_status":"open","ping_status":"open","sticky":false,"template":"","format":"standard","meta":{"footnotes":""},"categories":[1524,2,15,1516,887,12],"tags":[3875,3876],"_links":{"self":[{"href":"https:\/\/centralmedia.rs\/index.php\/wp-json\/wp\/v2\/posts\/18899"}],"collection":[{"href":"https:\/\/centralmedia.rs\/index.php\/wp-json\/wp\/v2\/posts"}],"about":[{"href":"https:\/\/centralmedia.rs\/index.php\/wp-json\/wp\/v2\/types\/post"}],"author":[{"embeddable":true,"href":"https:\/\/centralmedia.rs\/index.php\/wp-json\/wp\/v2\/users\/2"}],"replies":[{"embeddable":true,"href":"https:\/\/centralmedia.rs\/index.php\/wp-json\/wp\/v2\/comments?post=18899"}],"version-history":[{"count":1,"href":"https:\/\/centralmedia.rs\/index.php\/wp-json\/wp\/v2\/posts\/18899\/revisions"}],"predecessor-version":[{"id":18901,"href":"https:\/\/centralmedia.rs\/index.php\/wp-json\/wp\/v2\/posts\/18899\/revisions\/18901"}],"wp:featuredmedia":[{"embeddable":true,"href":"https:\/\/centralmedia.rs\/index.php\/wp-json\/wp\/v2\/media\/18900"}],"wp:attachment":[{"href":"https:\/\/centralmedia.rs\/index.php\/wp-json\/wp\/v2\/media?parent=18899"}],"wp:term":[{"taxonomy":"category","embeddable":true,"href":"https:\/\/centralmedia.rs\/index.php\/wp-json\/wp\/v2\/categories?post=18899"},{"taxonomy":"post_tag","embeddable":true,"href":"https:\/\/centralmedia.rs\/index.php\/wp-json\/wp\/v2\/tags?post=18899"}],"curies":[{"name":"wp","href":"https:\/\/api.w.org\/{rel}","templated":true}]}}