{"id":18932,"date":"2019-07-10T11:49:06","date_gmt":"2019-07-10T11:49:06","guid":{"rendered":"http:\/\/centralmedia.rs\/?p=18932"},"modified":"2019-07-15T14:22:28","modified_gmt":"2019-07-15T14:22:28","slug":"palma-tekstovi-o-trovanju-hlorom-u-akva-parku-u-jagodini-u-nekim-medijima-najbezocnija-laz","status":"publish","type":"post","link":"https:\/\/centralmedia.rs\/index.php\/2019\/07\/10\/palma-tekstovi-o-trovanju-hlorom-u-akva-parku-u-jagodini-u-nekim-medijima-najbezocnija-laz\/","title":{"rendered":"PALMA : TEKSTOVI O TROVANJU HLOROM U AKVA PARKU U JAGODINI U NEKIM MEDIJIMA NAJBEZO\u010cNIJA LA\u017d"},"content":{"rendered":"<p>JAGODINA- \u201cO\u010digledno da nekim ljudima u Srbiji smeta to \u0161to je jagodinski Akva park najpose\u0107eniji i \u0161to je Jagodina postala turisti\u010dki centar . Odveo sam u Akva park guvernera regije Crvenog mora generala dr Ahmada Abdalaha i \u0161etali Akva parkom u kome je bilo preko 5 500 ljudi iz gotovo svih gradova Srbije. \u017deleo sam da guverner na direktan na\u010din upozna Srbiju i da se vrate prijateljski odnosi Srbije i Egipta kakvi su bili za vreme Nasera i Tita i da Srbija izvozi u Egipat ono \u0161to Egipat uvozi iz drugih dr\u017eava, kao i da Egipat podr\u017ei Srbiju u svetskim institucijama u kojima je \u010dlan a u kojima se odlu\u010duje o Srbiji. Neki mediji su objavili da su se navodno deca iz jednog pliva\u010dkog kluba otrovala hlorom \u0161to je najbezo\u010dnija la\u017e i otvoreni napad na najpose\u0107eniji Akva park u Srbiji. U tom trenutku su se, u istom bazenu, nalazila deca iz jo\u0161 dva pliva\u010dka kluba koja nisu imala nikakvih reakcija. \u010clan uprave kluba i roditelj jednog deteta iz tog pliva\u010dkog kluba, \u010dija su deca reagovala, i koji je podigao tu la\u017enu medijsku hajku, je opozicionar iz \u0106uprije.<\/p>\n<p>Na na\u0161 zahtev, u prisustvu policije, ura\u0111ene su kompletne analize vode i analiza je pokazala da su svi parametri potpuno ispravni. Molim one koji misle da je Srbija samo Beograd da do\u0111u u Jagodinu a ja \u0107u im biti dobar doma\u0107in. Molim vas da pa\u017eljivo pogledate ovaj video i bi\u0107e vam jasno za\u0161to napadaju Jagodinu kao turisti\u010dki centar Srbije\u201d, izjavio je predsednik Jedinstvene Srbije i Skup\u0161tine grada Jagodine Dragan Markovi\u0107 Palma, povodom tekstova u nekim medijima o jagodinskom Akva parku.<\/p>\n<p>&nbsp;<\/p>\n","protected":false},"excerpt":{"rendered":"<p>JAGODINA- \u201cO\u010digledno da nekim ljudima u Srbiji smeta to \u0161to je jagodinski Akva park najpose\u0107eniji i \u0161to je Jagodina postala turisti\u010dki centar . Odveo sam &hellip; <\/p>\n","protected":false},"author":2,"featured_media":16269,"comment_status":"open","ping_status":"open","sticky":false,"template":"","format":"standard","meta":{"footnotes":""},"categories":[1524,2,1514,13,12],"tags":[862,44,3883,137,3882,120],"_links":{"self":[{"href":"https:\/\/centralmedia.rs\/index.php\/wp-json\/wp\/v2\/posts\/18932"}],"collection":[{"href":"https:\/\/centralmedia.rs\/index.php\/wp-json\/wp\/v2\/posts"}],"about":[{"href":"https:\/\/centralmedia.rs\/index.php\/wp-json\/wp\/v2\/types\/post"}],"author":[{"embeddable":true,"href":"https:\/\/centralmedia.rs\/index.php\/wp-json\/wp\/v2\/users\/2"}],"replies":[{"embeddable":true,"href":"https:\/\/centralmedia.rs\/index.php\/wp-json\/wp\/v2\/comments?post=18932"}],"version-history":[{"count":1,"href":"https:\/\/centralmedia.rs\/index.php\/wp-json\/wp\/v2\/posts\/18932\/revisions"}],"predecessor-version":[{"id":18933,"href":"https:\/\/centralmedia.rs\/index.php\/wp-json\/wp\/v2\/posts\/18932\/revisions\/18933"}],"wp:featuredmedia":[{"embeddable":true,"href":"https:\/\/centralmedia.rs\/index.php\/wp-json\/wp\/v2\/media\/16269"}],"wp:attachment":[{"href":"https:\/\/centralmedia.rs\/index.php\/wp-json\/wp\/v2\/media?parent=18932"}],"wp:term":[{"taxonomy":"category","embeddable":true,"href":"https:\/\/centralmedia.rs\/index.php\/wp-json\/wp\/v2\/categories?post=18932"},{"taxonomy":"post_tag","embeddable":true,"href":"https:\/\/centralmedia.rs\/index.php\/wp-json\/wp\/v2\/tags?post=18932"}],"curies":[{"name":"wp","href":"https:\/\/api.w.org\/{rel}","templated":true}]}}