{"id":18939,"date":"2019-07-10T16:02:40","date_gmt":"2019-07-10T16:02:40","guid":{"rendered":"http:\/\/centralmedia.rs\/?p=18939"},"modified":"2019-07-15T14:22:56","modified_gmt":"2019-07-15T14:22:56","slug":"grand-prix-latin-grad-tv-centru","status":"publish","type":"post","link":"https:\/\/centralmedia.rs\/index.php\/2019\/07\/10\/grand-prix-latin-grad-tv-centru\/","title":{"rendered":"Grand prix \u201cLatin grad\u201d TV Centru"},"content":{"rendered":"<p>SVILAJANC- Dokumentarni film TvCentra \u201cLu-lu lu-lu\u201d pobednik je ovogodi\u0161njeg festivala turisti\u010dkog, ekolo\u0161kog i dokumentarnog filma VRMD\u017dA FEST koji je po tre\u0107i put odr\u017ean u \u017eivopisnom ambijentu podrtanjskog sela Vrmd\u017ea kraj Sokobanje. U konkurenciji od preko 50 ostvarenja iz Srbije i regiona, \u017eiri kojim je predsedavao hrvatski reditelj Bernardin Modri\u0107 doneo je odluku da Grand prix \u201cLatin grad\u201d dodeli na\u0161oj produkciji za film koji je na ovom festivalu premijerno prikazan. Na festivalu su dodeljena priznanja i autorima RTS-a, PRVE TV, RTV Republike Srpske.<\/p>\n<p>&#8211; Dokumentarni film TV Centra \u201cIgranka za pokojnog Emilijana\u201d bi\u0107e prikazan u okviru takmi\u010darskog programa XXVIII Me\u0111unarodnog festivala etnolo\u0161kog filma koji \u0107e biti odr\u017ean od 7. do 10. oktobra 2019. u Beogradu. Od 180 filmova, koliko je prijavljeno za ovogodi\u0161nji festival, u zvani\u010dnu selekciju je izabrabrano 15 filmova iz inostrane produkcije &#8211; USA, Indija, Kina, Argentina, Rusija, Izrael, Nema\u010dka, Francuska, Belgija, Iran\u2026 i \u010detiri filma iz Srbije me\u0111u kojima je i na\u0161 dokumentarac. Pre beogradske publike, film su imali priliku da pogledaju posetioci festivala u Rovinju, Prokuplju i V.Plani, a u septembru \u0107e biti prikazan i na VIVO festivalu u Sarajevu. \u201cIgranku za pokojnog Emilijana\u201d sredinom jula vide\u0107e i publika 28. FESTEF-a na kom \u0107e biti prikazan i na\u0161 film \u201dLu-lu lu-lu\u201d, najavljuje direktor i urednik najnagra\u0111ivanijeg pomoravskog medija Predrag Todorovi\u0107.<\/p>\n<p><img loading=\"lazy\" decoding=\"async\" class=\"alignnone wp-image-18941 size-large\" src=\"http:\/\/centralmedia.rs\/wp-content\/uploads\/2019\/07\/grand-1-1024x683.jpg\" alt=\"\" width=\"640\" height=\"427\" srcset=\"https:\/\/centralmedia.rs\/wp-content\/uploads\/2019\/07\/grand-1-1024x683.jpg 1024w, https:\/\/centralmedia.rs\/wp-content\/uploads\/2019\/07\/grand-1-300x200.jpg 300w, https:\/\/centralmedia.rs\/wp-content\/uploads\/2019\/07\/grand-1-768x512.jpg 768w, https:\/\/centralmedia.rs\/wp-content\/uploads\/2019\/07\/grand-1-630x420.jpg 630w, https:\/\/centralmedia.rs\/wp-content\/uploads\/2019\/07\/grand-1-640x427.jpg 640w, https:\/\/centralmedia.rs\/wp-content\/uploads\/2019\/07\/grand-1-681x454.jpg 681w, https:\/\/centralmedia.rs\/wp-content\/uploads\/2019\/07\/grand-1.jpg 2048w\" sizes=\"(max-width: 640px) 100vw, 640px\" \/><\/p>\n","protected":false},"excerpt":{"rendered":"<p>SVILAJANC- Dokumentarni film TvCentra \u201cLu-lu lu-lu\u201d pobednik je ovogodi\u0161njeg festivala turisti\u010dkog, ekolo\u0161kog i dokumentarnog filma VRMD\u017dA FEST koji je po tre\u0107i put odr\u017ean u \u017eivopisnom &hellip; <\/p>\n","protected":false},"author":2,"featured_media":18940,"comment_status":"open","ping_status":"open","sticky":false,"template":"","format":"standard","meta":{"footnotes":""},"categories":[1524,2,15,887,12,1517],"tags":[3884,38,264],"_links":{"self":[{"href":"https:\/\/centralmedia.rs\/index.php\/wp-json\/wp\/v2\/posts\/18939"}],"collection":[{"href":"https:\/\/centralmedia.rs\/index.php\/wp-json\/wp\/v2\/posts"}],"about":[{"href":"https:\/\/centralmedia.rs\/index.php\/wp-json\/wp\/v2\/types\/post"}],"author":[{"embeddable":true,"href":"https:\/\/centralmedia.rs\/index.php\/wp-json\/wp\/v2\/users\/2"}],"replies":[{"embeddable":true,"href":"https:\/\/centralmedia.rs\/index.php\/wp-json\/wp\/v2\/comments?post=18939"}],"version-history":[{"count":1,"href":"https:\/\/centralmedia.rs\/index.php\/wp-json\/wp\/v2\/posts\/18939\/revisions"}],"predecessor-version":[{"id":18942,"href":"https:\/\/centralmedia.rs\/index.php\/wp-json\/wp\/v2\/posts\/18939\/revisions\/18942"}],"wp:featuredmedia":[{"embeddable":true,"href":"https:\/\/centralmedia.rs\/index.php\/wp-json\/wp\/v2\/media\/18940"}],"wp:attachment":[{"href":"https:\/\/centralmedia.rs\/index.php\/wp-json\/wp\/v2\/media?parent=18939"}],"wp:term":[{"taxonomy":"category","embeddable":true,"href":"https:\/\/centralmedia.rs\/index.php\/wp-json\/wp\/v2\/categories?post=18939"},{"taxonomy":"post_tag","embeddable":true,"href":"https:\/\/centralmedia.rs\/index.php\/wp-json\/wp\/v2\/tags?post=18939"}],"curies":[{"name":"wp","href":"https:\/\/api.w.org\/{rel}","templated":true}]}}