{"id":18943,"date":"2019-07-11T13:35:11","date_gmt":"2019-07-11T13:35:11","guid":{"rendered":"http:\/\/centralmedia.rs\/?p=18943"},"modified":"2019-07-15T14:23:16","modified_gmt":"2019-07-15T14:23:16","slug":"eric-projekat-odobren-putevi-srbije-uskoro-pocinju-rekonstrukciju-puta-kroz-senje","status":"publish","type":"post","link":"https:\/\/centralmedia.rs\/index.php\/2019\/07\/11\/eric-projekat-odobren-putevi-srbije-uskoro-pocinju-rekonstrukciju-puta-kroz-senje\/","title":{"rendered":"Eri\u0107: \u201eProjekat odobren! \u201ePutevi Srbije\u201c uskoro po\u010dinju rekonstrukciju puta kroz Senje do manastira Ravanica\u201c"},"content":{"rendered":"<p>\u0106UPRIJA- Predsednik op\u0161tine i predsednik OO SNS \u0106uprija Ninoslav Eri\u0107 \u00a0izjavio posle sednice te stranke da mu je potvr\u0111eno iz Beograda da uskoro po\u010dinju radovi na drugoj fazi puta od Senja od ulaza u manastir Ravanica i da \u0107e predsednik Srbije Aleksandar Vu\u010di\u0107 uskoro posetiti \u0106upriju i ozna\u010diti po\u010detak radova na izgradnji fabrike Feka automotiv.<\/p>\n<p>&#8211; JP \u201ePutevi Srbije\u201c treba da po\u010dnu da rade drugu fazu rekonstrukcije puta \u0106uprija-Senje, deonica od ulaza u Senje do manastira Ravanica. Projekat je odobren, a vrednost investicije je 85 miliona dinara. Ovim \u0107emo da napravimo i moderan put kroz samo selo, projektom je predvi\u0111ena izgradnja dva parking mesta: za autobuse i za putni\u010dka vozila, a radi\u0107e se i jedna staza koja \u0107e povezivati ta dva parkinga. Ono \u0161to smo dogovorili sa predsednikom Vu\u010di\u0107em &#8211; da manastir pribli\u017eimo svima koji prolaze kroz ili pored \u0106uprije, od danas ulazi u zavr\u0161nu fazu realizacije, tako da \u0107e put od \u0106uprije do manastira biti kompletno zavr\u0161en do kraja godine. Mi ovim \u017eelimo da unapredimo verski turizam, a u sklopu te ideje gradimo i Spomenik caru Lazaru, \u010diji \u0107emo postament da zavr\u0161imo ove, a kompletan spomenik naredne godine \u2013 saop\u0161tio je sino\u0107 novinarima Predsednik Eri\u0107 je u razgovoru sa novinarima, koji je uprili\u010den odmah posle sednice OO SNS, rekao da \u0107e uskoro predsednik Vu\u010di\u0107 da poseti \u0106upriju kako bi i zvani\u010dno po\u010dela izgradnja fabrike FEKA automotiv, a osvrnuo se i na nedavno odr\u017eani Ravanelius, festival muzi\u010dke izuzetnosti, istakav\u0161i ga kao izuzetno uspe\u0161an projekat visoke kulture koji \u201ei unapre\u0111uje i pribli\u017eava\u201c.<\/p>\n<div id='gallery-1' class='gallery galleryid-18943 gallery-columns-3 gallery-size-full'><figure class='gallery-item'>\n\t\t\t<div class='gallery-icon landscape'>\n\t\t\t\t<a href='https:\/\/centralmedia.rs\/index.php\/2019\/07\/11\/eric-projekat-odobren-putevi-srbije-uskoro-pocinju-rekonstrukciju-puta-kroz-senje\/dsc_0021\/'><img loading=\"lazy\" decoding=\"async\" width=\"2992\" height=\"2000\" src=\"https:\/\/centralmedia.rs\/wp-content\/uploads\/2019\/07\/DSC_0021.jpg\" class=\"attachment-full size-full\" alt=\"\" srcset=\"https:\/\/centralmedia.rs\/wp-content\/uploads\/2019\/07\/DSC_0021.jpg 2992w, https:\/\/centralmedia.rs\/wp-content\/uploads\/2019\/07\/DSC_0021-300x201.jpg 300w, https:\/\/centralmedia.rs\/wp-content\/uploads\/2019\/07\/DSC_0021-768x513.jpg 768w, https:\/\/centralmedia.rs\/wp-content\/uploads\/2019\/07\/DSC_0021-1024x684.jpg 1024w, https:\/\/centralmedia.rs\/wp-content\/uploads\/2019\/07\/DSC_0021-628x420.jpg 628w, https:\/\/centralmedia.rs\/wp-content\/uploads\/2019\/07\/DSC_0021-537x360.jpg 537w, https:\/\/centralmedia.rs\/wp-content\/uploads\/2019\/07\/DSC_0021-640x428.jpg 640w, https:\/\/centralmedia.rs\/wp-content\/uploads\/2019\/07\/DSC_0021-681x455.jpg 681w\" sizes=\"(max-width: 2992px) 100vw, 2992px\" \/><\/a>\n\t\t\t<\/div><\/figure><figure class='gallery-item'>\n\t\t\t<div class='gallery-icon landscape'>\n\t\t\t\t<a href='https:\/\/centralmedia.rs\/index.php\/2019\/07\/11\/eric-projekat-odobren-putevi-srbije-uskoro-pocinju-rekonstrukciju-puta-kroz-senje\/dsc_0027\/'><img loading=\"lazy\" decoding=\"async\" width=\"2992\" height=\"2000\" src=\"https:\/\/centralmedia.rs\/wp-content\/uploads\/2019\/07\/DSC_0027.jpg\" class=\"attachment-full size-full\" alt=\"\" srcset=\"https:\/\/centralmedia.rs\/wp-content\/uploads\/2019\/07\/DSC_0027.jpg 2992w, https:\/\/centralmedia.rs\/wp-content\/uploads\/2019\/07\/DSC_0027-300x201.jpg 300w, https:\/\/centralmedia.rs\/wp-content\/uploads\/2019\/07\/DSC_0027-768x513.jpg 768w, https:\/\/centralmedia.rs\/wp-content\/uploads\/2019\/07\/DSC_0027-1024x684.jpg 1024w, https:\/\/centralmedia.rs\/wp-content\/uploads\/2019\/07\/DSC_0027-628x420.jpg 628w, https:\/\/centralmedia.rs\/wp-content\/uploads\/2019\/07\/DSC_0027-537x360.jpg 537w, https:\/\/centralmedia.rs\/wp-content\/uploads\/2019\/07\/DSC_0027-640x428.jpg 640w, https:\/\/centralmedia.rs\/wp-content\/uploads\/2019\/07\/DSC_0027-681x455.jpg 681w\" sizes=\"(max-width: 2992px) 100vw, 2992px\" \/><\/a>\n\t\t\t<\/div><\/figure><figure class='gallery-item'>\n\t\t\t<div class='gallery-icon landscape'>\n\t\t\t\t<a href='https:\/\/centralmedia.rs\/index.php\/2019\/07\/11\/eric-projekat-odobren-putevi-srbije-uskoro-pocinju-rekonstrukciju-puta-kroz-senje\/dsc_0046\/'><img loading=\"lazy\" decoding=\"async\" width=\"2992\" height=\"2000\" src=\"https:\/\/centralmedia.rs\/wp-content\/uploads\/2019\/07\/DSC_0046.jpg\" class=\"attachment-full size-full\" alt=\"\" srcset=\"https:\/\/centralmedia.rs\/wp-content\/uploads\/2019\/07\/DSC_0046.jpg 2992w, https:\/\/centralmedia.rs\/wp-content\/uploads\/2019\/07\/DSC_0046-300x201.jpg 300w, https:\/\/centralmedia.rs\/wp-content\/uploads\/2019\/07\/DSC_0046-768x513.jpg 768w, https:\/\/centralmedia.rs\/wp-content\/uploads\/2019\/07\/DSC_0046-1024x684.jpg 1024w, https:\/\/centralmedia.rs\/wp-content\/uploads\/2019\/07\/DSC_0046-628x420.jpg 628w, https:\/\/centralmedia.rs\/wp-content\/uploads\/2019\/07\/DSC_0046-537x360.jpg 537w, https:\/\/centralmedia.rs\/wp-content\/uploads\/2019\/07\/DSC_0046-640x428.jpg 640w, https:\/\/centralmedia.rs\/wp-content\/uploads\/2019\/07\/DSC_0046-681x455.jpg 681w\" sizes=\"(max-width: 2992px) 100vw, 2992px\" \/><\/a>\n\t\t\t<\/div><\/figure>\n\t\t<\/div>\n\n<p>-Festival muzi\u010dke izuzetnosti Ravanelius, koji smo organizovali od 4. do 6. jula, pokazao je da imamo puno potencijala da unapredimo i \u0160kolu za talente, ali i da pribli\u017eimo na\u0161e talente celoj Srbiji. Smatramo da sve ovo \u0161to ve\u0107 imamo u obrazovanju, u muzici, sportu i zdravstvu treba da unapredimo i nadgradimo, istakao je Eri\u0107 podsetiv\u0161i da \u0107e kampanja \u0107uprijskih naprednjaka za predstoje\u0107e redovne izbore biti pozitivna i da je potrebno \u201esamo da se prezentuje sve ono \u0161to je ura\u0111eno u ovom mandatu i ono \u0161to \u0107e biti ura\u0111eno u narednom periodu, na \u010demu se ve\u0107 uveliko radi\u201c.<\/p>\n<p>&#8211; \u0160to se ti\u010de SNS, nastavljamo sa aktivnostima. Dogovor je da svake nedelje obi\u0111emo po jedno selo. Razgovara\u0107emo sa me\u0161tanima, bi\u0107emo na terenu i deset dana ako u nekom selu to bude trebalo. Re\u0161ava\u0107emo probleme me\u0161tana, razgovara\u0107emo o tome \u0161ta smo radili i \u0161ta \u0107emo da radimo u narednom periodu, tako da \u0107e funkcioneri stranke biti na terenu. Radi\u0107emo sa svim mesnim zajednicama, a naravno i u gradu \u0107emo na \u0161tandovima da informi\u0161emo gra\u0111ane o tome \u0161ta smo radili i \u0161ta \u0107emo da radimo \u2013 zaklju\u010dio je Ninoslav Eri\u0107, predsednik Op\u0161tinskog odbora Srpske napredne stranke i prvi \u010dovek \u0107uprijske op\u0161tine.<\/p>\n","protected":false},"excerpt":{"rendered":"<p>\u0106UPRIJA- Predsednik op\u0161tine i predsednik OO SNS \u0106uprija Ninoslav Eri\u0107 \u00a0izjavio posle sednice te stranke da mu je potvr\u0111eno iz Beograda da uskoro po\u010dinju radovi &hellip; <\/p>\n","protected":false},"author":2,"featured_media":18944,"comment_status":"open","ping_status":"open","sticky":false,"template":"","format":"standard","meta":{"footnotes":""},"categories":[1515,1524,2,13,887,12],"tags":[1274,44,759,136],"_links":{"self":[{"href":"https:\/\/centralmedia.rs\/index.php\/wp-json\/wp\/v2\/posts\/18943"}],"collection":[{"href":"https:\/\/centralmedia.rs\/index.php\/wp-json\/wp\/v2\/posts"}],"about":[{"href":"https:\/\/centralmedia.rs\/index.php\/wp-json\/wp\/v2\/types\/post"}],"author":[{"embeddable":true,"href":"https:\/\/centralmedia.rs\/index.php\/wp-json\/wp\/v2\/users\/2"}],"replies":[{"embeddable":true,"href":"https:\/\/centralmedia.rs\/index.php\/wp-json\/wp\/v2\/comments?post=18943"}],"version-history":[{"count":2,"href":"https:\/\/centralmedia.rs\/index.php\/wp-json\/wp\/v2\/posts\/18943\/revisions"}],"predecessor-version":[{"id":18949,"href":"https:\/\/centralmedia.rs\/index.php\/wp-json\/wp\/v2\/posts\/18943\/revisions\/18949"}],"wp:featuredmedia":[{"embeddable":true,"href":"https:\/\/centralmedia.rs\/index.php\/wp-json\/wp\/v2\/media\/18944"}],"wp:attachment":[{"href":"https:\/\/centralmedia.rs\/index.php\/wp-json\/wp\/v2\/media?parent=18943"}],"wp:term":[{"taxonomy":"category","embeddable":true,"href":"https:\/\/centralmedia.rs\/index.php\/wp-json\/wp\/v2\/categories?post=18943"},{"taxonomy":"post_tag","embeddable":true,"href":"https:\/\/centralmedia.rs\/index.php\/wp-json\/wp\/v2\/tags?post=18943"}],"curies":[{"name":"wp","href":"https:\/\/api.w.org\/{rel}","templated":true}]}}