{"id":18984,"date":"2019-07-15T06:11:04","date_gmt":"2019-07-15T06:11:04","guid":{"rendered":"http:\/\/centralmedia.rs\/?p=18984"},"modified":"2019-07-22T17:54:05","modified_gmt":"2019-07-22T17:54:05","slug":"aleksa-milanovic-prvak-balkana-za-mlade-juniore","status":"publish","type":"post","link":"https:\/\/centralmedia.rs\/index.php\/2019\/07\/15\/aleksa-milanovic-prvak-balkana-za-mlade-juniore\/","title":{"rendered":"Aleksa Milanovi\u0107 prvak Balkana za mla\u0111e juniore"},"content":{"rendered":"<p>\u0106UPRIJA- Atleti\u010dar OAK Morava iz \u0106uprije Aleksa Milanovi\u0107 osvojio je zlatnu medalju na Prvenstvu Balkana u Turskoj za mla\u0111e juniore u trci na 3000 metara. Aleksa je na taj na\u010din potvrdio ulogu favorita, jer imao najbolje vreme ove godine u konkrenciji juniora. U\u00a0juniorskoj reprezentaciji Srbije su \u010dlanovi OAK Morava \u00a0Sre\u0107ko Milanovi\u0107 ,kao i trener Dragan Zdravkovi\u0107.<\/p>\n<div id='gallery-1' class='gallery galleryid-18984 gallery-columns-3 gallery-size-full'><figure class='gallery-item'>\n\t\t\t<div class='gallery-icon portrait'>\n\t\t\t\t<a href='https:\/\/centralmedia.rs\/index.php\/2019\/07\/15\/aleksa-milanovic-prvak-balkana-za-mlade-juniore\/aleksa-3\/'><img loading=\"lazy\" decoding=\"async\" width=\"720\" height=\"960\" src=\"https:\/\/centralmedia.rs\/wp-content\/uploads\/2019\/07\/aleksa.jpg\" class=\"attachment-full size-full\" alt=\"\" srcset=\"https:\/\/centralmedia.rs\/wp-content\/uploads\/2019\/07\/aleksa.jpg 720w, https:\/\/centralmedia.rs\/wp-content\/uploads\/2019\/07\/aleksa-225x300.jpg 225w, https:\/\/centralmedia.rs\/wp-content\/uploads\/2019\/07\/aleksa-315x420.jpg 315w, https:\/\/centralmedia.rs\/wp-content\/uploads\/2019\/07\/aleksa-640x853.jpg 640w, https:\/\/centralmedia.rs\/wp-content\/uploads\/2019\/07\/aleksa-681x908.jpg 681w\" sizes=\"(max-width: 720px) 100vw, 720px\" \/><\/a>\n\t\t\t<\/div><\/figure><figure class='gallery-item'>\n\t\t\t<div class='gallery-icon portrait'>\n\t\t\t\t<a href='https:\/\/centralmedia.rs\/index.php\/2019\/07\/15\/aleksa-milanovic-prvak-balkana-za-mlade-juniore\/aleksa1\/'><img loading=\"lazy\" decoding=\"async\" width=\"720\" height=\"960\" src=\"https:\/\/centralmedia.rs\/wp-content\/uploads\/2019\/07\/aleksa1.jpg\" class=\"attachment-full size-full\" alt=\"\" srcset=\"https:\/\/centralmedia.rs\/wp-content\/uploads\/2019\/07\/aleksa1.jpg 720w, https:\/\/centralmedia.rs\/wp-content\/uploads\/2019\/07\/aleksa1-225x300.jpg 225w, https:\/\/centralmedia.rs\/wp-content\/uploads\/2019\/07\/aleksa1-315x420.jpg 315w, https:\/\/centralmedia.rs\/wp-content\/uploads\/2019\/07\/aleksa1-640x853.jpg 640w, https:\/\/centralmedia.rs\/wp-content\/uploads\/2019\/07\/aleksa1-681x908.jpg 681w\" sizes=\"(max-width: 720px) 100vw, 720px\" \/><\/a>\n\t\t\t<\/div><\/figure><figure class='gallery-item'>\n\t\t\t<div class='gallery-icon portrait'>\n\t\t\t\t<a href='https:\/\/centralmedia.rs\/index.php\/2019\/07\/15\/aleksa-milanovic-prvak-balkana-za-mlade-juniore\/aleksa2\/'><img loading=\"lazy\" decoding=\"async\" width=\"720\" height=\"960\" src=\"https:\/\/centralmedia.rs\/wp-content\/uploads\/2019\/07\/aleksa2.jpg\" class=\"attachment-full size-full\" alt=\"\" srcset=\"https:\/\/centralmedia.rs\/wp-content\/uploads\/2019\/07\/aleksa2.jpg 720w, https:\/\/centralmedia.rs\/wp-content\/uploads\/2019\/07\/aleksa2-225x300.jpg 225w, https:\/\/centralmedia.rs\/wp-content\/uploads\/2019\/07\/aleksa2-315x420.jpg 315w, https:\/\/centralmedia.rs\/wp-content\/uploads\/2019\/07\/aleksa2-640x853.jpg 640w, https:\/\/centralmedia.rs\/wp-content\/uploads\/2019\/07\/aleksa2-681x908.jpg 681w\" sizes=\"(max-width: 720px) 100vw, 720px\" \/><\/a>\n\t\t\t<\/div><\/figure>\n\t\t<\/div>\n\n","protected":false},"excerpt":{"rendered":"<p>\u0106UPRIJA- Atleti\u010dar OAK Morava iz \u0106uprije Aleksa Milanovi\u0107 osvojio je zlatnu medalju na Prvenstvu Balkana u Turskoj za mla\u0111e juniore u trci na 3000 metara. &hellip; <\/p>\n","protected":false},"author":2,"featured_media":18985,"comment_status":"open","ping_status":"open","sticky":false,"template":"","format":"standard","meta":{"footnotes":""},"categories":[1515,1524,2,887,21,12],"tags":[2958,44,3889],"_links":{"self":[{"href":"https:\/\/centralmedia.rs\/index.php\/wp-json\/wp\/v2\/posts\/18984"}],"collection":[{"href":"https:\/\/centralmedia.rs\/index.php\/wp-json\/wp\/v2\/posts"}],"about":[{"href":"https:\/\/centralmedia.rs\/index.php\/wp-json\/wp\/v2\/types\/post"}],"author":[{"embeddable":true,"href":"https:\/\/centralmedia.rs\/index.php\/wp-json\/wp\/v2\/users\/2"}],"replies":[{"embeddable":true,"href":"https:\/\/centralmedia.rs\/index.php\/wp-json\/wp\/v2\/comments?post=18984"}],"version-history":[{"count":1,"href":"https:\/\/centralmedia.rs\/index.php\/wp-json\/wp\/v2\/posts\/18984\/revisions"}],"predecessor-version":[{"id":18989,"href":"https:\/\/centralmedia.rs\/index.php\/wp-json\/wp\/v2\/posts\/18984\/revisions\/18989"}],"wp:featuredmedia":[{"embeddable":true,"href":"https:\/\/centralmedia.rs\/index.php\/wp-json\/wp\/v2\/media\/18985"}],"wp:attachment":[{"href":"https:\/\/centralmedia.rs\/index.php\/wp-json\/wp\/v2\/media?parent=18984"}],"wp:term":[{"taxonomy":"category","embeddable":true,"href":"https:\/\/centralmedia.rs\/index.php\/wp-json\/wp\/v2\/categories?post=18984"},{"taxonomy":"post_tag","embeddable":true,"href":"https:\/\/centralmedia.rs\/index.php\/wp-json\/wp\/v2\/tags?post=18984"}],"curies":[{"name":"wp","href":"https:\/\/api.w.org\/{rel}","templated":true}]}}