{"id":18990,"date":"2019-07-15T06:23:31","date_gmt":"2019-07-15T06:23:31","guid":{"rendered":"http:\/\/centralmedia.rs\/?p=18990"},"modified":"2019-07-22T17:54:15","modified_gmt":"2019-07-22T17:54:15","slug":"5-biciklijada-u-cupriji-foto","status":"publish","type":"post","link":"https:\/\/centralmedia.rs\/index.php\/2019\/07\/15\/5-biciklijada-u-cupriji-foto\/","title":{"rendered":"5. BICIKLIJADA U \u0106UPRIJI (FOTO)"},"content":{"rendered":"<p>\u0106UPRIJA- Uprkos ki\u0161i u \u0106upriji je odr\u017eana 5. Biciklijada, ali uz kra\u0107i program koji su diktirali lo\u0161i vremenski uslovi. Odr\u017ean je defile bicikala gradskim ulicama i takmi\u010denje na poligonu spretnosti, najboljima su uru\u010dene simboli\u010dne nagrade. Ekipa para\u0107inskih ljubitelja dvoto\u010dka\u0161a plenili su svojim biciklima.<\/p>\n<p>&#8211; Od 2004. godine vozimo bicikle i re\u010d o veoma lepom sprotu koji pomera granice, pa tako znamo kolege koji su u devetoj deceniji \u017eivota i dalje voze bicikle. Vozimo do po nekoliko stotina kilometara po svim vremenskim uslovima, pri\u010da Dragan (61) iz Para\u0107ina.<\/p>\n<div id='gallery-1' class='gallery galleryid-18990 gallery-columns-4 gallery-size-full'><figure class='gallery-item'>\n\t\t\t<div class='gallery-icon landscape'>\n\t\t\t\t<a href='https:\/\/centralmedia.rs\/index.php\/2019\/07\/15\/5-biciklijada-u-cupriji-foto\/biciklijada1\/'><img loading=\"lazy\" decoding=\"async\" width=\"1280\" height=\"622\" src=\"https:\/\/centralmedia.rs\/wp-content\/uploads\/2019\/07\/biciklijada1.jpg\" class=\"attachment-full size-full\" alt=\"\" srcset=\"https:\/\/centralmedia.rs\/wp-content\/uploads\/2019\/07\/biciklijada1.jpg 1280w, https:\/\/centralmedia.rs\/wp-content\/uploads\/2019\/07\/biciklijada1-300x146.jpg 300w, https:\/\/centralmedia.rs\/wp-content\/uploads\/2019\/07\/biciklijada1-768x373.jpg 768w, https:\/\/centralmedia.rs\/wp-content\/uploads\/2019\/07\/biciklijada1-1024x498.jpg 1024w, https:\/\/centralmedia.rs\/wp-content\/uploads\/2019\/07\/biciklijada1-864x420.jpg 864w, https:\/\/centralmedia.rs\/wp-content\/uploads\/2019\/07\/biciklijada1-640x311.jpg 640w, https:\/\/centralmedia.rs\/wp-content\/uploads\/2019\/07\/biciklijada1-681x331.jpg 681w\" sizes=\"(max-width: 1280px) 100vw, 1280px\" \/><\/a>\n\t\t\t<\/div><\/figure><figure class='gallery-item'>\n\t\t\t<div class='gallery-icon landscape'>\n\t\t\t\t<a href='https:\/\/centralmedia.rs\/index.php\/2019\/07\/15\/5-biciklijada-u-cupriji-foto\/biciklijada2\/'><img loading=\"lazy\" decoding=\"async\" width=\"1280\" height=\"622\" src=\"https:\/\/centralmedia.rs\/wp-content\/uploads\/2019\/07\/biciklijada2.jpg\" class=\"attachment-full size-full\" alt=\"\" srcset=\"https:\/\/centralmedia.rs\/wp-content\/uploads\/2019\/07\/biciklijada2.jpg 1280w, https:\/\/centralmedia.rs\/wp-content\/uploads\/2019\/07\/biciklijada2-300x146.jpg 300w, https:\/\/centralmedia.rs\/wp-content\/uploads\/2019\/07\/biciklijada2-768x373.jpg 768w, https:\/\/centralmedia.rs\/wp-content\/uploads\/2019\/07\/biciklijada2-1024x498.jpg 1024w, https:\/\/centralmedia.rs\/wp-content\/uploads\/2019\/07\/biciklijada2-864x420.jpg 864w, https:\/\/centralmedia.rs\/wp-content\/uploads\/2019\/07\/biciklijada2-640x311.jpg 640w, https:\/\/centralmedia.rs\/wp-content\/uploads\/2019\/07\/biciklijada2-681x331.jpg 681w\" sizes=\"(max-width: 1280px) 100vw, 1280px\" \/><\/a>\n\t\t\t<\/div><\/figure><figure class='gallery-item'>\n\t\t\t<div class='gallery-icon landscape'>\n\t\t\t\t<a href='https:\/\/centralmedia.rs\/index.php\/2019\/07\/15\/5-biciklijada-u-cupriji-foto\/biciklijada3\/'><img loading=\"lazy\" decoding=\"async\" width=\"1280\" height=\"622\" src=\"https:\/\/centralmedia.rs\/wp-content\/uploads\/2019\/07\/biciklijada3.jpg\" class=\"attachment-full size-full\" alt=\"\" srcset=\"https:\/\/centralmedia.rs\/wp-content\/uploads\/2019\/07\/biciklijada3.jpg 1280w, https:\/\/centralmedia.rs\/wp-content\/uploads\/2019\/07\/biciklijada3-300x146.jpg 300w, https:\/\/centralmedia.rs\/wp-content\/uploads\/2019\/07\/biciklijada3-768x373.jpg 768w, https:\/\/centralmedia.rs\/wp-content\/uploads\/2019\/07\/biciklijada3-1024x498.jpg 1024w, https:\/\/centralmedia.rs\/wp-content\/uploads\/2019\/07\/biciklijada3-864x420.jpg 864w, https:\/\/centralmedia.rs\/wp-content\/uploads\/2019\/07\/biciklijada3-640x311.jpg 640w, https:\/\/centralmedia.rs\/wp-content\/uploads\/2019\/07\/biciklijada3-681x331.jpg 681w\" sizes=\"(max-width: 1280px) 100vw, 1280px\" \/><\/a>\n\t\t\t<\/div><\/figure><figure class='gallery-item'>\n\t\t\t<div class='gallery-icon landscape'>\n\t\t\t\t<a href='https:\/\/centralmedia.rs\/index.php\/2019\/07\/15\/5-biciklijada-u-cupriji-foto\/biciklijada4\/'><img loading=\"lazy\" decoding=\"async\" width=\"1280\" height=\"622\" src=\"https:\/\/centralmedia.rs\/wp-content\/uploads\/2019\/07\/biciklijada4.jpg\" class=\"attachment-full size-full\" alt=\"\" srcset=\"https:\/\/centralmedia.rs\/wp-content\/uploads\/2019\/07\/biciklijada4.jpg 1280w, https:\/\/centralmedia.rs\/wp-content\/uploads\/2019\/07\/biciklijada4-300x146.jpg 300w, https:\/\/centralmedia.rs\/wp-content\/uploads\/2019\/07\/biciklijada4-768x373.jpg 768w, https:\/\/centralmedia.rs\/wp-content\/uploads\/2019\/07\/biciklijada4-1024x498.jpg 1024w, https:\/\/centralmedia.rs\/wp-content\/uploads\/2019\/07\/biciklijada4-864x420.jpg 864w, https:\/\/centralmedia.rs\/wp-content\/uploads\/2019\/07\/biciklijada4-640x311.jpg 640w, https:\/\/centralmedia.rs\/wp-content\/uploads\/2019\/07\/biciklijada4-681x331.jpg 681w\" sizes=\"(max-width: 1280px) 100vw, 1280px\" \/><\/a>\n\t\t\t<\/div><\/figure>\n\t\t<\/div>\n\n","protected":false},"excerpt":{"rendered":"<p>\u0106UPRIJA- Uprkos ki\u0161i u \u0106upriji je odr\u017eana 5. Biciklijada, ali uz kra\u0107i program koji su diktirali lo\u0161i vremenski uslovi. Odr\u017ean je defile bicikala gradskim ulicama &hellip; <\/p>\n","protected":false},"author":2,"featured_media":18991,"comment_status":"open","ping_status":"open","sticky":false,"template":"","format":"standard","meta":{"footnotes":""},"categories":[1515,1524,2,887,21,12],"tags":[2002,44],"_links":{"self":[{"href":"https:\/\/centralmedia.rs\/index.php\/wp-json\/wp\/v2\/posts\/18990"}],"collection":[{"href":"https:\/\/centralmedia.rs\/index.php\/wp-json\/wp\/v2\/posts"}],"about":[{"href":"https:\/\/centralmedia.rs\/index.php\/wp-json\/wp\/v2\/types\/post"}],"author":[{"embeddable":true,"href":"https:\/\/centralmedia.rs\/index.php\/wp-json\/wp\/v2\/users\/2"}],"replies":[{"embeddable":true,"href":"https:\/\/centralmedia.rs\/index.php\/wp-json\/wp\/v2\/comments?post=18990"}],"version-history":[{"count":1,"href":"https:\/\/centralmedia.rs\/index.php\/wp-json\/wp\/v2\/posts\/18990\/revisions"}],"predecessor-version":[{"id":18996,"href":"https:\/\/centralmedia.rs\/index.php\/wp-json\/wp\/v2\/posts\/18990\/revisions\/18996"}],"wp:featuredmedia":[{"embeddable":true,"href":"https:\/\/centralmedia.rs\/index.php\/wp-json\/wp\/v2\/media\/18991"}],"wp:attachment":[{"href":"https:\/\/centralmedia.rs\/index.php\/wp-json\/wp\/v2\/media?parent=18990"}],"wp:term":[{"taxonomy":"category","embeddable":true,"href":"https:\/\/centralmedia.rs\/index.php\/wp-json\/wp\/v2\/categories?post=18990"},{"taxonomy":"post_tag","embeddable":true,"href":"https:\/\/centralmedia.rs\/index.php\/wp-json\/wp\/v2\/tags?post=18990"}],"curies":[{"name":"wp","href":"https:\/\/api.w.org\/{rel}","templated":true}]}}