{"id":19006,"date":"2019-07-17T13:20:20","date_gmt":"2019-07-17T13:20:20","guid":{"rendered":"http:\/\/centralmedia.rs\/?p=19006"},"modified":"2019-07-22T17:54:41","modified_gmt":"2019-07-22T17:54:41","slug":"deca-iz-pravoslavnog-kampa-prijateljstva-u-manastiru-ravanica-i-jagodinskom-akva-parku","status":"publish","type":"post","link":"https:\/\/centralmedia.rs\/index.php\/2019\/07\/17\/deca-iz-pravoslavnog-kampa-prijateljstva-u-manastiru-ravanica-i-jagodinskom-akva-parku\/","title":{"rendered":"DECA IZ PRAVOSLAVNOG KAMPA ,,PRIJATELJSTVO&#8221; U MANASTIRU RAVANICA I JAGODINSKOM AKVA PARKU"},"content":{"rendered":"<p>JAGODINA- Preko 150 dece iz pravoslavnog kampa ,,Prijateljstvo&#8221;, koji se 10 godina odr\u017eava u organizaciji manastira Hilandar, danas su boravili u manastiru Ravanica kod \u0106uprije i Akva parku u Jagodini.<\/p>\n<p>-Manastir Hilandar kao ku\u0107a svih Srba, kao najzna\u010dajnija srpska duhovna instiucija, \u017eeli da okupi na jednom mestu iz ugro\u017eenih podru\u010dja. Svake godine smo u drugom mestu, pro\u0161le godine Zlatibor, predhodnbih godina u Gr\u010dkoj, ove na Avali. I mogu da ka\u017eem da je najve\u0107i pravoslavni kamp u Evropi, jer se na jednom mestu okuplja 350 dece iz Knina, Pakraca, KIM i Stare Srbije. Mnogo malo nas zna da u Kumanovu ili selu Ku\u010devi\u0161te \u017eivi na hiljade Srba, koje na\u017ealost niko nije ni obi\u0161ao. \u017delimo da ih okupimo na jednom mestu, da poka\u017eemo da Hilandar i Srbija misle na njih.<\/p>\n<p>Oni svakog dana imaju u programu obilaske srpskih svetinja, kulturnih institucija i gradova. Jedan od doma\u0107ina u Jagodina bio je Nikola Radosavljevi\u0107, predsednik gradskog odbora SNS.<\/p>\n<p>-Pripala mi je \u010dast da ugostim decu iz Knina, KIM i Stare Srbije iz Kumanova. Ova deca pokazuju jedinstvo srpskog naroda, pokazuju simboliku da je Srbija i tamo gde danas nije u okvirima na\u0161ih granica, ali da svuda gde se nalaze srpska deca nalazi se i Srbija. Ovo je najlep\u0161i doga\u0111aj za Jagodinu, zahvalju\u0107i manastiru Hilandar. Svi ljudi dobre volje imaju neprekidnu vezu i ona se zove Hilandar, rekao je Radosavljevi\u0107.<\/p>\n<div id='gallery-1' class='gallery galleryid-19006 gallery-columns-5 gallery-size-thumbnail'><figure class='gallery-item'>\n\t\t\t<div class='gallery-icon landscape'>\n\t\t\t\t<a href='https:\/\/centralmedia.rs\/index.php\/2019\/07\/17\/deca-iz-pravoslavnog-kampa-prijateljstva-u-manastiru-ravanica-i-jagodinskom-akva-parku\/kamp\/'><img loading=\"lazy\" decoding=\"async\" width=\"150\" height=\"150\" src=\"https:\/\/centralmedia.rs\/wp-content\/uploads\/2019\/07\/kamp-150x150.jpg\" class=\"attachment-thumbnail size-thumbnail\" alt=\"\" \/><\/a>\n\t\t\t<\/div><\/figure><figure class='gallery-item'>\n\t\t\t<div class='gallery-icon landscape'>\n\t\t\t\t<a href='https:\/\/centralmedia.rs\/index.php\/2019\/07\/17\/deca-iz-pravoslavnog-kampa-prijateljstva-u-manastiru-ravanica-i-jagodinskom-akva-parku\/kamp1\/'><img loading=\"lazy\" decoding=\"async\" width=\"150\" height=\"150\" src=\"https:\/\/centralmedia.rs\/wp-content\/uploads\/2019\/07\/kamp1-150x150.jpg\" class=\"attachment-thumbnail size-thumbnail\" alt=\"\" \/><\/a>\n\t\t\t<\/div><\/figure><figure class='gallery-item'>\n\t\t\t<div class='gallery-icon landscape'>\n\t\t\t\t<a href='https:\/\/centralmedia.rs\/index.php\/2019\/07\/17\/deca-iz-pravoslavnog-kampa-prijateljstva-u-manastiru-ravanica-i-jagodinskom-akva-parku\/kamp3\/'><img loading=\"lazy\" decoding=\"async\" width=\"150\" height=\"150\" src=\"https:\/\/centralmedia.rs\/wp-content\/uploads\/2019\/07\/kamp3-150x150.jpg\" class=\"attachment-thumbnail size-thumbnail\" alt=\"\" \/><\/a>\n\t\t\t<\/div><\/figure><figure class='gallery-item'>\n\t\t\t<div class='gallery-icon landscape'>\n\t\t\t\t<a href='https:\/\/centralmedia.rs\/index.php\/2019\/07\/17\/deca-iz-pravoslavnog-kampa-prijateljstva-u-manastiru-ravanica-i-jagodinskom-akva-parku\/kamp4\/'><img loading=\"lazy\" decoding=\"async\" width=\"150\" height=\"150\" src=\"https:\/\/centralmedia.rs\/wp-content\/uploads\/2019\/07\/kamp4-150x150.jpg\" class=\"attachment-thumbnail size-thumbnail\" alt=\"\" \/><\/a>\n\t\t\t<\/div><\/figure><figure class='gallery-item'>\n\t\t\t<div class='gallery-icon landscape'>\n\t\t\t\t<a href='https:\/\/centralmedia.rs\/index.php\/2019\/07\/17\/deca-iz-pravoslavnog-kampa-prijateljstva-u-manastiru-ravanica-i-jagodinskom-akva-parku\/kamp2\/'><img loading=\"lazy\" decoding=\"async\" width=\"150\" height=\"150\" src=\"https:\/\/centralmedia.rs\/wp-content\/uploads\/2019\/07\/kamp2-150x150.jpg\" class=\"attachment-thumbnail size-thumbnail\" alt=\"\" \/><\/a>\n\t\t\t<\/div><\/figure>\n\t\t<\/div>\n\n","protected":false},"excerpt":{"rendered":"<p>JAGODINA- Preko 150 dece iz pravoslavnog kampa ,,Prijateljstvo&#8221;, koji se 10 godina odr\u017eava u organizaciji manastira Hilandar, danas su boravili u manastiru Ravanica kod \u0106uprije &hellip; <\/p>\n","protected":false},"author":2,"featured_media":19007,"comment_status":"open","ping_status":"open","sticky":false,"template":"","format":"standard","meta":{"footnotes":""},"categories":[14,1524,2,1514,12],"tags":[862,150,3891,386],"_links":{"self":[{"href":"https:\/\/centralmedia.rs\/index.php\/wp-json\/wp\/v2\/posts\/19006"}],"collection":[{"href":"https:\/\/centralmedia.rs\/index.php\/wp-json\/wp\/v2\/posts"}],"about":[{"href":"https:\/\/centralmedia.rs\/index.php\/wp-json\/wp\/v2\/types\/post"}],"author":[{"embeddable":true,"href":"https:\/\/centralmedia.rs\/index.php\/wp-json\/wp\/v2\/users\/2"}],"replies":[{"embeddable":true,"href":"https:\/\/centralmedia.rs\/index.php\/wp-json\/wp\/v2\/comments?post=19006"}],"version-history":[{"count":2,"href":"https:\/\/centralmedia.rs\/index.php\/wp-json\/wp\/v2\/posts\/19006\/revisions"}],"predecessor-version":[{"id":19013,"href":"https:\/\/centralmedia.rs\/index.php\/wp-json\/wp\/v2\/posts\/19006\/revisions\/19013"}],"wp:featuredmedia":[{"embeddable":true,"href":"https:\/\/centralmedia.rs\/index.php\/wp-json\/wp\/v2\/media\/19007"}],"wp:attachment":[{"href":"https:\/\/centralmedia.rs\/index.php\/wp-json\/wp\/v2\/media?parent=19006"}],"wp:term":[{"taxonomy":"category","embeddable":true,"href":"https:\/\/centralmedia.rs\/index.php\/wp-json\/wp\/v2\/categories?post=19006"},{"taxonomy":"post_tag","embeddable":true,"href":"https:\/\/centralmedia.rs\/index.php\/wp-json\/wp\/v2\/tags?post=19006"}],"curies":[{"name":"wp","href":"https:\/\/api.w.org\/{rel}","templated":true}]}}