{"id":19014,"date":"2019-07-17T21:13:22","date_gmt":"2019-07-17T21:13:22","guid":{"rendered":"http:\/\/centralmedia.rs\/?p=19014"},"modified":"2019-07-22T17:54:49","modified_gmt":"2019-07-22T17:54:49","slug":"milion-evra-u-tri-svilajnacka-sela","status":"publish","type":"post","link":"https:\/\/centralmedia.rs\/index.php\/2019\/07\/17\/milion-evra-u-tri-svilajnacka-sela\/","title":{"rendered":"MILION EVRA U TRI SVILAJNA\u010cKA SELA"},"content":{"rendered":"<p>SVILAJANC- Osnovna \u0161kola u Grabovcu kod Svilajnca bi\u0107e potpuno rekonstruisana. Re\u010d je o radovima na \u00a0zameni unutra\u0161nje i spolja\u0161nje stolarije, molerskim radovma, sanaciji vlage u zidovima, postavljanje novih podnih obloga, termoizolaciji i izradi nove fasade, sanaciji mokrih \u010dvorova, zameni oluka, postavljanju nove rasvete i prilazne staze, novim kotlovima i ma\u0161inskoj instalaciji. Predsednik op\u0161tine Svilajnac, Predrag Milanovi\u0107, obi\u0161ao je ove radove i tom prilikom istakao da \u0107e 4 seoske \u0161kole biti rekonstruisane.<br \/>\n-Novac za rekonstrukciju \u0161kola u Grabovcu, Glo\u017eanu, Dubnici i Bobovu smo obezbedili iz op\u0161tinskog bud\u017eeta, dok smo za \u0161kolu u Bobovu dobili i sredstva od Ministarstva rudarstva i energetike, precizirao je on.<\/p>\n<div id='gallery-1' class='gallery galleryid-19014 gallery-columns-5 gallery-size-thumbnail'><figure class='gallery-item'>\n\t\t\t<div class='gallery-icon landscape'>\n\t\t\t\t<a href='https:\/\/centralmedia.rs\/index.php\/2019\/07\/17\/milion-evra-u-tri-svilajnacka-sela\/grabovac\/'><img loading=\"lazy\" decoding=\"async\" width=\"150\" height=\"150\" src=\"https:\/\/centralmedia.rs\/wp-content\/uploads\/2019\/07\/grabovac-150x150.jpg\" class=\"attachment-thumbnail size-thumbnail\" alt=\"\" \/><\/a>\n\t\t\t<\/div><\/figure><figure class='gallery-item'>\n\t\t\t<div class='gallery-icon landscape'>\n\t\t\t\t<a href='https:\/\/centralmedia.rs\/index.php\/2019\/07\/17\/milion-evra-u-tri-svilajnacka-sela\/grabovac1\/'><img loading=\"lazy\" decoding=\"async\" width=\"150\" height=\"150\" src=\"https:\/\/centralmedia.rs\/wp-content\/uploads\/2019\/07\/grabovac1-150x150.jpg\" class=\"attachment-thumbnail size-thumbnail\" alt=\"\" \/><\/a>\n\t\t\t<\/div><\/figure><figure class='gallery-item'>\n\t\t\t<div class='gallery-icon landscape'>\n\t\t\t\t<a href='https:\/\/centralmedia.rs\/index.php\/2019\/07\/17\/milion-evra-u-tri-svilajnacka-sela\/grabovac2\/'><img loading=\"lazy\" decoding=\"async\" width=\"150\" height=\"150\" src=\"https:\/\/centralmedia.rs\/wp-content\/uploads\/2019\/07\/grabovac2-150x150.jpg\" class=\"attachment-thumbnail size-thumbnail\" alt=\"\" \/><\/a>\n\t\t\t<\/div><\/figure><figure class='gallery-item'>\n\t\t\t<div class='gallery-icon landscape'>\n\t\t\t\t<a href='https:\/\/centralmedia.rs\/index.php\/2019\/07\/17\/milion-evra-u-tri-svilajnacka-sela\/grabovac3\/'><img loading=\"lazy\" decoding=\"async\" width=\"150\" height=\"150\" src=\"https:\/\/centralmedia.rs\/wp-content\/uploads\/2019\/07\/grabovac3-150x150.jpg\" class=\"attachment-thumbnail size-thumbnail\" alt=\"\" \/><\/a>\n\t\t\t<\/div><\/figure><figure class='gallery-item'>\n\t\t\t<div class='gallery-icon landscape'>\n\t\t\t\t<a href='https:\/\/centralmedia.rs\/index.php\/2019\/07\/17\/milion-evra-u-tri-svilajnacka-sela\/grabovac4\/'><img loading=\"lazy\" decoding=\"async\" width=\"150\" height=\"150\" src=\"https:\/\/centralmedia.rs\/wp-content\/uploads\/2019\/07\/grabovac4-150x150.jpg\" class=\"attachment-thumbnail size-thumbnail\" alt=\"\" \/><\/a>\n\t\t\t<\/div><\/figure>\n\t\t<\/div>\n\n<p>U toku su i radovi na sekundarnoj kanalizacionoj mre\u017ei u Grabovcu, paralelno sa radovima u Dublju i Crkvencu.<br \/>\n&#8211; Ogromna sredstva su ulo\u017eena u ove radove, a u planu nam je da ove godine investiramo preko milion evra u ova tri sela. Tako\u0111e, planiramo i po\u010detak izrade kanalizacije u Ku\u0161iljevu, \u010dime \u0107e po zavr\u0161etku radova oko 65 odsto gra\u0111ana imati mogu\u0107nost da se priklju\u010di na kanalizacionu mre\u017eu, zaklju\u010dio \u00a0je Milanovi\u0107.<\/p>\n","protected":false},"excerpt":{"rendered":"<p>SVILAJANC- Osnovna \u0161kola u Grabovcu kod Svilajnca bi\u0107e potpuno rekonstruisana. Re\u010d je o radovima na \u00a0zameni unutra\u0161nje i spolja\u0161nje stolarije, molerskim radovma, sanaciji vlage u &hellip; <\/p>\n","protected":false},"author":2,"featured_media":19015,"comment_status":"open","ping_status":"open","sticky":false,"template":"","format":"standard","meta":{"footnotes":""},"categories":[14,1524,2,887,12,1517],"tags":[3887,909,38],"_links":{"self":[{"href":"https:\/\/centralmedia.rs\/index.php\/wp-json\/wp\/v2\/posts\/19014"}],"collection":[{"href":"https:\/\/centralmedia.rs\/index.php\/wp-json\/wp\/v2\/posts"}],"about":[{"href":"https:\/\/centralmedia.rs\/index.php\/wp-json\/wp\/v2\/types\/post"}],"author":[{"embeddable":true,"href":"https:\/\/centralmedia.rs\/index.php\/wp-json\/wp\/v2\/users\/2"}],"replies":[{"embeddable":true,"href":"https:\/\/centralmedia.rs\/index.php\/wp-json\/wp\/v2\/comments?post=19014"}],"version-history":[{"count":1,"href":"https:\/\/centralmedia.rs\/index.php\/wp-json\/wp\/v2\/posts\/19014\/revisions"}],"predecessor-version":[{"id":19020,"href":"https:\/\/centralmedia.rs\/index.php\/wp-json\/wp\/v2\/posts\/19014\/revisions\/19020"}],"wp:featuredmedia":[{"embeddable":true,"href":"https:\/\/centralmedia.rs\/index.php\/wp-json\/wp\/v2\/media\/19015"}],"wp:attachment":[{"href":"https:\/\/centralmedia.rs\/index.php\/wp-json\/wp\/v2\/media?parent=19014"}],"wp:term":[{"taxonomy":"category","embeddable":true,"href":"https:\/\/centralmedia.rs\/index.php\/wp-json\/wp\/v2\/categories?post=19014"},{"taxonomy":"post_tag","embeddable":true,"href":"https:\/\/centralmedia.rs\/index.php\/wp-json\/wp\/v2\/tags?post=19014"}],"curies":[{"name":"wp","href":"https:\/\/api.w.org\/{rel}","templated":true}]}}