{"id":19026,"date":"2019-07-19T15:50:18","date_gmt":"2019-07-19T15:50:18","guid":{"rendered":"http:\/\/centralmedia.rs\/?p=19026"},"modified":"2019-07-22T17:55:06","modified_gmt":"2019-07-22T17:55:06","slug":"odrzana-sednica-poslovnog-saveta-opstine-cuprija","status":"publish","type":"post","link":"https:\/\/centralmedia.rs\/index.php\/2019\/07\/19\/odrzana-sednica-poslovnog-saveta-opstine-cuprija\/","title":{"rendered":"Odr\u017eana sednica Poslovnog saveta op\u0161tine \u0106uprija"},"content":{"rendered":"<p>\u0106UPRIJA- Dopuna Poslovnika o radu Poslovnog saveta op\u0161tine \u0106uprija, Pitanja i odgovori, kao i Prezentacija rezultata ankete koju su popunjavali \u010dlanovi \u0107uprijske poslovne zajednice, bile su glavne ta\u010dke dnevnog reda Tre\u0107e sednice Poslovnog saveta op\u0161tine \u0106uprija, koja je danas odr\u017eana u sali za sastanke Op\u0161tinske uprave. Osim predsednika saveta Petra Sto\u0161i\u0107a i predsednika Op\u0161tine \u0106uprija Ninoslava Eri\u0107a, te njegovog zamenika Ilije Paunovi\u0107a, dana\u0161njoj sednici prisustvalo je i 19 \u010dlanova Poslovnog saveta.<\/p>\n<div id='gallery-1' class='gallery galleryid-19026 gallery-columns-3 gallery-size-full'><figure class='gallery-item'>\n\t\t\t<div class='gallery-icon landscape'>\n\t\t\t\t<a href='https:\/\/centralmedia.rs\/index.php\/2019\/07\/19\/odrzana-sednica-poslovnog-saveta-opstine-cuprija\/dsc_0159\/'><img loading=\"lazy\" decoding=\"async\" width=\"2992\" height=\"2000\" src=\"https:\/\/centralmedia.rs\/wp-content\/uploads\/2019\/07\/DSC_0159.jpg\" class=\"attachment-full size-full\" alt=\"\" srcset=\"https:\/\/centralmedia.rs\/wp-content\/uploads\/2019\/07\/DSC_0159.jpg 2992w, https:\/\/centralmedia.rs\/wp-content\/uploads\/2019\/07\/DSC_0159-300x201.jpg 300w, https:\/\/centralmedia.rs\/wp-content\/uploads\/2019\/07\/DSC_0159-768x513.jpg 768w, https:\/\/centralmedia.rs\/wp-content\/uploads\/2019\/07\/DSC_0159-1024x684.jpg 1024w, https:\/\/centralmedia.rs\/wp-content\/uploads\/2019\/07\/DSC_0159-628x420.jpg 628w, https:\/\/centralmedia.rs\/wp-content\/uploads\/2019\/07\/DSC_0159-537x360.jpg 537w, https:\/\/centralmedia.rs\/wp-content\/uploads\/2019\/07\/DSC_0159-640x428.jpg 640w, https:\/\/centralmedia.rs\/wp-content\/uploads\/2019\/07\/DSC_0159-681x455.jpg 681w\" sizes=\"(max-width: 2992px) 100vw, 2992px\" \/><\/a>\n\t\t\t<\/div><\/figure><figure class='gallery-item'>\n\t\t\t<div class='gallery-icon landscape'>\n\t\t\t\t<a href='https:\/\/centralmedia.rs\/index.php\/2019\/07\/19\/odrzana-sednica-poslovnog-saveta-opstine-cuprija\/dsc_0161\/'><img loading=\"lazy\" decoding=\"async\" width=\"2992\" height=\"2000\" src=\"https:\/\/centralmedia.rs\/wp-content\/uploads\/2019\/07\/DSC_0161.jpg\" class=\"attachment-full size-full\" alt=\"\" srcset=\"https:\/\/centralmedia.rs\/wp-content\/uploads\/2019\/07\/DSC_0161.jpg 2992w, https:\/\/centralmedia.rs\/wp-content\/uploads\/2019\/07\/DSC_0161-300x201.jpg 300w, https:\/\/centralmedia.rs\/wp-content\/uploads\/2019\/07\/DSC_0161-768x513.jpg 768w, https:\/\/centralmedia.rs\/wp-content\/uploads\/2019\/07\/DSC_0161-1024x684.jpg 1024w, https:\/\/centralmedia.rs\/wp-content\/uploads\/2019\/07\/DSC_0161-628x420.jpg 628w, https:\/\/centralmedia.rs\/wp-content\/uploads\/2019\/07\/DSC_0161-537x360.jpg 537w, https:\/\/centralmedia.rs\/wp-content\/uploads\/2019\/07\/DSC_0161-640x428.jpg 640w, https:\/\/centralmedia.rs\/wp-content\/uploads\/2019\/07\/DSC_0161-681x455.jpg 681w\" sizes=\"(max-width: 2992px) 100vw, 2992px\" \/><\/a>\n\t\t\t<\/div><\/figure><figure class='gallery-item'>\n\t\t\t<div class='gallery-icon landscape'>\n\t\t\t\t<a href='https:\/\/centralmedia.rs\/index.php\/2019\/07\/19\/odrzana-sednica-poslovnog-saveta-opstine-cuprija\/dsc_0162\/'><img loading=\"lazy\" decoding=\"async\" width=\"2992\" height=\"2000\" src=\"https:\/\/centralmedia.rs\/wp-content\/uploads\/2019\/07\/DSC_0162.jpg\" class=\"attachment-full size-full\" alt=\"\" srcset=\"https:\/\/centralmedia.rs\/wp-content\/uploads\/2019\/07\/DSC_0162.jpg 2992w, https:\/\/centralmedia.rs\/wp-content\/uploads\/2019\/07\/DSC_0162-300x201.jpg 300w, https:\/\/centralmedia.rs\/wp-content\/uploads\/2019\/07\/DSC_0162-768x513.jpg 768w, https:\/\/centralmedia.rs\/wp-content\/uploads\/2019\/07\/DSC_0162-1024x684.jpg 1024w, https:\/\/centralmedia.rs\/wp-content\/uploads\/2019\/07\/DSC_0162-628x420.jpg 628w, https:\/\/centralmedia.rs\/wp-content\/uploads\/2019\/07\/DSC_0162-537x360.jpg 537w, https:\/\/centralmedia.rs\/wp-content\/uploads\/2019\/07\/DSC_0162-640x428.jpg 640w, https:\/\/centralmedia.rs\/wp-content\/uploads\/2019\/07\/DSC_0162-681x455.jpg 681w\" sizes=\"(max-width: 2992px) 100vw, 2992px\" \/><\/a>\n\t\t\t<\/div><\/figure>\n\t\t<\/div>\n\n<p>Prema o\u010dekivanju, \u010dlanovi Poslovnog saveta najvi\u0161e vremena na dana\u0161njoj sednici posvetili su pitanjima, sugestijama i predlozima koji su bili upu\u0107eni predsedniku Eri\u0107u. Pre svega, \u0107uprijski privrednici insistirali su na tome da jo\u0161 ja\u010de budu povezani sa stranim investitorima, a jedna od ideja \u2013 jednoglasno pozdravljena \u2013 bila je da se \u0161to pre izradi bilten u kome \u0107e biti prezentovani svi \u0107uprijski privrednici i preduzetnici, sa svojim referencama, kako bi strani investitori koji dolaze u \u0106upriju imali uvid u svoje potencijalne poslovne partnere. Tako\u0111e, \u0107uprijska poslovna zajednica jo\u0161 jednom je zatra\u017eila da njeni \u010dlanovi imaju isti tretman kao i strani investitori, a bilo je re\u010di i o problemima sa kojima se susre\u0107u privrednici iz Poslovnog saveta op\u0161tine \u0106uprija, pre svega u poslovima sa Slu\u017ebom za katastar nepokretnosti Republi\u010dkog geodetskog zavoda. Jo\u0161 jedna od va\u017enih tema koja je obuhva\u0107ena ovom ta\u010dkom dnevnog reda odnosila se na neophodnost dualnog obrazovanja i, s tim u vezi, na nedostatak kadrova u nekim sektorima. Predsednik Eri\u0107 je, repliciraju\u0107i na iznete sugestije, rekao kako su on i njegov kabinet tu za svaki problem koji se javi kod \u0107uprijskih privrednika i preduzetnika, jo\u0161 jednom apostrofiraju\u0107i ve\u0107 vi\u0161e puta ponovljeno \u201eda je nama privreda na prvom mestu\u201c.<\/p>\n<p>\u0160to se ti\u010de Poslovnika o radu Poslovnog saveta op\u0161tine \u0106uprija, ovaj dokument je izmenjen u delu koji se odnosi na kvorum, a tako\u0111e, kako je rekao Petar Sto\u0161i\u0107, dopuna Poslovnika morala je da usledi i u vezi sa na\u010dinom izbora \u010dlanova Poslovnog saveta, jer do sada dokument koji propisuje organizaciju i na\u010din rada saveta uop\u0161te nije sadr\u017eao ta\u010dku koja se bavila time ko i pod kojim uslovima mo\u017ee da postane deo institucionalne poslovne zajednice, odnosno \u2013 \u010dlan Poslovnog saveta op\u0161tine \u0106uprija.<\/p>\n<p>Treba re\u0107i da je danas prezentovan i bilten Odseka za lokalni ekonomski razvoj \u201eAnketa o poslovnoj zajednici 2019\u201c, u kome se, izme\u0111u ostalog, ka\u017ee da su kod anketiranih najtra\u017eenije arhitekte i in\u017eenjeri tehni\u010dke struke, ali i da su im izra\u017eene potrebe za srednjim stru\u010dnim kadrom hemijskog i ma\u0161inskog smera, zatim za gra\u0111evinskim radnicima, stolarima (sa i bez iskustva), in\u017eenjerima obrade drveta, ma\u0161inbravarima, variocima, fizi\u010dkim radnicima, sekretaricama i nekvalifikovanim radnicima sa iskustvom u sto\u010darstvu.<\/p>\n<p>Slede\u0107a sednica Poslovnog saveta op\u0161tine \u0106uprija, kako je moglo da se \u010duje, bi\u0107e odr\u017eana septembra, kada bi \u010dlanovi poslovne zajednice trebalo da iznesu svoje predloge u vezi sa bud\u017eetom op\u0161tine za 2020. godinu, kada bi, ve\u0107 je izvesno, privredu \u0106uprije moglo da o\u010dekuje i odre\u0111eno rastere\u0107enje, pre svega kroz smanjenje nekih op\u0161tinskih taksa.<\/p>\n<p>&nbsp;<\/p>\n<p>&nbsp;<\/p>\n","protected":false},"excerpt":{"rendered":"<p>\u0106UPRIJA- Dopuna Poslovnika o radu Poslovnog saveta op\u0161tine \u0106uprija, Pitanja i odgovori, kao i Prezentacija rezultata ankete koju su popunjavali \u010dlanovi \u0107uprijske poslovne zajednice, bile &hellip; <\/p>\n","protected":false},"author":2,"featured_media":19027,"comment_status":"open","ping_status":"open","sticky":false,"template":"","format":"standard","meta":{"footnotes":""},"categories":[22,1515,1524,2,887,12],"tags":[44,3269,1376],"_links":{"self":[{"href":"https:\/\/centralmedia.rs\/index.php\/wp-json\/wp\/v2\/posts\/19026"}],"collection":[{"href":"https:\/\/centralmedia.rs\/index.php\/wp-json\/wp\/v2\/posts"}],"about":[{"href":"https:\/\/centralmedia.rs\/index.php\/wp-json\/wp\/v2\/types\/post"}],"author":[{"embeddable":true,"href":"https:\/\/centralmedia.rs\/index.php\/wp-json\/wp\/v2\/users\/2"}],"replies":[{"embeddable":true,"href":"https:\/\/centralmedia.rs\/index.php\/wp-json\/wp\/v2\/comments?post=19026"}],"version-history":[{"count":1,"href":"https:\/\/centralmedia.rs\/index.php\/wp-json\/wp\/v2\/posts\/19026\/revisions"}],"predecessor-version":[{"id":19031,"href":"https:\/\/centralmedia.rs\/index.php\/wp-json\/wp\/v2\/posts\/19026\/revisions\/19031"}],"wp:featuredmedia":[{"embeddable":true,"href":"https:\/\/centralmedia.rs\/index.php\/wp-json\/wp\/v2\/media\/19027"}],"wp:attachment":[{"href":"https:\/\/centralmedia.rs\/index.php\/wp-json\/wp\/v2\/media?parent=19026"}],"wp:term":[{"taxonomy":"category","embeddable":true,"href":"https:\/\/centralmedia.rs\/index.php\/wp-json\/wp\/v2\/categories?post=19026"},{"taxonomy":"post_tag","embeddable":true,"href":"https:\/\/centralmedia.rs\/index.php\/wp-json\/wp\/v2\/tags?post=19026"}],"curies":[{"name":"wp","href":"https:\/\/api.w.org\/{rel}","templated":true}]}}