{"id":19032,"date":"2019-07-19T16:13:23","date_gmt":"2019-07-19T16:13:23","guid":{"rendered":"http:\/\/centralmedia.rs\/?p=19032"},"modified":"2019-07-22T17:55:13","modified_gmt":"2019-07-22T17:55:13","slug":"dom-kulture-u-roandi","status":"publish","type":"post","link":"https:\/\/centralmedia.rs\/index.php\/2019\/07\/19\/dom-kulture-u-roandi\/","title":{"rendered":"DOM KULTURE U ROANDI"},"content":{"rendered":"<p>SVILAJNAC- U Roandi su u toku radovi na novom objektu Doma kulture, gde \u0107e biti i kancelarija mesne zajednice. Predrag Milanovi\u0107, predsednik op\u0161tine Svilajnac, je prilikom obilaska ovih radova objasnio da nije bilo potrebe za rekonstrukcijom Doma kulture u ovom selu, ve\u0107 se gradi nova zgrada kako bi bila u skladu sa potrebama i brojem stanovni\u0161tva.<\/p>\n<p>&#8211; Op\u0161tina Svilajnac iz svog bud\u017eeta finansira izgradnju novog Doma kulture u Roandi. Na zboru u Roandi smo se dogovorili da sru\u0161imo oronuli objekat i da napravimo potpuno novi, a ovo je dobra formula, koju mo\u017eemo da primenimo i na ostala sela, kako ne bismo rekonstruisali ve\u0107 postoje\u0107e prevelike objekte&#8221;, izjavio je Milanovi\u0107.<\/p>\n<div id='gallery-1' class='gallery galleryid-19032 gallery-columns-3 gallery-size-full'><figure class='gallery-item'>\n\t\t\t<div class='gallery-icon landscape'>\n\t\t\t\t<a href='https:\/\/centralmedia.rs\/index.php\/2019\/07\/19\/dom-kulture-u-roandi\/roanda\/'><img loading=\"lazy\" decoding=\"async\" width=\"960\" height=\"640\" src=\"https:\/\/centralmedia.rs\/wp-content\/uploads\/2019\/07\/roanda.jpg\" class=\"attachment-full size-full\" alt=\"\" srcset=\"https:\/\/centralmedia.rs\/wp-content\/uploads\/2019\/07\/roanda.jpg 960w, https:\/\/centralmedia.rs\/wp-content\/uploads\/2019\/07\/roanda-300x200.jpg 300w, https:\/\/centralmedia.rs\/wp-content\/uploads\/2019\/07\/roanda-768x512.jpg 768w, https:\/\/centralmedia.rs\/wp-content\/uploads\/2019\/07\/roanda-630x420.jpg 630w, https:\/\/centralmedia.rs\/wp-content\/uploads\/2019\/07\/roanda-640x427.jpg 640w, https:\/\/centralmedia.rs\/wp-content\/uploads\/2019\/07\/roanda-681x454.jpg 681w\" sizes=\"(max-width: 960px) 100vw, 960px\" \/><\/a>\n\t\t\t<\/div><\/figure><figure class='gallery-item'>\n\t\t\t<div class='gallery-icon landscape'>\n\t\t\t\t<a href='https:\/\/centralmedia.rs\/index.php\/2019\/07\/19\/dom-kulture-u-roandi\/roanda1\/'><img loading=\"lazy\" decoding=\"async\" width=\"2048\" height=\"1365\" src=\"https:\/\/centralmedia.rs\/wp-content\/uploads\/2019\/07\/roanda1.jpg\" class=\"attachment-full size-full\" alt=\"\" srcset=\"https:\/\/centralmedia.rs\/wp-content\/uploads\/2019\/07\/roanda1.jpg 2048w, https:\/\/centralmedia.rs\/wp-content\/uploads\/2019\/07\/roanda1-300x200.jpg 300w, https:\/\/centralmedia.rs\/wp-content\/uploads\/2019\/07\/roanda1-768x512.jpg 768w, https:\/\/centralmedia.rs\/wp-content\/uploads\/2019\/07\/roanda1-1024x683.jpg 1024w, https:\/\/centralmedia.rs\/wp-content\/uploads\/2019\/07\/roanda1-630x420.jpg 630w, https:\/\/centralmedia.rs\/wp-content\/uploads\/2019\/07\/roanda1-640x427.jpg 640w, https:\/\/centralmedia.rs\/wp-content\/uploads\/2019\/07\/roanda1-681x454.jpg 681w\" sizes=\"(max-width: 2048px) 100vw, 2048px\" \/><\/a>\n\t\t\t<\/div><\/figure><figure class='gallery-item'>\n\t\t\t<div class='gallery-icon landscape'>\n\t\t\t\t<a href='https:\/\/centralmedia.rs\/index.php\/2019\/07\/19\/dom-kulture-u-roandi\/roanda3\/'><img loading=\"lazy\" decoding=\"async\" width=\"2048\" height=\"1365\" src=\"https:\/\/centralmedia.rs\/wp-content\/uploads\/2019\/07\/roanda3.jpg\" class=\"attachment-full size-full\" alt=\"\" srcset=\"https:\/\/centralmedia.rs\/wp-content\/uploads\/2019\/07\/roanda3.jpg 2048w, https:\/\/centralmedia.rs\/wp-content\/uploads\/2019\/07\/roanda3-300x200.jpg 300w, https:\/\/centralmedia.rs\/wp-content\/uploads\/2019\/07\/roanda3-768x512.jpg 768w, https:\/\/centralmedia.rs\/wp-content\/uploads\/2019\/07\/roanda3-1024x683.jpg 1024w, https:\/\/centralmedia.rs\/wp-content\/uploads\/2019\/07\/roanda3-630x420.jpg 630w, https:\/\/centralmedia.rs\/wp-content\/uploads\/2019\/07\/roanda3-640x427.jpg 640w, https:\/\/centralmedia.rs\/wp-content\/uploads\/2019\/07\/roanda3-681x454.jpg 681w\" sizes=\"(max-width: 2048px) 100vw, 2048px\" \/><\/a>\n\t\t\t<\/div><\/figure>\n\t\t<\/div>\n\n","protected":false},"excerpt":{"rendered":"<p>SVILAJNAC- U Roandi su u toku radovi na novom objektu Doma kulture, gde \u0107e biti i kancelarija mesne zajednice. Predrag Milanovi\u0107, predsednik op\u0161tine Svilajnac, je &hellip; <\/p>\n","protected":false},"author":2,"featured_media":19033,"comment_status":"open","ping_status":"open","sticky":false,"template":"","format":"standard","meta":{"footnotes":""},"categories":[14,1524,2,887,12,1517],"tags":[3893,617,38],"_links":{"self":[{"href":"https:\/\/centralmedia.rs\/index.php\/wp-json\/wp\/v2\/posts\/19032"}],"collection":[{"href":"https:\/\/centralmedia.rs\/index.php\/wp-json\/wp\/v2\/posts"}],"about":[{"href":"https:\/\/centralmedia.rs\/index.php\/wp-json\/wp\/v2\/types\/post"}],"author":[{"embeddable":true,"href":"https:\/\/centralmedia.rs\/index.php\/wp-json\/wp\/v2\/users\/2"}],"replies":[{"embeddable":true,"href":"https:\/\/centralmedia.rs\/index.php\/wp-json\/wp\/v2\/comments?post=19032"}],"version-history":[{"count":1,"href":"https:\/\/centralmedia.rs\/index.php\/wp-json\/wp\/v2\/posts\/19032\/revisions"}],"predecessor-version":[{"id":19037,"href":"https:\/\/centralmedia.rs\/index.php\/wp-json\/wp\/v2\/posts\/19032\/revisions\/19037"}],"wp:featuredmedia":[{"embeddable":true,"href":"https:\/\/centralmedia.rs\/index.php\/wp-json\/wp\/v2\/media\/19033"}],"wp:attachment":[{"href":"https:\/\/centralmedia.rs\/index.php\/wp-json\/wp\/v2\/media?parent=19032"}],"wp:term":[{"taxonomy":"category","embeddable":true,"href":"https:\/\/centralmedia.rs\/index.php\/wp-json\/wp\/v2\/categories?post=19032"},{"taxonomy":"post_tag","embeddable":true,"href":"https:\/\/centralmedia.rs\/index.php\/wp-json\/wp\/v2\/tags?post=19032"}],"curies":[{"name":"wp","href":"https:\/\/api.w.org\/{rel}","templated":true}]}}