{"id":19038,"date":"2019-07-19T17:07:41","date_gmt":"2019-07-19T17:07:41","guid":{"rendered":"http:\/\/centralmedia.rs\/?p=19038"},"modified":"2019-07-23T10:17:51","modified_gmt":"2019-07-23T10:17:51","slug":"sergej-cetkovic-za-svetog-iliju-u-paracinu","status":"publish","type":"post","link":"https:\/\/centralmedia.rs\/index.php\/2019\/07\/19\/sergej-cetkovic-za-svetog-iliju-u-paracinu\/","title":{"rendered":"SERGEJ \u0106ETKOVI\u0106 ZA SVETOG ILIJU U PARA\u0106INU"},"content":{"rendered":"<p>PARA\u0106IN &#8211; Povodom pravoslvanog praznika Svetog Ilije 2. avgusta u Para\u0107inu \u0107e na trgu u centru grada i ove godine tradicionalno biti organizovan veliki koncert nastupi\u0107e Sergej \u0106etkovi\u0107. Organozator koncerta je Kulturni centar, pokrovitelj op\u0161tina Para\u0107in.<\/p>\n","protected":false},"excerpt":{"rendered":"<p>PARA\u0106IN &#8211; Povodom pravoslvanog praznika Svetog Ilije 2. avgusta u Para\u0107inu \u0107e na trgu u centru grada i ove godine tradicionalno biti organizovan veliki koncert &hellip; <\/p>\n","protected":false},"author":2,"featured_media":19039,"comment_status":"open","ping_status":"open","sticky":false,"template":"","format":"standard","meta":{"footnotes":""},"categories":[1524,2,23,1516,887,3055],"tags":[156,3894,3895],"_links":{"self":[{"href":"https:\/\/centralmedia.rs\/index.php\/wp-json\/wp\/v2\/posts\/19038"}],"collection":[{"href":"https:\/\/centralmedia.rs\/index.php\/wp-json\/wp\/v2\/posts"}],"about":[{"href":"https:\/\/centralmedia.rs\/index.php\/wp-json\/wp\/v2\/types\/post"}],"author":[{"embeddable":true,"href":"https:\/\/centralmedia.rs\/index.php\/wp-json\/wp\/v2\/users\/2"}],"replies":[{"embeddable":true,"href":"https:\/\/centralmedia.rs\/index.php\/wp-json\/wp\/v2\/comments?post=19038"}],"version-history":[{"count":1,"href":"https:\/\/centralmedia.rs\/index.php\/wp-json\/wp\/v2\/posts\/19038\/revisions"}],"predecessor-version":[{"id":19040,"href":"https:\/\/centralmedia.rs\/index.php\/wp-json\/wp\/v2\/posts\/19038\/revisions\/19040"}],"wp:featuredmedia":[{"embeddable":true,"href":"https:\/\/centralmedia.rs\/index.php\/wp-json\/wp\/v2\/media\/19039"}],"wp:attachment":[{"href":"https:\/\/centralmedia.rs\/index.php\/wp-json\/wp\/v2\/media?parent=19038"}],"wp:term":[{"taxonomy":"category","embeddable":true,"href":"https:\/\/centralmedia.rs\/index.php\/wp-json\/wp\/v2\/categories?post=19038"},{"taxonomy":"post_tag","embeddable":true,"href":"https:\/\/centralmedia.rs\/index.php\/wp-json\/wp\/v2\/tags?post=19038"}],"curies":[{"name":"wp","href":"https:\/\/api.w.org\/{rel}","templated":true}]}}