{"id":19045,"date":"2019-07-20T17:51:50","date_gmt":"2019-07-20T17:51:50","guid":{"rendered":"http:\/\/centralmedia.rs\/?p=19045"},"modified":"2019-07-23T10:17:03","modified_gmt":"2019-07-23T10:17:03","slug":"the-best-beat-rock-and-roll-u-centru-svilajnca","status":"publish","type":"post","link":"https:\/\/centralmedia.rs\/index.php\/2019\/07\/20\/the-best-beat-rock-and-roll-u-centru-svilajnca\/","title":{"rendered":"THE BEST BEAT \u2013 ROCK AND ROLL U CENTRU SVILAJNCA"},"content":{"rendered":"<p>SVILAJNAC- Sino\u0107 je za odli\u010dnu atmosferu na Letnjoj sceni u centru Svilajnca bio zadu\u017een tribute bend grupe The Beatles &#8211; grupa The Bestbeat, koja je nastala 2005. godine i \u010dine je Vladimir Banov\u010danin kao John Lennon, Damjan Da\u0161i\u0107 kao Paul McCartney, Marko \u0106ali\u0107 kao George Harrison i Vitomir Mili\u0107evi\u0107 kao Ringo Starr.<\/p>\n<p>Nastupaju\u0107i po velikim evropskim festivalima i manifestacijama, klubovima i gradskim trgovima \u2013 ovaj beogradski kvartet se poslednjih godina uvrstio u najbolje kontinentalne atrakcije koja svojim izvo\u0111enjem i scenskim nastupom vernod o\u010darava duh fenomena grupe The Beatles.<\/p>\n<p>&#8211; Grupa The BestBeat je nastala pre skoro 15 godina sa idejom da podsetimo na najve\u0107i rok bend 20. veka i za to vreme smo uspeli da nastupamo po \u010ditavoj Evropi i taj trend odr\u017eavamo i dalje. Ovo je na\u0161 prvi koncert u Svilajncu i jako nam je drago \u0161to ste odlu\u010dili da nas pozovete da uprili\u010dimo ovaj letnji kulturni program, jer je ovo jedno lepoiskustvo za sve nas i prilika da se upoznamo\u201c, izjavio je Damjan Da\u0161i\u0107, \u010dlan benda The Best Beat.<\/p>\n<p><img loading=\"lazy\" decoding=\"async\" class=\"alignnone wp-image-19047 size-large\" src=\"http:\/\/centralmedia.rs\/wp-content\/uploads\/2019\/07\/DSC_0824-1024x683.jpg\" alt=\"\" width=\"640\" height=\"427\" srcset=\"https:\/\/centralmedia.rs\/wp-content\/uploads\/2019\/07\/DSC_0824-1024x683.jpg 1024w, https:\/\/centralmedia.rs\/wp-content\/uploads\/2019\/07\/DSC_0824-300x200.jpg 300w, https:\/\/centralmedia.rs\/wp-content\/uploads\/2019\/07\/DSC_0824-768x512.jpg 768w, https:\/\/centralmedia.rs\/wp-content\/uploads\/2019\/07\/DSC_0824-630x420.jpg 630w, https:\/\/centralmedia.rs\/wp-content\/uploads\/2019\/07\/DSC_0824-640x427.jpg 640w, https:\/\/centralmedia.rs\/wp-content\/uploads\/2019\/07\/DSC_0824-681x454.jpg 681w, https:\/\/centralmedia.rs\/wp-content\/uploads\/2019\/07\/DSC_0824.jpg 1050w\" sizes=\"(max-width: 640px) 100vw, 640px\" \/><\/p>\n","protected":false},"excerpt":{"rendered":"<p>SVILAJNAC- Sino\u0107 je za odli\u010dnu atmosferu na Letnjoj sceni u centru Svilajnca bio zadu\u017een tribute bend grupe The Beatles &#8211; grupa The Bestbeat, koja je &hellip; <\/p>\n","protected":false},"author":2,"featured_media":19046,"comment_status":"open","ping_status":"open","sticky":false,"template":"","format":"standard","meta":{"footnotes":""},"categories":[1524,2,15,887,12,1517],"tags":[2043,563,3897],"_links":{"self":[{"href":"https:\/\/centralmedia.rs\/index.php\/wp-json\/wp\/v2\/posts\/19045"}],"collection":[{"href":"https:\/\/centralmedia.rs\/index.php\/wp-json\/wp\/v2\/posts"}],"about":[{"href":"https:\/\/centralmedia.rs\/index.php\/wp-json\/wp\/v2\/types\/post"}],"author":[{"embeddable":true,"href":"https:\/\/centralmedia.rs\/index.php\/wp-json\/wp\/v2\/users\/2"}],"replies":[{"embeddable":true,"href":"https:\/\/centralmedia.rs\/index.php\/wp-json\/wp\/v2\/comments?post=19045"}],"version-history":[{"count":2,"href":"https:\/\/centralmedia.rs\/index.php\/wp-json\/wp\/v2\/posts\/19045\/revisions"}],"predecessor-version":[{"id":19070,"href":"https:\/\/centralmedia.rs\/index.php\/wp-json\/wp\/v2\/posts\/19045\/revisions\/19070"}],"wp:featuredmedia":[{"embeddable":true,"href":"https:\/\/centralmedia.rs\/index.php\/wp-json\/wp\/v2\/media\/19046"}],"wp:attachment":[{"href":"https:\/\/centralmedia.rs\/index.php\/wp-json\/wp\/v2\/media?parent=19045"}],"wp:term":[{"taxonomy":"category","embeddable":true,"href":"https:\/\/centralmedia.rs\/index.php\/wp-json\/wp\/v2\/categories?post=19045"},{"taxonomy":"post_tag","embeddable":true,"href":"https:\/\/centralmedia.rs\/index.php\/wp-json\/wp\/v2\/tags?post=19045"}],"curies":[{"name":"wp","href":"https:\/\/api.w.org\/{rel}","templated":true}]}}