{"id":19049,"date":"2019-07-20T17:57:53","date_gmt":"2019-07-20T17:57:53","guid":{"rendered":"http:\/\/centralmedia.rs\/?p=19049"},"modified":"2019-07-23T10:17:11","modified_gmt":"2019-07-23T10:17:11","slug":"rekonstrukcija-fasade-cuprijske-gimnazije","status":"publish","type":"post","link":"https:\/\/centralmedia.rs\/index.php\/2019\/07\/20\/rekonstrukcija-fasade-cuprijske-gimnazije\/","title":{"rendered":"REKONSTRUKCIJA FASADE \u0106UPRIJSKE GIMNAZIJE"},"content":{"rendered":"<p>\u0106UPRIJA- Po\u010dela je rekonstrukcija i izolacija fasade \u0107uprijske Gimnazije \u00a0Po\u010dinje. Re\u010d je o sprovo\u0111enju ugovora vrednom blizu \u00a012.6 miliona dinara, koji su \u00a08. novembra pro\u0161le godine potpisali ministar Aleksandar Anti\u0107 i Ninoslav Eri\u0107, predsednik op\u0161tine \u0106uprija.<\/p>\n<p>Predvi\u0111ena je rekonstrukcija i izolacija fasade Gimnazije \u010dime \u0107e se zna\u010dajno smanjiti tro\u0161kovi grejanja ove \u0161kole. Ina\u010de, op\u0161tina \u0106uprija je jedna od malobrojnih u Srbiji koja je uradila energetske paso\u0161e za sve javne objekte i ustanove \u0161to je preduslov za u\u010de\u0161\u0107e na konkursima dr\u017eavnih organa.<\/p>\n<div id='gallery-1' class='gallery galleryid-19049 gallery-columns-5 gallery-size-thumbnail'><figure class='gallery-item'>\n\t\t\t<div class='gallery-icon landscape'>\n\t\t\t\t<a href='https:\/\/centralmedia.rs\/index.php\/2019\/07\/20\/rekonstrukcija-fasade-cuprijske-gimnazije\/gimanzija\/'><img loading=\"lazy\" decoding=\"async\" width=\"150\" height=\"150\" src=\"https:\/\/centralmedia.rs\/wp-content\/uploads\/2019\/07\/gimanzija-150x150.jpg\" class=\"attachment-thumbnail size-thumbnail\" alt=\"\" \/><\/a>\n\t\t\t<\/div><\/figure><figure class='gallery-item'>\n\t\t\t<div class='gallery-icon portrait'>\n\t\t\t\t<a href='https:\/\/centralmedia.rs\/index.php\/2019\/07\/20\/rekonstrukcija-fasade-cuprijske-gimnazije\/gimanzija1\/'><img loading=\"lazy\" decoding=\"async\" width=\"150\" height=\"150\" src=\"https:\/\/centralmedia.rs\/wp-content\/uploads\/2019\/07\/gimanzija1-150x150.jpg\" class=\"attachment-thumbnail size-thumbnail\" alt=\"\" \/><\/a>\n\t\t\t<\/div><\/figure><figure class='gallery-item'>\n\t\t\t<div class='gallery-icon landscape'>\n\t\t\t\t<a href='https:\/\/centralmedia.rs\/index.php\/2019\/07\/20\/rekonstrukcija-fasade-cuprijske-gimnazije\/gimanzija4\/'><img loading=\"lazy\" decoding=\"async\" width=\"150\" height=\"150\" src=\"https:\/\/centralmedia.rs\/wp-content\/uploads\/2019\/07\/gimanzija4-150x150.jpg\" class=\"attachment-thumbnail size-thumbnail\" alt=\"\" \/><\/a>\n\t\t\t<\/div><\/figure><figure class='gallery-item'>\n\t\t\t<div class='gallery-icon landscape'>\n\t\t\t\t<a href='https:\/\/centralmedia.rs\/index.php\/2019\/07\/20\/rekonstrukcija-fasade-cuprijske-gimnazije\/gimnazija-4\/'><img loading=\"lazy\" decoding=\"async\" width=\"150\" height=\"150\" src=\"https:\/\/centralmedia.rs\/wp-content\/uploads\/2019\/07\/gimnazija-150x150.jpg\" class=\"attachment-thumbnail size-thumbnail\" alt=\"\" \/><\/a>\n\t\t\t<\/div><\/figure><figure class='gallery-item'>\n\t\t\t<div class='gallery-icon landscape'>\n\t\t\t\t<a href='https:\/\/centralmedia.rs\/index.php\/2019\/07\/20\/rekonstrukcija-fasade-cuprijske-gimnazije\/gimnazija2\/'><img loading=\"lazy\" decoding=\"async\" width=\"150\" height=\"150\" src=\"https:\/\/centralmedia.rs\/wp-content\/uploads\/2019\/07\/gimnazija2-150x150.jpg\" class=\"attachment-thumbnail size-thumbnail\" alt=\"\" \/><\/a>\n\t\t\t<\/div><\/figure>\n\t\t<\/div>\n\n<p>&nbsp;<\/p>\n","protected":false},"excerpt":{"rendered":"<p>\u0106UPRIJA- Po\u010dela je rekonstrukcija i izolacija fasade \u0107uprijske Gimnazije \u00a0Po\u010dinje. Re\u010d je o sprovo\u0111enju ugovora vrednom blizu \u00a012.6 miliona dinara, koji su \u00a08. novembra pro\u0161le &hellip; <\/p>\n","protected":false},"author":2,"featured_media":19050,"comment_status":"open","ping_status":"open","sticky":false,"template":"","format":"standard","meta":{"footnotes":""},"categories":[1515,14,1524,2,887,12],"tags":[44,3898,224,1280],"_links":{"self":[{"href":"https:\/\/centralmedia.rs\/index.php\/wp-json\/wp\/v2\/posts\/19049"}],"collection":[{"href":"https:\/\/centralmedia.rs\/index.php\/wp-json\/wp\/v2\/posts"}],"about":[{"href":"https:\/\/centralmedia.rs\/index.php\/wp-json\/wp\/v2\/types\/post"}],"author":[{"embeddable":true,"href":"https:\/\/centralmedia.rs\/index.php\/wp-json\/wp\/v2\/users\/2"}],"replies":[{"embeddable":true,"href":"https:\/\/centralmedia.rs\/index.php\/wp-json\/wp\/v2\/comments?post=19049"}],"version-history":[{"count":1,"href":"https:\/\/centralmedia.rs\/index.php\/wp-json\/wp\/v2\/posts\/19049\/revisions"}],"predecessor-version":[{"id":19056,"href":"https:\/\/centralmedia.rs\/index.php\/wp-json\/wp\/v2\/posts\/19049\/revisions\/19056"}],"wp:featuredmedia":[{"embeddable":true,"href":"https:\/\/centralmedia.rs\/index.php\/wp-json\/wp\/v2\/media\/19050"}],"wp:attachment":[{"href":"https:\/\/centralmedia.rs\/index.php\/wp-json\/wp\/v2\/media?parent=19049"}],"wp:term":[{"taxonomy":"category","embeddable":true,"href":"https:\/\/centralmedia.rs\/index.php\/wp-json\/wp\/v2\/categories?post=19049"},{"taxonomy":"post_tag","embeddable":true,"href":"https:\/\/centralmedia.rs\/index.php\/wp-json\/wp\/v2\/tags?post=19049"}],"curies":[{"name":"wp","href":"https:\/\/api.w.org\/{rel}","templated":true}]}}