{"id":19084,"date":"2019-07-22T18:25:53","date_gmt":"2019-07-22T18:25:53","guid":{"rendered":"http:\/\/centralmedia.rs\/?p=19084"},"modified":"2019-07-25T15:06:13","modified_gmt":"2019-07-25T15:06:13","slug":"nagrada-za-najlepse-dvorista-levca-oliveri-obradovic","status":"publish","type":"post","link":"https:\/\/centralmedia.rs\/index.php\/2019\/07\/22\/nagrada-za-najlepse-dvorista-levca-oliveri-obradovic\/","title":{"rendered":"Nagrada za najlep\u0161e dvori\u0161ta Lev\u010da Oliveri Obradovi\u0107"},"content":{"rendered":"<p>REKOVAC- Turisti\u010dka organizacija op\u0161tine Rekovac tradicionalno, ve\u0107 11. put po redu, organizuje \u201eDane otvorenih dvori\u0161ta Lev\u010da\u201c. Re\u010d je o takmi\u010denju koje promovi\u0161e lepote na\u0161eg kraja i i dobre i vredne doma\u0107ine koji su se potrudili da ulep\u0161aju svoja drvori\u0161ta i tako svim Lev\u010danima i turistima ulep\u0161aju sliku na\u0161eg kraja.<\/p>\n<p>Ove godine je konkurs kasno raspisan zbog lo\u0161ih vremenskih prilika i bio je otvoren do 1. jula. Odziv doma\u0107ina bio solidan imaju\u0107i u vidu da u prvoj polovini juna, vremenske prilike nisu i\u0161le na ruku doma\u0107inima, me\u0111utim oni su se potrudili da svoja dvori\u0161ta ukrase brojnim detaljima, tako da je \u017eiriju bilo izuzetno te\u0161ko da odlu\u010di o pobednicima u pojedinim kategorijama.<\/p>\n<p>Pehari \u0107e pobednicima biti uru\u010deni na 50. saboru narodnog stvarala\u0161tva ,,Pro\u0111oh Leva\u010d, pro\u0111oh \u0160umadiju\u201c koji se 3. i 4. avgusta odr\u017eava u porti manastira Kaleni\u0107.<\/p>\n<p>Nagrada za najlep\u0161e etno dvori\u0161te je pripala porodici Olivere Obradovi\u0107 iz Kavadara.<\/p>\n<p>Nagrada za najlep\u0161e park dvori\u0161te je ove godine pripala na\u0161im dugogodi\u0161njim u\u010desnicima porodici Nade Obradovi\u0107 iz Velike Kru\u0161evice, dok je nagrada za najlep\u0161i detalj pripala Veri Mutavd\u017ei\u0107 iz Velike Kru\u0161evice.<\/p>\n<p>Nagrada za najlep\u0161e dvori\u0161te u celini je pripala porodici Sne\u017eane Milutinovi\u0107 iz Te\u010di\u0107a, koja je pro\u0161le godine dobila tre\u0107u nagradu za najle\u0161e dvori\u0161te na regionalnom takmi\u010denju.<\/p>\n<p>Turisti\u010dka organizacija op\u0161tine Rekovacd se zahvaljuje svim u\u010desnicima u manifestaciji i \u010destita svim dobitinicima nagrada. Nagrade i pehari \u0107e biti uru\u010deni 04.08.2019. godine u 11 \u010dasova u porti manastira Kaleni\u0107.<\/p>\n<p>&nbsp;<\/p>\n","protected":false},"excerpt":{"rendered":"<p>REKOVAC- Turisti\u010dka organizacija op\u0161tine Rekovac tradicionalno, ve\u0107 11. put po redu, organizuje \u201eDane otvorenih dvori\u0161ta Lev\u010da\u201c. Re\u010d je o takmi\u010denju koje promovi\u0161e lepote na\u0161eg kraja &hellip; <\/p>\n","protected":false},"author":2,"featured_media":19085,"comment_status":"open","ping_status":"open","sticky":false,"template":"","format":"standard","meta":{"footnotes":""},"categories":[1524,2,23,887,1519,3054],"tags":[3900,441],"_links":{"self":[{"href":"https:\/\/centralmedia.rs\/index.php\/wp-json\/wp\/v2\/posts\/19084"}],"collection":[{"href":"https:\/\/centralmedia.rs\/index.php\/wp-json\/wp\/v2\/posts"}],"about":[{"href":"https:\/\/centralmedia.rs\/index.php\/wp-json\/wp\/v2\/types\/post"}],"author":[{"embeddable":true,"href":"https:\/\/centralmedia.rs\/index.php\/wp-json\/wp\/v2\/users\/2"}],"replies":[{"embeddable":true,"href":"https:\/\/centralmedia.rs\/index.php\/wp-json\/wp\/v2\/comments?post=19084"}],"version-history":[{"count":1,"href":"https:\/\/centralmedia.rs\/index.php\/wp-json\/wp\/v2\/posts\/19084\/revisions"}],"predecessor-version":[{"id":19086,"href":"https:\/\/centralmedia.rs\/index.php\/wp-json\/wp\/v2\/posts\/19084\/revisions\/19086"}],"wp:featuredmedia":[{"embeddable":true,"href":"https:\/\/centralmedia.rs\/index.php\/wp-json\/wp\/v2\/media\/19085"}],"wp:attachment":[{"href":"https:\/\/centralmedia.rs\/index.php\/wp-json\/wp\/v2\/media?parent=19084"}],"wp:term":[{"taxonomy":"category","embeddable":true,"href":"https:\/\/centralmedia.rs\/index.php\/wp-json\/wp\/v2\/categories?post=19084"},{"taxonomy":"post_tag","embeddable":true,"href":"https:\/\/centralmedia.rs\/index.php\/wp-json\/wp\/v2\/tags?post=19084"}],"curies":[{"name":"wp","href":"https:\/\/api.w.org\/{rel}","templated":true}]}}