{"id":19087,"date":"2019-07-22T18:31:57","date_gmt":"2019-07-22T18:31:57","guid":{"rendered":"http:\/\/centralmedia.rs\/?p=19087"},"modified":"2019-07-25T15:06:41","modified_gmt":"2019-07-25T15:06:41","slug":"gradi-se-korito-reke-za-male-vode","status":"publish","type":"post","link":"https:\/\/centralmedia.rs\/index.php\/2019\/07\/22\/gradi-se-korito-reke-za-male-vode\/","title":{"rendered":"GRADI SE KORITO REKE ZA MALE VODE"},"content":{"rendered":"<p>PARA\u0106IN- Izvo\u0111a\u010di radova na izgradnji novog sistema odbrane od poplava na Crnici u centru Para\u0107ina intenzivno rade na ure\u0111enju minor korita. Pored grada, a radi se i na drugim projektnim deonicama toka Crnice, od Glavice do u\u0161\u0107a u Veliku Moravu. Radovima u centru grada bi\u0107e obavljani i u slede\u0107a dva meseca. Pored radova, u koritu, obavljaju se i radovi na obalama, na ure\u0111enju temelja za postavljanje mobilne opreme. Uskoro \u0107e biti dopremljeni preostali ugradni elementi za mobilnu opremu iz inostranstva. Na vi\u0161e od deset kilometara toka od Glavice do u\u0161\u0107a u Veliku Moravu, gradi\u0107e se i nove staze, podizati nivo starih u nekim delovima \u0161etali\u0161ta, a u okviru drugog projekta, predstoji i po\u010detak radova na ru\u0161enju. U koritu reke su prona\u0111eni drveni stubovi mosta koji na tom mestu bio do osamdesetih godina pro\u0161log veka i oni \u0107e biti predati Muzeju na obradu i \u010duvanje.<\/p>\n<div id='gallery-1' class='gallery galleryid-19087 gallery-columns-4 gallery-size-full'><figure class='gallery-item'>\n\t\t\t<div class='gallery-icon landscape'>\n\t\t\t\t<a href='https:\/\/centralmedia.rs\/index.php\/2019\/07\/22\/gradi-se-korito-reke-za-male-vode\/crnica-pn\/'><img loading=\"lazy\" decoding=\"async\" width=\"1280\" height=\"622\" src=\"https:\/\/centralmedia.rs\/wp-content\/uploads\/2019\/07\/crnica-pn.jpg\" class=\"attachment-full size-full\" alt=\"\" srcset=\"https:\/\/centralmedia.rs\/wp-content\/uploads\/2019\/07\/crnica-pn.jpg 1280w, https:\/\/centralmedia.rs\/wp-content\/uploads\/2019\/07\/crnica-pn-300x146.jpg 300w, https:\/\/centralmedia.rs\/wp-content\/uploads\/2019\/07\/crnica-pn-768x373.jpg 768w, https:\/\/centralmedia.rs\/wp-content\/uploads\/2019\/07\/crnica-pn-1024x498.jpg 1024w, https:\/\/centralmedia.rs\/wp-content\/uploads\/2019\/07\/crnica-pn-864x420.jpg 864w, https:\/\/centralmedia.rs\/wp-content\/uploads\/2019\/07\/crnica-pn-640x311.jpg 640w, https:\/\/centralmedia.rs\/wp-content\/uploads\/2019\/07\/crnica-pn-681x331.jpg 681w\" sizes=\"(max-width: 1280px) 100vw, 1280px\" \/><\/a>\n\t\t\t<\/div><\/figure><figure class='gallery-item'>\n\t\t\t<div class='gallery-icon landscape'>\n\t\t\t\t<a href='https:\/\/centralmedia.rs\/index.php\/2019\/07\/22\/gradi-se-korito-reke-za-male-vode\/crnica-pn1\/'><img loading=\"lazy\" decoding=\"async\" width=\"1280\" height=\"622\" src=\"https:\/\/centralmedia.rs\/wp-content\/uploads\/2019\/07\/crnica-pn1.jpg\" class=\"attachment-full size-full\" alt=\"\" srcset=\"https:\/\/centralmedia.rs\/wp-content\/uploads\/2019\/07\/crnica-pn1.jpg 1280w, https:\/\/centralmedia.rs\/wp-content\/uploads\/2019\/07\/crnica-pn1-300x146.jpg 300w, https:\/\/centralmedia.rs\/wp-content\/uploads\/2019\/07\/crnica-pn1-768x373.jpg 768w, https:\/\/centralmedia.rs\/wp-content\/uploads\/2019\/07\/crnica-pn1-1024x498.jpg 1024w, https:\/\/centralmedia.rs\/wp-content\/uploads\/2019\/07\/crnica-pn1-864x420.jpg 864w, https:\/\/centralmedia.rs\/wp-content\/uploads\/2019\/07\/crnica-pn1-640x311.jpg 640w, https:\/\/centralmedia.rs\/wp-content\/uploads\/2019\/07\/crnica-pn1-681x331.jpg 681w\" sizes=\"(max-width: 1280px) 100vw, 1280px\" \/><\/a>\n\t\t\t<\/div><\/figure><figure class='gallery-item'>\n\t\t\t<div class='gallery-icon landscape'>\n\t\t\t\t<a href='https:\/\/centralmedia.rs\/index.php\/2019\/07\/22\/gradi-se-korito-reke-za-male-vode\/crnica-pn2\/'><img loading=\"lazy\" decoding=\"async\" width=\"1280\" height=\"622\" src=\"https:\/\/centralmedia.rs\/wp-content\/uploads\/2019\/07\/crnica-pn2.jpg\" class=\"attachment-full size-full\" alt=\"\" srcset=\"https:\/\/centralmedia.rs\/wp-content\/uploads\/2019\/07\/crnica-pn2.jpg 1280w, https:\/\/centralmedia.rs\/wp-content\/uploads\/2019\/07\/crnica-pn2-300x146.jpg 300w, https:\/\/centralmedia.rs\/wp-content\/uploads\/2019\/07\/crnica-pn2-768x373.jpg 768w, https:\/\/centralmedia.rs\/wp-content\/uploads\/2019\/07\/crnica-pn2-1024x498.jpg 1024w, https:\/\/centralmedia.rs\/wp-content\/uploads\/2019\/07\/crnica-pn2-864x420.jpg 864w, https:\/\/centralmedia.rs\/wp-content\/uploads\/2019\/07\/crnica-pn2-640x311.jpg 640w, https:\/\/centralmedia.rs\/wp-content\/uploads\/2019\/07\/crnica-pn2-681x331.jpg 681w\" sizes=\"(max-width: 1280px) 100vw, 1280px\" \/><\/a>\n\t\t\t<\/div><\/figure><figure class='gallery-item'>\n\t\t\t<div class='gallery-icon landscape'>\n\t\t\t\t<a href='https:\/\/centralmedia.rs\/index.php\/2019\/07\/22\/gradi-se-korito-reke-za-male-vode\/crnica-pn3\/'><img loading=\"lazy\" decoding=\"async\" width=\"1280\" height=\"622\" src=\"https:\/\/centralmedia.rs\/wp-content\/uploads\/2019\/07\/crnica-pn3.jpg\" class=\"attachment-full size-full\" alt=\"\" srcset=\"https:\/\/centralmedia.rs\/wp-content\/uploads\/2019\/07\/crnica-pn3.jpg 1280w, https:\/\/centralmedia.rs\/wp-content\/uploads\/2019\/07\/crnica-pn3-300x146.jpg 300w, https:\/\/centralmedia.rs\/wp-content\/uploads\/2019\/07\/crnica-pn3-768x373.jpg 768w, https:\/\/centralmedia.rs\/wp-content\/uploads\/2019\/07\/crnica-pn3-1024x498.jpg 1024w, https:\/\/centralmedia.rs\/wp-content\/uploads\/2019\/07\/crnica-pn3-864x420.jpg 864w, https:\/\/centralmedia.rs\/wp-content\/uploads\/2019\/07\/crnica-pn3-640x311.jpg 640w, https:\/\/centralmedia.rs\/wp-content\/uploads\/2019\/07\/crnica-pn3-681x331.jpg 681w\" sizes=\"(max-width: 1280px) 100vw, 1280px\" \/><\/a>\n\t\t\t<\/div><\/figure>\n\t\t<\/div>\n\n","protected":false},"excerpt":{"rendered":"<p>PARA\u0106IN- Izvo\u0111a\u010di radova na izgradnji novog sistema odbrane od poplava na Crnici u centru Para\u0107ina intenzivno rade na ure\u0111enju minor korita. Pored grada, a radi &hellip; <\/p>\n","protected":false},"author":2,"featured_media":19088,"comment_status":"open","ping_status":"open","sticky":false,"template":"","format":"standard","meta":{"footnotes":""},"categories":[1524,2,1516,887,16],"tags":[1551,3901,156],"_links":{"self":[{"href":"https:\/\/centralmedia.rs\/index.php\/wp-json\/wp\/v2\/posts\/19087"}],"collection":[{"href":"https:\/\/centralmedia.rs\/index.php\/wp-json\/wp\/v2\/posts"}],"about":[{"href":"https:\/\/centralmedia.rs\/index.php\/wp-json\/wp\/v2\/types\/post"}],"author":[{"embeddable":true,"href":"https:\/\/centralmedia.rs\/index.php\/wp-json\/wp\/v2\/users\/2"}],"replies":[{"embeddable":true,"href":"https:\/\/centralmedia.rs\/index.php\/wp-json\/wp\/v2\/comments?post=19087"}],"version-history":[{"count":1,"href":"https:\/\/centralmedia.rs\/index.php\/wp-json\/wp\/v2\/posts\/19087\/revisions"}],"predecessor-version":[{"id":19092,"href":"https:\/\/centralmedia.rs\/index.php\/wp-json\/wp\/v2\/posts\/19087\/revisions\/19092"}],"wp:featuredmedia":[{"embeddable":true,"href":"https:\/\/centralmedia.rs\/index.php\/wp-json\/wp\/v2\/media\/19088"}],"wp:attachment":[{"href":"https:\/\/centralmedia.rs\/index.php\/wp-json\/wp\/v2\/media?parent=19087"}],"wp:term":[{"taxonomy":"category","embeddable":true,"href":"https:\/\/centralmedia.rs\/index.php\/wp-json\/wp\/v2\/categories?post=19087"},{"taxonomy":"post_tag","embeddable":true,"href":"https:\/\/centralmedia.rs\/index.php\/wp-json\/wp\/v2\/tags?post=19087"}],"curies":[{"name":"wp","href":"https:\/\/api.w.org\/{rel}","templated":true}]}}