{"id":19093,"date":"2019-07-22T18:46:31","date_gmt":"2019-07-22T18:46:31","guid":{"rendered":"http:\/\/centralmedia.rs\/?p=19093"},"modified":"2019-07-25T15:05:49","modified_gmt":"2019-07-25T15:05:49","slug":"sedlare-dobija-gradsku-vodu","status":"publish","type":"post","link":"https:\/\/centralmedia.rs\/index.php\/2019\/07\/22\/sedlare-dobija-gradsku-vodu\/","title":{"rendered":"SEDLARE DOBIJA GRADSKU VODU"},"content":{"rendered":"<p>SVILAJNAC- U Sedlaru kod Svilajnca zavr\u0161en projekat vodosnabdevanja, koji su finansirali lokalna samouprava i Kancelarijom za upravljanje javnim ulaganjima. Predsednik op\u0161tine Svilajnac Predrag Milanovi\u0107 je obi\u0161ao trenutne radove.<\/p>\n<div id='gallery-1' class='gallery galleryid-19093 gallery-columns-5 gallery-size-thumbnail'><figure class='gallery-item'>\n\t\t\t<div class='gallery-icon landscape'>\n\t\t\t\t<a href='https:\/\/centralmedia.rs\/index.php\/2019\/07\/22\/sedlare-dobija-gradsku-vodu\/sedlare1\/'><img loading=\"lazy\" decoding=\"async\" width=\"150\" height=\"150\" src=\"https:\/\/centralmedia.rs\/wp-content\/uploads\/2019\/07\/sedlare1-150x150.jpg\" class=\"attachment-thumbnail size-thumbnail\" alt=\"\" \/><\/a>\n\t\t\t<\/div><\/figure><figure class='gallery-item'>\n\t\t\t<div class='gallery-icon landscape'>\n\t\t\t\t<a href='https:\/\/centralmedia.rs\/index.php\/2019\/07\/22\/sedlare-dobija-gradsku-vodu\/sedlare\/'><img loading=\"lazy\" decoding=\"async\" width=\"150\" height=\"150\" src=\"https:\/\/centralmedia.rs\/wp-content\/uploads\/2019\/07\/sedlare-150x150.jpg\" class=\"attachment-thumbnail size-thumbnail\" alt=\"\" \/><\/a>\n\t\t\t<\/div><\/figure><figure class='gallery-item'>\n\t\t\t<div class='gallery-icon landscape'>\n\t\t\t\t<a href='https:\/\/centralmedia.rs\/index.php\/2019\/07\/22\/sedlare-dobija-gradsku-vodu\/sedlare2\/'><img loading=\"lazy\" decoding=\"async\" width=\"150\" height=\"150\" src=\"https:\/\/centralmedia.rs\/wp-content\/uploads\/2019\/07\/sedlare2-150x150.jpg\" class=\"attachment-thumbnail size-thumbnail\" alt=\"\" \/><\/a>\n\t\t\t<\/div><\/figure><figure class='gallery-item'>\n\t\t\t<div class='gallery-icon landscape'>\n\t\t\t\t<a href='https:\/\/centralmedia.rs\/index.php\/2019\/07\/22\/sedlare-dobija-gradsku-vodu\/sedlare3\/'><img loading=\"lazy\" decoding=\"async\" width=\"150\" height=\"150\" src=\"https:\/\/centralmedia.rs\/wp-content\/uploads\/2019\/07\/sedlare3-150x150.jpg\" class=\"attachment-thumbnail size-thumbnail\" alt=\"\" \/><\/a>\n\t\t\t<\/div><\/figure><figure class='gallery-item'>\n\t\t\t<div class='gallery-icon landscape'>\n\t\t\t\t<a href='https:\/\/centralmedia.rs\/index.php\/2019\/07\/22\/sedlare-dobija-gradsku-vodu\/sedlare4\/'><img loading=\"lazy\" decoding=\"async\" width=\"150\" height=\"150\" src=\"https:\/\/centralmedia.rs\/wp-content\/uploads\/2019\/07\/sedlare4-150x150.jpg\" class=\"attachment-thumbnail size-thumbnail\" alt=\"\" \/><\/a>\n\t\t\t<\/div><\/figure>\n\t\t<\/div>\n\n<p>-Zavr\u0161ili smo sa radovima na vodovodu, tako da sada svi me\u0161tani Sedlara mogu da se priklju\u010de na gradsku vodovodnu mre\u017eu. Trenutno radimo rekonstrukciju centra sela, postavljamo nove trotoare, \u010dime \u0107emo pove\u0107ati bezbednost dece na putu do \u0161kole, rekao je Milanovi\u0107.<\/p>\n<p>U toku je i tender za regulaciju reke Resave u ovom selu \u0161to \u0107e donirati Evropska unija.<\/p>\n<p>&#8211; Sedlare je bilo poplavljeno 2014. godine, bedem je saniran, ali moramo da uradimo regulaciju toka reke. Trenutno se velika sredstva ula\u017eu u mesnu zajednicu Sedlare, kako bi se re\u0161ile ove dve klju\u010dne ta\u010dke, zaklju\u010dio je Milanovi\u0107.<\/p>\n<p>&nbsp;<\/p>\n","protected":false},"excerpt":{"rendered":"<p>SVILAJNAC- U Sedlaru kod Svilajnca zavr\u0161en projekat vodosnabdevanja, koji su finansirali lokalna samouprava i Kancelarijom za upravljanje javnim ulaganjima. Predsednik op\u0161tine Svilajnac Predrag Milanovi\u0107 je &hellip; <\/p>\n","protected":false},"author":2,"featured_media":19094,"comment_status":"open","ping_status":"open","sticky":false,"template":"","format":"standard","meta":{"footnotes":""},"categories":[1524,2,887,16,12,1517],"tags":[727,38,1122],"_links":{"self":[{"href":"https:\/\/centralmedia.rs\/index.php\/wp-json\/wp\/v2\/posts\/19093"}],"collection":[{"href":"https:\/\/centralmedia.rs\/index.php\/wp-json\/wp\/v2\/posts"}],"about":[{"href":"https:\/\/centralmedia.rs\/index.php\/wp-json\/wp\/v2\/types\/post"}],"author":[{"embeddable":true,"href":"https:\/\/centralmedia.rs\/index.php\/wp-json\/wp\/v2\/users\/2"}],"replies":[{"embeddable":true,"href":"https:\/\/centralmedia.rs\/index.php\/wp-json\/wp\/v2\/comments?post=19093"}],"version-history":[{"count":1,"href":"https:\/\/centralmedia.rs\/index.php\/wp-json\/wp\/v2\/posts\/19093\/revisions"}],"predecessor-version":[{"id":19099,"href":"https:\/\/centralmedia.rs\/index.php\/wp-json\/wp\/v2\/posts\/19093\/revisions\/19099"}],"wp:featuredmedia":[{"embeddable":true,"href":"https:\/\/centralmedia.rs\/index.php\/wp-json\/wp\/v2\/media\/19094"}],"wp:attachment":[{"href":"https:\/\/centralmedia.rs\/index.php\/wp-json\/wp\/v2\/media?parent=19093"}],"wp:term":[{"taxonomy":"category","embeddable":true,"href":"https:\/\/centralmedia.rs\/index.php\/wp-json\/wp\/v2\/categories?post=19093"},{"taxonomy":"post_tag","embeddable":true,"href":"https:\/\/centralmedia.rs\/index.php\/wp-json\/wp\/v2\/tags?post=19093"}],"curies":[{"name":"wp","href":"https:\/\/api.w.org\/{rel}","templated":true}]}}