{"id":1910,"date":"2016-01-19T08:09:51","date_gmt":"2016-01-19T08:09:51","guid":{"rendered":"http:\/\/centralmedia.rs\/?p=1910"},"modified":"2016-02-01T09:30:05","modified_gmt":"2016-02-01T09:30:05","slug":"raseljeni-dobijaju-poslanika-u-skupstini","status":"publish","type":"post","link":"https:\/\/centralmedia.rs\/index.php\/2016\/01\/19\/raseljeni-dobijaju-poslanika-u-skupstini\/","title":{"rendered":"RASELJENI DOBIJAJU POSLANIKA U SKUP\u0160TINI"},"content":{"rendered":"<p>Evo ko \u010dini ovu KOALICIJU i koji su njeni ciljevi<br \/>\n&#8211; Na\u0161 osnovni cilj je da se kona\u010dni posle sedamnaest godina od progonstva \u010duje glas raseljenih sa Kosova i Metohije. Poznato je da u parlamentu imamo predstavnike svih nacionalnih manjina, predstavnike prognane bra\u0107e iz Krajine. Mislim da je kona\u010dno vreme da i raseljeni sa KiM imaju svog predstavnika u srpskom parlamentu &#8211; ka\u017ee Milo\u0161 Stojkovi\u0107<\/p>\n<p>Koalicija raseljenih lica \u010diji je predsednik Milo\u0161 Stojkovi\u0107 ulazi u Skup\u0161tinu Srbije! Mogu\u0107nost njenog u\u010de\u0161\u0107a na vanrednim parlamentarnim izborima, koji \u0107e biti odr\u017eani 24. aprila najavio je predsednik ovog udru\u017eenjai istakao da koaliciju \u010dini vi\u0161e udru\u017eenja raseljenih sa Kosova i Metohije, ali i veliki broj istaknutih pojedinaca koji ne pripadaju ni jednom udru\u017eenju, ali su svojim radom i zalaganjem ostavili neizbrisiv trag na prostorima Kosova i Metohije sve do nasilnog progonstva sa na\u0161ih vekovnih ognji\u0161ta.<br \/>\n\u2013 Na\u0161 osnovni cilj je da se kona\u010dni posle sedamnaest godina od progonstva \u010duje glas raseljenih sa Kosova i Metohije. Poznato je da u parlamentu imamo predstavnike svih nacionalnih manjina, predstavnike prognane bra\u0107e iz Krajine. Mislim da je kona\u010dno vreme da i raseljeni sa KiM imaju svog predstavnika u srpskom parlamentu. Isti\u010dem da je cilj na\u0161e koalicije borba protiv NATO integracija, jer nikada ne\u0107emo i ne smemo zaboraviti zlo\u010dine NATO pakta nad nevinom srpskom decom.<br \/>\nStojkovi\u0107 govori i o tome kako \u0107e ova koalicija iza\u0107i na izbore:<br \/>\n\u2013 Mislim da je najkorektnije da prvo razgovaramo sa Aleksandrom Vulinom i Aleksandrom Vu\u010di\u0107em. Kad je gospodin Vulin bio ministar za KIM svi mi koji se borimo za svoje dostojanstvo, za svoju pravdu, za svoje zapaljene ku\u0107e i poru\u0161ene manastire u njemu smo prepoznali snagu koja se do tada nije pojavila na KiM. Mislim da je i njegov blizak odnos s Vu\u010di\u0107em doneo veliku korist u borbi za KiM, jer je upravo premijer predvodink politike realnog opstanka i prosperiteta Srba na KIM. Moram da istaknem veliki trud i nastavak rada sada\u0161njeg rukovodsatva Kancelraije za KIM koju predvodi Marko \u0110uri\u0107, \u010dlan Predsedni\u0161ta SNS. Kako sva ova tri faktora Vulin Vu\u010du\u0107 i \u0110uri\u0107 najverovatnije nastupaju na jednoj listi na parlementrnim izborima logi\u010dno je da se i raseljeni na\u0111u na njoj.<br \/>\nPredsednik Koalicije raseljenih lica tvrdi da ima odli\u010dne kontakte sa Sirizom i da je uvek u kontaktu sa premijerom Gr\u010dke.<br \/>\n\u2013 Naravno da jesam, sa premijerom Aleksisom Ciprasom sam se nedavno \u010duo, \u010destitali smo jedan drugom Novu godinu. Veoma \u010desto sam u kontaktu i sa njegovim saradnicima. Jedan od njegovih saradnika sa svojom porodicom bio mi je gost na krsnoj slavi, \u0161to je za mene velika \u010dast.<\/p>\n<p>BLAGODATNI OGANJ<br \/>\nRaseljeni izra\u017eavaju veliku zahvalnost kancelariji za KIM, a ja kao teolog to isti\u010dem \u0161to je po prvi put Blagodatni oganj iz Jerusalima stigao u Srbiju i na na\u0161e sveto Kosovo, obja\u0161njava Stojkovi\u0107.<br \/>\nautor Goran Jevremovi\u0107<\/p>\n","protected":false},"excerpt":{"rendered":"<p>Evo ko \u010dini ovu KOALICIJU i koji su njeni ciljevi &#8211; Na\u0161 osnovni cilj je da se kona\u010dni posle sedamnaest godina od progonstva \u010duje glas &hellip; <\/p>\n","protected":false},"author":4,"featured_media":1358,"comment_status":"open","ping_status":"open","sticky":false,"template":"","format":"standard","meta":{"footnotes":""},"categories":[2,13,12],"tags":[478,181,156],"_links":{"self":[{"href":"https:\/\/centralmedia.rs\/index.php\/wp-json\/wp\/v2\/posts\/1910"}],"collection":[{"href":"https:\/\/centralmedia.rs\/index.php\/wp-json\/wp\/v2\/posts"}],"about":[{"href":"https:\/\/centralmedia.rs\/index.php\/wp-json\/wp\/v2\/types\/post"}],"author":[{"embeddable":true,"href":"https:\/\/centralmedia.rs\/index.php\/wp-json\/wp\/v2\/users\/4"}],"replies":[{"embeddable":true,"href":"https:\/\/centralmedia.rs\/index.php\/wp-json\/wp\/v2\/comments?post=1910"}],"version-history":[{"count":0,"href":"https:\/\/centralmedia.rs\/index.php\/wp-json\/wp\/v2\/posts\/1910\/revisions"}],"wp:featuredmedia":[{"embeddable":true,"href":"https:\/\/centralmedia.rs\/index.php\/wp-json\/wp\/v2\/media\/1358"}],"wp:attachment":[{"href":"https:\/\/centralmedia.rs\/index.php\/wp-json\/wp\/v2\/media?parent=1910"}],"wp:term":[{"taxonomy":"category","embeddable":true,"href":"https:\/\/centralmedia.rs\/index.php\/wp-json\/wp\/v2\/categories?post=1910"},{"taxonomy":"post_tag","embeddable":true,"href":"https:\/\/centralmedia.rs\/index.php\/wp-json\/wp\/v2\/tags?post=1910"}],"curies":[{"name":"wp","href":"https:\/\/api.w.org\/{rel}","templated":true}]}}