{"id":19100,"date":"2019-07-22T18:58:04","date_gmt":"2019-07-22T18:58:04","guid":{"rendered":"http:\/\/centralmedia.rs\/?p=19100"},"modified":"2019-07-25T15:05:40","modified_gmt":"2019-07-25T15:05:40","slug":"novi-izgled-gradskog-trga","status":"publish","type":"post","link":"https:\/\/centralmedia.rs\/index.php\/2019\/07\/22\/novi-izgled-gradskog-trga\/","title":{"rendered":"NOVI IZGLED GRADSKOG TRGA"},"content":{"rendered":"<p>PARA\u0106IN- Novi gradski trg u Para\u0107inu dobija svoje obrise. Uklonjena je za\u0161titna ograda na oko 2.500 kvadrata i primetno je da su radovi na fontani zavr\u0161noj fazi. O\u010dekuje se da radovi budu zavr\u0161eni tokom leta. Taj deo centra Para\u0107ina, gde se do sada nalazio parking dobi\u0107e savremeniji izgled. Projektom u vi\u0161e faza i kroz nekoliko godina obuhva\u0107ene su javne povr\u0161ine od novog Kulturnog centra, trenutnog gradili\u0161ta do ,,Kocke 3&#8243;, strogi centar Para\u0107ina dobi\u0107e potpuno novi izgled, prilago\u0111eniji potrebama gra\u0111ana.<\/p>\n<div id='gallery-1' class='gallery galleryid-19100 gallery-columns-4 gallery-size-full'><figure class='gallery-item'>\n\t\t\t<div class='gallery-icon landscape'>\n\t\t\t\t<a href='https:\/\/centralmedia.rs\/index.php\/2019\/07\/22\/novi-izgled-gradskog-trga\/fonatana\/'><img loading=\"lazy\" decoding=\"async\" width=\"1280\" height=\"622\" src=\"https:\/\/centralmedia.rs\/wp-content\/uploads\/2019\/07\/fonatana.jpg\" class=\"attachment-full size-full\" alt=\"\" srcset=\"https:\/\/centralmedia.rs\/wp-content\/uploads\/2019\/07\/fonatana.jpg 1280w, https:\/\/centralmedia.rs\/wp-content\/uploads\/2019\/07\/fonatana-300x146.jpg 300w, https:\/\/centralmedia.rs\/wp-content\/uploads\/2019\/07\/fonatana-768x373.jpg 768w, https:\/\/centralmedia.rs\/wp-content\/uploads\/2019\/07\/fonatana-1024x498.jpg 1024w, https:\/\/centralmedia.rs\/wp-content\/uploads\/2019\/07\/fonatana-864x420.jpg 864w, https:\/\/centralmedia.rs\/wp-content\/uploads\/2019\/07\/fonatana-640x311.jpg 640w, https:\/\/centralmedia.rs\/wp-content\/uploads\/2019\/07\/fonatana-681x331.jpg 681w\" sizes=\"(max-width: 1280px) 100vw, 1280px\" \/><\/a>\n\t\t\t<\/div><\/figure><figure class='gallery-item'>\n\t\t\t<div class='gallery-icon landscape'>\n\t\t\t\t<a href='https:\/\/centralmedia.rs\/index.php\/2019\/07\/22\/novi-izgled-gradskog-trga\/fonatana2\/'><img loading=\"lazy\" decoding=\"async\" width=\"1280\" height=\"622\" src=\"https:\/\/centralmedia.rs\/wp-content\/uploads\/2019\/07\/fonatana2.jpg\" class=\"attachment-full size-full\" alt=\"\" srcset=\"https:\/\/centralmedia.rs\/wp-content\/uploads\/2019\/07\/fonatana2.jpg 1280w, https:\/\/centralmedia.rs\/wp-content\/uploads\/2019\/07\/fonatana2-300x146.jpg 300w, https:\/\/centralmedia.rs\/wp-content\/uploads\/2019\/07\/fonatana2-768x373.jpg 768w, https:\/\/centralmedia.rs\/wp-content\/uploads\/2019\/07\/fonatana2-1024x498.jpg 1024w, https:\/\/centralmedia.rs\/wp-content\/uploads\/2019\/07\/fonatana2-864x420.jpg 864w, https:\/\/centralmedia.rs\/wp-content\/uploads\/2019\/07\/fonatana2-640x311.jpg 640w, https:\/\/centralmedia.rs\/wp-content\/uploads\/2019\/07\/fonatana2-681x331.jpg 681w\" sizes=\"(max-width: 1280px) 100vw, 1280px\" \/><\/a>\n\t\t\t<\/div><\/figure><figure class='gallery-item'>\n\t\t\t<div class='gallery-icon landscape'>\n\t\t\t\t<a href='https:\/\/centralmedia.rs\/index.php\/2019\/07\/22\/novi-izgled-gradskog-trga\/fonatana3\/'><img loading=\"lazy\" decoding=\"async\" width=\"1280\" height=\"622\" src=\"https:\/\/centralmedia.rs\/wp-content\/uploads\/2019\/07\/fonatana3.jpg\" class=\"attachment-full size-full\" alt=\"\" srcset=\"https:\/\/centralmedia.rs\/wp-content\/uploads\/2019\/07\/fonatana3.jpg 1280w, https:\/\/centralmedia.rs\/wp-content\/uploads\/2019\/07\/fonatana3-300x146.jpg 300w, https:\/\/centralmedia.rs\/wp-content\/uploads\/2019\/07\/fonatana3-768x373.jpg 768w, https:\/\/centralmedia.rs\/wp-content\/uploads\/2019\/07\/fonatana3-1024x498.jpg 1024w, https:\/\/centralmedia.rs\/wp-content\/uploads\/2019\/07\/fonatana3-864x420.jpg 864w, https:\/\/centralmedia.rs\/wp-content\/uploads\/2019\/07\/fonatana3-640x311.jpg 640w, https:\/\/centralmedia.rs\/wp-content\/uploads\/2019\/07\/fonatana3-681x331.jpg 681w\" sizes=\"(max-width: 1280px) 100vw, 1280px\" \/><\/a>\n\t\t\t<\/div><\/figure><figure class='gallery-item'>\n\t\t\t<div class='gallery-icon landscape'>\n\t\t\t\t<a href='https:\/\/centralmedia.rs\/index.php\/2019\/07\/22\/novi-izgled-gradskog-trga\/fontana-1-3\/'><img loading=\"lazy\" decoding=\"async\" width=\"1280\" height=\"622\" src=\"https:\/\/centralmedia.rs\/wp-content\/uploads\/2019\/07\/fontana-1.jpg\" class=\"attachment-full size-full\" alt=\"\" srcset=\"https:\/\/centralmedia.rs\/wp-content\/uploads\/2019\/07\/fontana-1.jpg 1280w, https:\/\/centralmedia.rs\/wp-content\/uploads\/2019\/07\/fontana-1-300x146.jpg 300w, https:\/\/centralmedia.rs\/wp-content\/uploads\/2019\/07\/fontana-1-768x373.jpg 768w, https:\/\/centralmedia.rs\/wp-content\/uploads\/2019\/07\/fontana-1-1024x498.jpg 1024w, https:\/\/centralmedia.rs\/wp-content\/uploads\/2019\/07\/fontana-1-864x420.jpg 864w, https:\/\/centralmedia.rs\/wp-content\/uploads\/2019\/07\/fontana-1-640x311.jpg 640w, https:\/\/centralmedia.rs\/wp-content\/uploads\/2019\/07\/fontana-1-681x331.jpg 681w\" sizes=\"(max-width: 1280px) 100vw, 1280px\" \/><\/a>\n\t\t\t<\/div><\/figure>\n\t\t<\/div>\n\n","protected":false},"excerpt":{"rendered":"<p>PARA\u0106IN- Novi gradski trg u Para\u0107inu dobija svoje obrise. Uklonjena je za\u0161titna ograda na oko 2.500 kvadrata i primetno je da su radovi na fontani &hellip; <\/p>\n","protected":false},"author":2,"featured_media":19101,"comment_status":"open","ping_status":"open","sticky":false,"template":"","format":"standard","meta":{"footnotes":""},"categories":[1524,2,1516,887,16,12],"tags":[2216,3902,156],"_links":{"self":[{"href":"https:\/\/centralmedia.rs\/index.php\/wp-json\/wp\/v2\/posts\/19100"}],"collection":[{"href":"https:\/\/centralmedia.rs\/index.php\/wp-json\/wp\/v2\/posts"}],"about":[{"href":"https:\/\/centralmedia.rs\/index.php\/wp-json\/wp\/v2\/types\/post"}],"author":[{"embeddable":true,"href":"https:\/\/centralmedia.rs\/index.php\/wp-json\/wp\/v2\/users\/2"}],"replies":[{"embeddable":true,"href":"https:\/\/centralmedia.rs\/index.php\/wp-json\/wp\/v2\/comments?post=19100"}],"version-history":[{"count":1,"href":"https:\/\/centralmedia.rs\/index.php\/wp-json\/wp\/v2\/posts\/19100\/revisions"}],"predecessor-version":[{"id":19105,"href":"https:\/\/centralmedia.rs\/index.php\/wp-json\/wp\/v2\/posts\/19100\/revisions\/19105"}],"wp:featuredmedia":[{"embeddable":true,"href":"https:\/\/centralmedia.rs\/index.php\/wp-json\/wp\/v2\/media\/19101"}],"wp:attachment":[{"href":"https:\/\/centralmedia.rs\/index.php\/wp-json\/wp\/v2\/media?parent=19100"}],"wp:term":[{"taxonomy":"category","embeddable":true,"href":"https:\/\/centralmedia.rs\/index.php\/wp-json\/wp\/v2\/categories?post=19100"},{"taxonomy":"post_tag","embeddable":true,"href":"https:\/\/centralmedia.rs\/index.php\/wp-json\/wp\/v2\/tags?post=19100"}],"curies":[{"name":"wp","href":"https:\/\/api.w.org\/{rel}","templated":true}]}}