{"id":19151,"date":"2019-07-23T07:52:33","date_gmt":"2019-07-23T07:52:33","guid":{"rendered":"http:\/\/centralmedia.rs\/?p=19151"},"modified":"2019-07-25T15:04:57","modified_gmt":"2019-07-25T15:04:57","slug":"najavljena-obnova-sokolskog-doma","status":"publish","type":"post","link":"https:\/\/centralmedia.rs\/index.php\/2019\/07\/23\/najavljena-obnova-sokolskog-doma\/","title":{"rendered":"NAJAVLJENA OBNOVA SOKOLSKOG DOMA"},"content":{"rendered":"<p>\u0106UPRIJA- \u010clan Op\u0161tinskog ve\u0107a SO \u0106uprija Vladimir Vasiljevi\u0107 najavio je da uskoro o\u010dekuje potisivanje ugovora za obnovu objekta Sokolskog doma u tom gradu.<\/p>\n<p>&#8211; Re\u010d je o sportskom objektu, starom vi\u0161e decenija, koji \u0107e dobiti novi izgled. Pripremamo kompletnu rekonstrukciju terena, asfalt na terenu bi\u0107e zamenjen tartanom, \u0161to \u0107e u\u010diniti da Sokolski dom bude pristupa\u010dniji svim generacijama \u0106upri\u010dana.<\/p>\n<div id='gallery-1' class='gallery galleryid-19151 gallery-columns-4 gallery-size-thumbnail'><figure class='gallery-item'>\n\t\t\t<div class='gallery-icon portrait'>\n\t\t\t\t<a href='https:\/\/centralmedia.rs\/index.php\/2019\/07\/23\/najavljena-obnova-sokolskog-doma\/sokolski-dom2\/'><img loading=\"lazy\" decoding=\"async\" width=\"150\" height=\"150\" src=\"https:\/\/centralmedia.rs\/wp-content\/uploads\/2019\/07\/sokolski-dom2-150x150.jpg\" class=\"attachment-thumbnail size-thumbnail\" alt=\"\" \/><\/a>\n\t\t\t<\/div><\/figure><figure class='gallery-item'>\n\t\t\t<div class='gallery-icon portrait'>\n\t\t\t\t<a href='https:\/\/centralmedia.rs\/index.php\/2019\/07\/23\/najavljena-obnova-sokolskog-doma\/sokolski-dom1\/'><img loading=\"lazy\" decoding=\"async\" width=\"150\" height=\"150\" src=\"https:\/\/centralmedia.rs\/wp-content\/uploads\/2019\/07\/sokolski-dom1-150x150.jpg\" class=\"attachment-thumbnail size-thumbnail\" alt=\"\" \/><\/a>\n\t\t\t<\/div><\/figure><figure class='gallery-item'>\n\t\t\t<div class='gallery-icon landscape'>\n\t\t\t\t<a href='https:\/\/centralmedia.rs\/index.php\/2019\/07\/23\/najavljena-obnova-sokolskog-doma\/sokolski-dom\/'><img loading=\"lazy\" decoding=\"async\" width=\"150\" height=\"150\" src=\"https:\/\/centralmedia.rs\/wp-content\/uploads\/2019\/07\/sokolski-dom-150x150.jpg\" class=\"attachment-thumbnail size-thumbnail\" alt=\"\" \/><\/a>\n\t\t\t<\/div><\/figure><figure class='gallery-item'>\n\t\t\t<div class='gallery-icon landscape'>\n\t\t\t\t<a href='https:\/\/centralmedia.rs\/index.php\/2019\/07\/23\/najavljena-obnova-sokolskog-doma\/sokloski-dom2\/'><img loading=\"lazy\" decoding=\"async\" width=\"150\" height=\"150\" src=\"https:\/\/centralmedia.rs\/wp-content\/uploads\/2019\/07\/sokloski-dom2-150x150.jpg\" class=\"attachment-thumbnail size-thumbnail\" alt=\"\" \/><\/a>\n\t\t\t<\/div><\/figure>\n\t\t<\/div>\n\n<p>On je podsetio na projekte u sportu koji su realizovani i \u010dija je realizacija u toku, tu je pre svega izgradnja Atletskog centra Srbije, a ulaganja prate i sportski rezultati na doma\u0107im i me\u0111unarodnim takmi\u010denjima.<\/p>\n","protected":false},"excerpt":{"rendered":"<p>\u0106UPRIJA- \u010clan Op\u0161tinskog ve\u0107a SO \u0106uprija Vladimir Vasiljevi\u0107 najavio je da uskoro o\u010dekuje potisivanje ugovora za obnovu objekta Sokolskog doma u tom gradu. &#8211; Re\u010d &hellip; <\/p>\n","protected":false},"author":2,"featured_media":19152,"comment_status":"open","ping_status":"open","sticky":false,"template":"","format":"standard","meta":{"footnotes":""},"categories":[1515,1524,2,887,21,12],"tags":[44,1733,49],"_links":{"self":[{"href":"https:\/\/centralmedia.rs\/index.php\/wp-json\/wp\/v2\/posts\/19151"}],"collection":[{"href":"https:\/\/centralmedia.rs\/index.php\/wp-json\/wp\/v2\/posts"}],"about":[{"href":"https:\/\/centralmedia.rs\/index.php\/wp-json\/wp\/v2\/types\/post"}],"author":[{"embeddable":true,"href":"https:\/\/centralmedia.rs\/index.php\/wp-json\/wp\/v2\/users\/2"}],"replies":[{"embeddable":true,"href":"https:\/\/centralmedia.rs\/index.php\/wp-json\/wp\/v2\/comments?post=19151"}],"version-history":[{"count":1,"href":"https:\/\/centralmedia.rs\/index.php\/wp-json\/wp\/v2\/posts\/19151\/revisions"}],"predecessor-version":[{"id":19156,"href":"https:\/\/centralmedia.rs\/index.php\/wp-json\/wp\/v2\/posts\/19151\/revisions\/19156"}],"wp:featuredmedia":[{"embeddable":true,"href":"https:\/\/centralmedia.rs\/index.php\/wp-json\/wp\/v2\/media\/19152"}],"wp:attachment":[{"href":"https:\/\/centralmedia.rs\/index.php\/wp-json\/wp\/v2\/media?parent=19151"}],"wp:term":[{"taxonomy":"category","embeddable":true,"href":"https:\/\/centralmedia.rs\/index.php\/wp-json\/wp\/v2\/categories?post=19151"},{"taxonomy":"post_tag","embeddable":true,"href":"https:\/\/centralmedia.rs\/index.php\/wp-json\/wp\/v2\/tags?post=19151"}],"curies":[{"name":"wp","href":"https:\/\/api.w.org\/{rel}","templated":true}]}}