{"id":19157,"date":"2019-07-23T09:54:33","date_gmt":"2019-07-23T09:54:33","guid":{"rendered":"http:\/\/centralmedia.rs\/?p=19157"},"modified":"2019-07-28T08:32:52","modified_gmt":"2019-07-28T08:32:52","slug":"drugi-gran-pri-za-dokumentarni-film-peda-todorovic-najuspesniji-autor-na-festefu","status":"publish","type":"post","link":"https:\/\/centralmedia.rs\/index.php\/2019\/07\/23\/drugi-gran-pri-za-dokumentarni-film-peda-todorovic-najuspesniji-autor-na-festefu\/","title":{"rendered":"DRUGI GRAN PRI ZA DOKUMENTARNI FILM &#8211; PE\u0110A TODOROVI\u0106 NAJUSPE\u0160NIJI AUTOR NA FESTEFU"},"content":{"rendered":"<p>SVILAJNAC- Na 28. me\u0111unarodnom Festivalu televizijskog etnolo\u0161kog filma u Ku\u010devu dva filma autora Predraga Todorovi\u0107a u produkciji svilajan\u010dkog TV Centra osvojila su dve najve\u0107e festivalske nagrade. Dokumentarnom film \u201cLu-lu lu-lu\u201d dodeljen je Gran pri festivala i statueta Zlatni pastir, a filmu \u201cIgranka za pokojnog Emilijana\u201d dodeljen je Srebrni pastir za najbolji etnolo\u0161ki zapis. Dokumentarac o homoljskoj pesmi bez re\u010di, pre par nedelja, je osvojio i Gran pri festivala VRMD\u017dA FEST.<\/p>\n<div id='gallery-1' class='gallery galleryid-19157 gallery-columns-4 gallery-size-thumbnail'><figure class='gallery-item'>\n\t\t\t<div class='gallery-icon landscape'>\n\t\t\t\t<a href='https:\/\/centralmedia.rs\/index.php\/2019\/07\/23\/drugi-gran-pri-za-dokumentarni-film-peda-todorovic-najuspesniji-autor-na-festefu\/nagradjeni-10\/'><img loading=\"lazy\" decoding=\"async\" width=\"150\" height=\"150\" src=\"https:\/\/centralmedia.rs\/wp-content\/uploads\/2019\/07\/nagradjeni-150x150.jpg\" class=\"attachment-thumbnail size-thumbnail\" alt=\"\" \/><\/a>\n\t\t\t<\/div><\/figure><figure class='gallery-item'>\n\t\t\t<div class='gallery-icon landscape'>\n\t\t\t\t<a href='https:\/\/centralmedia.rs\/index.php\/2019\/07\/23\/drugi-gran-pri-za-dokumentarni-film-peda-todorovic-najuspesniji-autor-na-festefu\/pedja-3\/'><img loading=\"lazy\" decoding=\"async\" width=\"150\" height=\"150\" src=\"https:\/\/centralmedia.rs\/wp-content\/uploads\/2019\/07\/pedja-150x150.jpg\" class=\"attachment-thumbnail size-thumbnail\" alt=\"\" \/><\/a>\n\t\t\t<\/div><\/figure><figure class='gallery-item'>\n\t\t\t<div class='gallery-icon landscape'>\n\t\t\t\t<a href='https:\/\/centralmedia.rs\/index.php\/2019\/07\/23\/drugi-gran-pri-za-dokumentarni-film-peda-todorovic-najuspesniji-autor-na-festefu\/pedja1\/'><img loading=\"lazy\" decoding=\"async\" width=\"150\" height=\"150\" src=\"https:\/\/centralmedia.rs\/wp-content\/uploads\/2019\/07\/pedja1-150x150.jpg\" class=\"attachment-thumbnail size-thumbnail\" alt=\"\" \/><\/a>\n\t\t\t<\/div><\/figure><figure class='gallery-item'>\n\t\t\t<div class='gallery-icon landscape'>\n\t\t\t\t<a href='https:\/\/centralmedia.rs\/index.php\/2019\/07\/23\/drugi-gran-pri-za-dokumentarni-film-peda-todorovic-najuspesniji-autor-na-festefu\/tv-centar-2\/'><img loading=\"lazy\" decoding=\"async\" width=\"150\" height=\"150\" src=\"https:\/\/centralmedia.rs\/wp-content\/uploads\/2019\/07\/tv-centar-150x150.jpg\" class=\"attachment-thumbnail size-thumbnail\" alt=\"\" \/><\/a>\n\t\t\t<\/div><\/figure>\n\t\t<\/div>\n\n<p>&#8211; Nikada se ni na jednom festivalu dokumentarnog filma nije dogodilo da isti autor osvoji dve najve\u0107e nagrade sa dva razli\u010dita filma. \u017diri nije imao dilemu, pa je tako napravljen presedan. Lep je ose\u0107aj da posle Vrmd\u017ee, osvojimo Gran pri na FESTEF, ka\u017ee Todorovi\u0107.<\/p>\n<p>\u017diri 28. Festivala televizijskog etnolo\u0161kog filma \u2013 FESTEF, u sastavu Dr. Slobodan Naumovi\u0107, etnolog \u2013 predsednik, i \u010dlanovi Jelena Vukmanovi\u0107, urednik u RTV Vojvodine i Zvezdana Stanojevi\u0107, profesor i autorka etno filmova dodelio je GRAN PRI Festivala \u201eZlatni pastir\u201c filmu \u201eLu-lu lu-lu\u201c, autora Predraga Todorovi\u0107a, u produkciji TV Centra iz Svilajnca. U obrazlo\u017eenju nagrade stoji da film u prvi plan postavlja pote\u0161ko\u0107e sa kojima se strpljivo i vedro nosi osamdesetpetogodi\u0161nja Stana Milovanovi\u0107 dok poku\u0161ava da prenese svojoj \u0107erki \u017divojki ume\u0107e pevanja pastirskih \u201epesama bez re\u010di\u201c. Autorski tim uspeo je da njenu duhovitost nenametljivo i efektno prenese na film i da li\u010dnu pri\u010du pro\u0161iri na va\u017ene etnolo\u0161ke teme \u010duvanja nematerijalnog kulturnog nasle\u0111a Vlaha i te\u0161ku sudbinu dana\u0161njih sela.<\/p>\n<p>\u017diri je nagradu \u201eSrebrni pastir\u201c za etnolo\u0161ki zapis dodelio filmu \u201eIgranka za pokojnog Emilijana\u201c, autora Predraga Todorovi\u0107a, u produkciji TV Centra iz Svilajnca.<\/p>\n<p>Filmski zapis na pa\u017eljiv, odmeren i celovit na\u010din prenosi intimnu i tragi\u010dnu pri\u010du o igranci koju o\u017ealo\u0161\u0107eni roditelji namenjuju svom pokojnom sinu, \u0161to je osoben deo kulta mrtvih kod Vlaha, navodi se u obrazlo\u017eenju nagrade.<\/p>\n<p>Na Festivalu su sa dokumentarnim ostvarenjima u\u010destvovale doma\u0107e nacionale televizije RTS, RTV, TV Prva, kao i veliki broj stranih autora.<\/p>\n<p>&nbsp;<\/p>\n","protected":false},"excerpt":{"rendered":"<p>SVILAJNAC- Na 28. me\u0111unarodnom Festivalu televizijskog etnolo\u0161kog filma u Ku\u010devu dva filma autora Predraga Todorovi\u0107a u produkciji svilajan\u010dkog TV Centra osvojila su dve najve\u0107e festivalske &hellip; <\/p>\n","protected":false},"author":2,"featured_media":19158,"comment_status":"open","ping_status":"open","sticky":false,"template":"","format":"standard","meta":{"footnotes":""},"categories":[1524,2,15,887,12,1517],"tags":[2174,3906,264],"_links":{"self":[{"href":"https:\/\/centralmedia.rs\/index.php\/wp-json\/wp\/v2\/posts\/19157"}],"collection":[{"href":"https:\/\/centralmedia.rs\/index.php\/wp-json\/wp\/v2\/posts"}],"about":[{"href":"https:\/\/centralmedia.rs\/index.php\/wp-json\/wp\/v2\/types\/post"}],"author":[{"embeddable":true,"href":"https:\/\/centralmedia.rs\/index.php\/wp-json\/wp\/v2\/users\/2"}],"replies":[{"embeddable":true,"href":"https:\/\/centralmedia.rs\/index.php\/wp-json\/wp\/v2\/comments?post=19157"}],"version-history":[{"count":2,"href":"https:\/\/centralmedia.rs\/index.php\/wp-json\/wp\/v2\/posts\/19157\/revisions"}],"predecessor-version":[{"id":19163,"href":"https:\/\/centralmedia.rs\/index.php\/wp-json\/wp\/v2\/posts\/19157\/revisions\/19163"}],"wp:featuredmedia":[{"embeddable":true,"href":"https:\/\/centralmedia.rs\/index.php\/wp-json\/wp\/v2\/media\/19158"}],"wp:attachment":[{"href":"https:\/\/centralmedia.rs\/index.php\/wp-json\/wp\/v2\/media?parent=19157"}],"wp:term":[{"taxonomy":"category","embeddable":true,"href":"https:\/\/centralmedia.rs\/index.php\/wp-json\/wp\/v2\/categories?post=19157"},{"taxonomy":"post_tag","embeddable":true,"href":"https:\/\/centralmedia.rs\/index.php\/wp-json\/wp\/v2\/tags?post=19157"}],"curies":[{"name":"wp","href":"https:\/\/api.w.org\/{rel}","templated":true}]}}