{"id":19165,"date":"2019-07-24T09:31:44","date_gmt":"2019-07-24T09:31:44","guid":{"rendered":"http:\/\/centralmedia.rs\/?p=19165"},"modified":"2019-07-25T15:05:10","modified_gmt":"2019-07-25T15:05:10","slug":"u-krezbincu-kod-paracina-obijao-crkvenu-imovinu-i-palio-crkvene-knjige","status":"publish","type":"post","link":"https:\/\/centralmedia.rs\/index.php\/2019\/07\/24\/u-krezbincu-kod-paracina-obijao-crkvenu-imovinu-i-palio-crkvene-knjige\/","title":{"rendered":"U KRE\u017dBINCU KOD PARA\u0106INA &#8211; OBIJAO CRKVENU IMOVINU I PALIO CRKVENE KNJIGE"},"content":{"rendered":"<p>PARA\u0106IN- Pripadnici Ministarstva unutra\u0161njih poslova u Para\u0107inu uhapsili su V. J. (40) iz Para\u0107ina, zbog postojanja osnova sumnje da je izvr\u0161io krivi\u010dno delo izazivanje op\u0161te opasnosti, saop\u0161teno iz MUP Srbija.<\/p>\n<p>Sumnja se da je on sino\u0107 prvo provalio u biblioteku crkve \u201eSveta mu\u010denica Nedelja\u201c u selu Kre\u017ebinac iz koje je uzeo knjige i zapalio ih. Tako\u0111e se sumnji\u010di da je nakon toga obio vrata crkve, polomio deo inventara i zapalio platno na stolu na kom su bile crkvene knjige.<\/p>\n<p>Osumnji\u010denom je odre\u0111eno zadr\u017eavanje do 48 sati i on \u0107e, uz krivi\u010dnu prijavu, biti priveden nadle\u017enom tu\u017eiocu.<\/p>\n","protected":false},"excerpt":{"rendered":"<p>PARA\u0106IN- Pripadnici Ministarstva unutra\u0161njih poslova u Para\u0107inu uhapsili su V. J. (40) iz Para\u0107ina, zbog postojanja osnova sumnje da je izvr\u0161io krivi\u010dno delo izazivanje op\u0161te &hellip; <\/p>\n","protected":false},"author":2,"featured_media":14025,"comment_status":"open","ping_status":"open","sticky":false,"template":"","format":"standard","meta":{"footnotes":""},"categories":[1524,20,2,1516,12],"tags":[3907,3908,156],"_links":{"self":[{"href":"https:\/\/centralmedia.rs\/index.php\/wp-json\/wp\/v2\/posts\/19165"}],"collection":[{"href":"https:\/\/centralmedia.rs\/index.php\/wp-json\/wp\/v2\/posts"}],"about":[{"href":"https:\/\/centralmedia.rs\/index.php\/wp-json\/wp\/v2\/types\/post"}],"author":[{"embeddable":true,"href":"https:\/\/centralmedia.rs\/index.php\/wp-json\/wp\/v2\/users\/2"}],"replies":[{"embeddable":true,"href":"https:\/\/centralmedia.rs\/index.php\/wp-json\/wp\/v2\/comments?post=19165"}],"version-history":[{"count":1,"href":"https:\/\/centralmedia.rs\/index.php\/wp-json\/wp\/v2\/posts\/19165\/revisions"}],"predecessor-version":[{"id":19166,"href":"https:\/\/centralmedia.rs\/index.php\/wp-json\/wp\/v2\/posts\/19165\/revisions\/19166"}],"wp:featuredmedia":[{"embeddable":true,"href":"https:\/\/centralmedia.rs\/index.php\/wp-json\/wp\/v2\/media\/14025"}],"wp:attachment":[{"href":"https:\/\/centralmedia.rs\/index.php\/wp-json\/wp\/v2\/media?parent=19165"}],"wp:term":[{"taxonomy":"category","embeddable":true,"href":"https:\/\/centralmedia.rs\/index.php\/wp-json\/wp\/v2\/categories?post=19165"},{"taxonomy":"post_tag","embeddable":true,"href":"https:\/\/centralmedia.rs\/index.php\/wp-json\/wp\/v2\/tags?post=19165"}],"curies":[{"name":"wp","href":"https:\/\/api.w.org\/{rel}","templated":true}]}}