{"id":19167,"date":"2019-07-24T12:22:00","date_gmt":"2019-07-24T12:22:00","guid":{"rendered":"http:\/\/centralmedia.rs\/?p=19167"},"modified":"2019-07-25T15:05:19","modified_gmt":"2019-07-25T15:05:19","slug":"nekoliko-hiljada-sviljancana-na-koncertu-snezane-durisic-foto","status":"publish","type":"post","link":"https:\/\/centralmedia.rs\/index.php\/2019\/07\/24\/nekoliko-hiljada-sviljancana-na-koncertu-snezane-durisic-foto\/","title":{"rendered":"NEKOLIKO HILJADA SVILJAN\u010cANA NA  KONCERTU SNE\u017dANE \u0110URI\u0160I\u0106 (FOTO)"},"content":{"rendered":"<p>SVILAJNAC- Koncertu Sne\u017eane \u0110uri\u0161i\u0107 i Velikog narodnog orkestra RTS-a, odr\u017eanom sino\u0107 na trgu Stevana Sin\u0111eli\u0107a u Svilajncu, prisustvovalo je nekoliko hiljada gra\u0111ana iz pomoravlja. Veliko interesovanje gra\u0111ana ne iznena\u0111uje, jer je poznata peva\u010dica narodnih pesama nastupila sa orkestrom RTS \u0161to je donelo i umetni\u010dku notu nastupu. U publici su bile sve generacije, od najmla\u0111ih do najstarijih, i svi su podjednako u\u017eivali u Sne\u017eaninim pesmama i muziciranju virtuoa iz orkestra RTS .<\/p>\n<div id='gallery-1' class='gallery galleryid-19167 gallery-columns-9 gallery-size-thumbnail'><figure class='gallery-item'>\n\t\t\t<div class='gallery-icon landscape'>\n\t\t\t\t<a href='https:\/\/centralmedia.rs\/index.php\/2019\/07\/24\/nekoliko-hiljada-sviljancana-na-koncertu-snezane-durisic-foto\/publika-8\/'><img loading=\"lazy\" decoding=\"async\" width=\"150\" height=\"150\" src=\"https:\/\/centralmedia.rs\/wp-content\/uploads\/2019\/07\/publika-8-150x150.jpg\" class=\"attachment-thumbnail size-thumbnail\" alt=\"\" \/><\/a>\n\t\t\t<\/div><\/figure><figure class='gallery-item'>\n\t\t\t<div class='gallery-icon landscape'>\n\t\t\t\t<a href='https:\/\/centralmedia.rs\/index.php\/2019\/07\/24\/nekoliko-hiljada-sviljancana-na-koncertu-snezane-durisic-foto\/publika-6\/'><img loading=\"lazy\" decoding=\"async\" width=\"150\" height=\"150\" src=\"https:\/\/centralmedia.rs\/wp-content\/uploads\/2019\/07\/publika-2-150x150.jpg\" class=\"attachment-thumbnail size-thumbnail\" alt=\"\" \/><\/a>\n\t\t\t<\/div><\/figure><figure class='gallery-item'>\n\t\t\t<div class='gallery-icon landscape'>\n\t\t\t\t<a href='https:\/\/centralmedia.rs\/index.php\/2019\/07\/24\/nekoliko-hiljada-sviljancana-na-koncertu-snezane-durisic-foto\/senzana-6\/'><img loading=\"lazy\" decoding=\"async\" width=\"150\" height=\"150\" src=\"https:\/\/centralmedia.rs\/wp-content\/uploads\/2019\/07\/senzana-6-150x150.jpg\" class=\"attachment-thumbnail size-thumbnail\" alt=\"\" \/><\/a>\n\t\t\t<\/div><\/figure><figure class='gallery-item'>\n\t\t\t<div class='gallery-icon landscape'>\n\t\t\t\t<a href='https:\/\/centralmedia.rs\/index.php\/2019\/07\/24\/nekoliko-hiljada-sviljancana-na-koncertu-snezane-durisic-foto\/snezana-1\/'><img loading=\"lazy\" decoding=\"async\" width=\"150\" height=\"150\" src=\"https:\/\/centralmedia.rs\/wp-content\/uploads\/2019\/07\/snezana-1-150x150.jpg\" class=\"attachment-thumbnail size-thumbnail\" alt=\"\" \/><\/a>\n\t\t\t<\/div><\/figure><figure class='gallery-item'>\n\t\t\t<div class='gallery-icon landscape'>\n\t\t\t\t<a href='https:\/\/centralmedia.rs\/index.php\/2019\/07\/24\/nekoliko-hiljada-sviljancana-na-koncertu-snezane-durisic-foto\/snezana-2\/'><img loading=\"lazy\" decoding=\"async\" width=\"150\" height=\"150\" src=\"https:\/\/centralmedia.rs\/wp-content\/uploads\/2019\/07\/snezana-2-150x150.jpg\" class=\"attachment-thumbnail size-thumbnail\" alt=\"\" \/><\/a>\n\t\t\t<\/div><\/figure><figure class='gallery-item'>\n\t\t\t<div class='gallery-icon landscape'>\n\t\t\t\t<a href='https:\/\/centralmedia.rs\/index.php\/2019\/07\/24\/nekoliko-hiljada-sviljancana-na-koncertu-snezane-durisic-foto\/snezana-3\/'><img loading=\"lazy\" decoding=\"async\" width=\"150\" height=\"150\" src=\"https:\/\/centralmedia.rs\/wp-content\/uploads\/2019\/07\/snezana-3-150x150.jpg\" class=\"attachment-thumbnail size-thumbnail\" alt=\"\" \/><\/a>\n\t\t\t<\/div><\/figure><figure class='gallery-item'>\n\t\t\t<div class='gallery-icon landscape'>\n\t\t\t\t<a href='https:\/\/centralmedia.rs\/index.php\/2019\/07\/24\/nekoliko-hiljada-sviljancana-na-koncertu-snezane-durisic-foto\/snezana-4\/'><img loading=\"lazy\" decoding=\"async\" width=\"150\" height=\"150\" src=\"https:\/\/centralmedia.rs\/wp-content\/uploads\/2019\/07\/snezana-4-150x150.jpg\" class=\"attachment-thumbnail size-thumbnail\" alt=\"\" \/><\/a>\n\t\t\t<\/div><\/figure><figure class='gallery-item'>\n\t\t\t<div class='gallery-icon landscape'>\n\t\t\t\t<a href='https:\/\/centralmedia.rs\/index.php\/2019\/07\/24\/nekoliko-hiljada-sviljancana-na-koncertu-snezane-durisic-foto\/snezana-5\/'><img loading=\"lazy\" decoding=\"async\" width=\"150\" height=\"150\" src=\"https:\/\/centralmedia.rs\/wp-content\/uploads\/2019\/07\/snezana-5-150x150.jpg\" class=\"attachment-thumbnail size-thumbnail\" alt=\"\" \/><\/a>\n\t\t\t<\/div><\/figure><figure class='gallery-item'>\n\t\t\t<div class='gallery-icon landscape'>\n\t\t\t\t<a href='https:\/\/centralmedia.rs\/index.php\/2019\/07\/24\/nekoliko-hiljada-sviljancana-na-koncertu-snezane-durisic-foto\/snezana-7\/'><img loading=\"lazy\" decoding=\"async\" width=\"150\" height=\"150\" src=\"https:\/\/centralmedia.rs\/wp-content\/uploads\/2019\/07\/snezana-7-150x150.jpg\" class=\"attachment-thumbnail size-thumbnail\" alt=\"\" \/><\/a>\n\t\t\t<\/div><\/figure>\n\t\t<\/div>\n\n","protected":false},"excerpt":{"rendered":"<p>SVILAJNAC- Koncertu Sne\u017eane \u0110uri\u0161i\u0107 i Velikog narodnog orkestra RTS-a, odr\u017eanom sino\u0107 na trgu Stevana Sin\u0111eli\u0107a u Svilajncu, prisustvovalo je nekoliko hiljada gra\u0111ana iz pomoravlja. Veliko &hellip; <\/p>\n","protected":false},"author":2,"featured_media":19168,"comment_status":"open","ping_status":"open","sticky":false,"template":"","format":"standard","meta":{"footnotes":""},"categories":[1524,2,23,887,1517,3055],"tags":[3909,38],"_links":{"self":[{"href":"https:\/\/centralmedia.rs\/index.php\/wp-json\/wp\/v2\/posts\/19167"}],"collection":[{"href":"https:\/\/centralmedia.rs\/index.php\/wp-json\/wp\/v2\/posts"}],"about":[{"href":"https:\/\/centralmedia.rs\/index.php\/wp-json\/wp\/v2\/types\/post"}],"author":[{"embeddable":true,"href":"https:\/\/centralmedia.rs\/index.php\/wp-json\/wp\/v2\/users\/2"}],"replies":[{"embeddable":true,"href":"https:\/\/centralmedia.rs\/index.php\/wp-json\/wp\/v2\/comments?post=19167"}],"version-history":[{"count":1,"href":"https:\/\/centralmedia.rs\/index.php\/wp-json\/wp\/v2\/posts\/19167\/revisions"}],"predecessor-version":[{"id":19178,"href":"https:\/\/centralmedia.rs\/index.php\/wp-json\/wp\/v2\/posts\/19167\/revisions\/19178"}],"wp:featuredmedia":[{"embeddable":true,"href":"https:\/\/centralmedia.rs\/index.php\/wp-json\/wp\/v2\/media\/19168"}],"wp:attachment":[{"href":"https:\/\/centralmedia.rs\/index.php\/wp-json\/wp\/v2\/media?parent=19167"}],"wp:term":[{"taxonomy":"category","embeddable":true,"href":"https:\/\/centralmedia.rs\/index.php\/wp-json\/wp\/v2\/categories?post=19167"},{"taxonomy":"post_tag","embeddable":true,"href":"https:\/\/centralmedia.rs\/index.php\/wp-json\/wp\/v2\/tags?post=19167"}],"curies":[{"name":"wp","href":"https:\/\/api.w.org\/{rel}","templated":true}]}}