{"id":19179,"date":"2019-07-24T13:30:52","date_gmt":"2019-07-24T13:30:52","guid":{"rendered":"http:\/\/centralmedia.rs\/?p=19179"},"modified":"2019-07-28T08:29:20","modified_gmt":"2019-07-28T08:29:20","slug":"demant-opstine-paracin-na-pisanje-informera-pinka-i-srbija-danas","status":"publish","type":"post","link":"https:\/\/centralmedia.rs\/index.php\/2019\/07\/24\/demant-opstine-paracin-na-pisanje-informera-pinka-i-srbija-danas\/","title":{"rendered":"DEMANT OP\u0160TINE PARA\u0106IN NA PISANJE INFORMERA, PINKA I SRBIJA DANAS"},"content":{"rendered":"<p>Povodom tekstova na portalima pink, informer i srbija danas, u kojima je izneto niz spekulacija i neta\u010dnih \u010dinjenica, Odsek za informisanje SO Para\u0107in uputio je demant slede\u0107e sadr\u017eine.<\/p>\n<p>PREDMET: Demant (Odgovor)<\/p>\n<p>Povodom tekstova koji su portali pink.rs, informer.rs i srbijadanas.com objavili pod nazivom: \u201eSKANDAL U PARA\u0106INU! Predsednik op\u0161tine pretio slu\u017ebenici Centra za socijalni rad: Ili moj direktor, ili otkaz!&#8221; u utorak, 23.jula 2019 godine, \u00a0\u00a0na osnovu Zakona o informisanju isnistiramo da \u00a0objavite slede\u0107i demanti (Odgovor) Odseka za informisanje Skup\u0161tine op\u0161tine Para\u0107in:<\/p>\n<ol>\n<li>Neistinit je navod da je &#8221;predsednik slagao&#8221; da se \u010duo sa Anom Brnabi\u0107 i Bratislavom Ga\u0161i\u0107em povodom \u010dinjenice da nadle\u017eno ministarstvo ve\u0107 tri godine ne ispunjava uredno svoju zakonsku obavezu da da mi\u0161ljenje na predlog op\u0161tine na postavljenje v.d.direktora Centra za socijalni rad.<\/li>\n<\/ol>\n<p>Naime, predsednik op\u0161tine u okviru svojih du\u017enosti je uputio vi\u0161e dopisa nadle\u017enom ministarstvu i na druge na\u010dine se zatim direktno obratio predsednici Vlade Srbije kako bi procedura postavljenja v.d. direktora, posle tri godine\u00a0 od kako je dosada\u0161nja direktorka podnela neopozivu ostavku smatraju\u0107i da ne mo\u017ee da obavlja ovu du\u017enost, bila &#8221;otko\u010dena&#8221; u nadle\u017enom ministarstvu.<\/p>\n<p>S tim u vezi izrazio je sumnju da je re\u010d o &#8221;politi\u010dkoj blokadi&#8221; od strane Srpske napredne stranke. Ovim povodom u telefonskom razgovoru g.din Bratislav Ga\u0161i\u0107, biv\u0161i potpredsednik Srpske napredne stranke obavestio je predsednika op\u0161tine da ne postoji nikakva &#8221;politi\u010dka blokada SNS&#8221; u ovom pogledu, niti bi smela da postoji po njegovim saznanjima, a \u010dinjenica da je ovakvu poruku preneo upravo g.din Ga\u0161i\u0107 najverovatnije je povezana sa teritorijalnom podelom poslova u ovoj politi\u010dkoj stranci i iznetim sumnjama u komunikaciji sa premijerom.<\/p>\n<p>U tom smislu jedina gre\u0161ka u neovla\u0161\u0107eno snimljenom razgovoru u izjavi predsednika op\u0161tine je kori\u0161\u0107enje dr\u017eavne (&#8221;\u0161ef BIA&#8221;) umesto partijske titule g.dina Ga\u0161i\u0107a, \u0161to za su\u0161tinu razgovora nije od presudne va\u017enosti.<\/p>\n<p>Izostanak postavljenja v.d.direktora Centar za socijalni rad zna\u010di \u00a0da \u0107e 295 porodica sa 1-6 \u010dlanova ostati bez pomo\u0107i koju obezbe\u0111uje Centar za socijalni rad, a zaposleni bez plata, oko 300 predmeta tu\u0111ih nega osta\u0107e bez mogu\u0107nosti revidiranja kao i mogu\u0107nosti priznavanja prava novim korisnicima, oko 500 mese\u010dnih zahteva za trenutnu nov\u010danu pomo\u0107 ne\u0107e mo\u0107i biti re\u0161eno, kao i desetine nedeljnih zahteva za nabavku lekova ne\u0107e se mo\u0107i re\u0161iti \u0161to \u0107e \u017eivotno ugroziti pacijente, te da \u0107e sve druge funkcije Centra, od brige o osobama sa te\u0161kim smetnjama u razvoju u Domu u Izvoru koji \u0107e ostati bez struje, hrane i sl.do spre\u010davanja nasilja u porodici biti tako\u0111e obustavljene i da \u0107e te osobe postati \u017eivotno ugro\u017eene.<\/p>\n<p>Iz navedenog je jasno o koliko va\u017enoj proceduri je re\u010d.<\/p>\n<ol start=\"2\">\n<li>Neistinit je navod da je predsednik tra\u017eio &#8221;ostavku radnika ako ne bude postavljen novi direktor&#8221;<\/li>\n<\/ol>\n<p>Predsednik op\u0161tine obave\u0161ten je od strane radnika pravne slu\u017ebe u op\u0161tini da dostavljena dokumentacija za sednicu Op\u0161tinskog ve\u0107a ima po njihovom mi\u0161ljenju manjkavosti. Budu\u0107i da je re\u010d o dokumentu koji upravo predsednik op\u0161tine treba da stavi na dnevni red Op\u0161tinskog ve\u0107a i uputi ministarstvu uz svoj potpis, te da u Centru vi\u0161e nema direktora kome bi se obratio, obavio je razgovor sa &#8221;rukovodiocem pravne slu\u017ebe Centra&#8221; koga predsednik op\u0161tine li\u010dno ne poznaje i u razgovoru tra\u017eio uverenje i garancije da je re\u010d o ispravno napisanom dokumentu koji treba proslediti nadle\u017enom ministarstvu. Ovo tra\u017eenje garancija nije slu\u010dajno, budu\u0107i da je upravo manjkavost dokumentacije i procedure u nekim slu\u010dajevima bila navodni razlog\u00a0 za nedostavljanje zakonom neophodnog mi\u0161ljenja za postavljenje v.d. direktora Centra za socijalni rad u predhodnim godinama.<\/p>\n<p>Koliko je odgovornost ministarstva velika ukoliko mi\u0161ljenje ne bude dostavljeno na vreme, toliko je velika i odgovornost op\u0161tine ako ne dostavlja formalno ispravnu dokumentaciju.<\/p>\n<p>Iz svega navedenog jasno je da je predsednik op\u0161tine razgovor obavio kao predsednik organa koji treba da razmatra dokument koji je upravo pripremila pravna slu\u017eba Centra za socijalni rad, a koji je od ogromnog zna\u010daja za veliki broj najugro\u017eenijih gra\u0111ana op\u0161tine, te da, po na\u0161em mi\u0161ljenju, ni u jednom detalju nije iza\u0161ao van svojih nadle\u017enosti.<\/p>\n<p>S druge strane razgovor je neovla\u0161\u0107eno sniman \u0161to \u0107e svakako imati odre\u0111ene pravne posledice, navodi se odgovoru\u00a0ODSEKA ZA INFORMISANjE SKUP\u0160TINE OP\u0160TINE PARA\u0106IN<\/p>\n<p>Navedeni mediji su objavili nezakonito snimljen i montiran razgovor, kao i spekulaciju da je re\u010d o mobingu.<\/p>\n<p>&nbsp;<\/p>\n","protected":false},"excerpt":{"rendered":"<p>Povodom tekstova na portalima pink, informer i srbija danas, u kojima je izneto niz spekulacija i neta\u010dnih \u010dinjenica, Odsek za informisanje SO Para\u0107in uputio je &hellip; <\/p>\n","protected":false},"author":2,"featured_media":11816,"comment_status":"open","ping_status":"open","sticky":false,"template":"","format":"standard","meta":{"footnotes":""},"categories":[1524,2,1516,13,887,12],"tags":[2340,3718],"_links":{"self":[{"href":"https:\/\/centralmedia.rs\/index.php\/wp-json\/wp\/v2\/posts\/19179"}],"collection":[{"href":"https:\/\/centralmedia.rs\/index.php\/wp-json\/wp\/v2\/posts"}],"about":[{"href":"https:\/\/centralmedia.rs\/index.php\/wp-json\/wp\/v2\/types\/post"}],"author":[{"embeddable":true,"href":"https:\/\/centralmedia.rs\/index.php\/wp-json\/wp\/v2\/users\/2"}],"replies":[{"embeddable":true,"href":"https:\/\/centralmedia.rs\/index.php\/wp-json\/wp\/v2\/comments?post=19179"}],"version-history":[{"count":5,"href":"https:\/\/centralmedia.rs\/index.php\/wp-json\/wp\/v2\/posts\/19179\/revisions"}],"predecessor-version":[{"id":19184,"href":"https:\/\/centralmedia.rs\/index.php\/wp-json\/wp\/v2\/posts\/19179\/revisions\/19184"}],"wp:featuredmedia":[{"embeddable":true,"href":"https:\/\/centralmedia.rs\/index.php\/wp-json\/wp\/v2\/media\/11816"}],"wp:attachment":[{"href":"https:\/\/centralmedia.rs\/index.php\/wp-json\/wp\/v2\/media?parent=19179"}],"wp:term":[{"taxonomy":"category","embeddable":true,"href":"https:\/\/centralmedia.rs\/index.php\/wp-json\/wp\/v2\/categories?post=19179"},{"taxonomy":"post_tag","embeddable":true,"href":"https:\/\/centralmedia.rs\/index.php\/wp-json\/wp\/v2\/tags?post=19179"}],"curies":[{"name":"wp","href":"https:\/\/api.w.org\/{rel}","templated":true}]}}