{"id":1922,"date":"2016-01-21T08:08:19","date_gmt":"2016-01-21T08:08:19","guid":{"rendered":"http:\/\/centralmedia.rs\/?p=1922"},"modified":"2016-01-21T08:08:19","modified_gmt":"2016-01-21T08:08:19","slug":"ubica-iz-koncareva-svi-ga-se-odrekli","status":"publish","type":"post","link":"https:\/\/centralmedia.rs\/index.php\/2016\/01\/21\/ubica-iz-koncareva-svi-ga-se-odrekli\/","title":{"rendered":"UBICA IZ KON\u010cAREVA &#8211; SVI GA SE ODREKLI"},"content":{"rendered":"<p>JAGODINA-Od ubice Zorana Markovi\u0107a (36) odrekli su se porodica, ro\u0111aci i me\u0161tani njegovog rodnog sela Kon\u010dareva kod Jagodine. Prebio je strinu, oplja\u010dkao majku i \u0161uraka, stalnim plja\u010dkama terorisao kom\u0161ije i selo, a to je samo deo onog \u0161to je po\u010dinio I zbog \u010dega je do sada proveo u popravnim ustanovama I zatvorima 20 godina.  U utorak ujutru on je ubio  cimera iz zatvorske \u0107elije u Padinskoj Skeli.<br \/>\n\t-Sa 11 godina pobego je od ku\u0107e i posle nedelju dana policija ga je na\u0161la u  Beogradu. Spavao je po klupama i ko zna \u0161ta sve radio. Pominjao je imena kriminalaca, Legije, bagtija. Zbog toga zavr\u0161io je u vaspitnoj ustanovi u Kru\u0161evcu i od tada je proveo 20 godina u zatvorima od Zaje\u010dara, preko Ni\u0161a i sada Padinske Skele, pri\u010da majka ubice Stanka Markovi\u0107 (65).<br \/>\n<figure id=\"attachment_1924\" aria-describedby=\"caption-attachment-1924\" style=\"width: 300px\" class=\"wp-caption alignnone\"><a href=\"https:\/\/centralmedia.rs\/wp-content\/uploads\/2016\/01\/stanka-markovic-jagodina-g.j..jpg\" rel=\"attachment wp-att-1924\"><img loading=\"lazy\" decoding=\"async\" src=\"https:\/\/centralmedia.rs\/wp-content\/uploads\/2016\/01\/stanka-markovic-jagodina-g.j.-300x225.jpg\" alt=\"Stanka Markovi\u0107\" width=\"300\" height=\"225\" class=\"size-medium wp-image-1924\" srcset=\"https:\/\/centralmedia.rs\/wp-content\/uploads\/2016\/01\/stanka-markovic-jagodina-g.j.-300x225.jpg 300w, https:\/\/centralmedia.rs\/wp-content\/uploads\/2016\/01\/stanka-markovic-jagodina-g.j.-768x576.jpg 768w, https:\/\/centralmedia.rs\/wp-content\/uploads\/2016\/01\/stanka-markovic-jagodina-g.j.-80x60.jpg 80w, https:\/\/centralmedia.rs\/wp-content\/uploads\/2016\/01\/stanka-markovic-jagodina-g.j.-265x198.jpg 265w, https:\/\/centralmedia.rs\/wp-content\/uploads\/2016\/01\/stanka-markovic-jagodina-g.j..jpg 900w\" sizes=\"(max-width: 300px) 100vw, 300px\" \/><\/a><figcaption id=\"caption-attachment-1924\" class=\"wp-caption-text\">Stanka Markovi\u0107<\/figcaption><\/figure><br \/>\nKada je videla vest na televiziji o ubistvu u zatvoru ona je odmah posumnjala da je re\u010d o njenom sinu Zoranu.<br \/>\n-Koliko sam videla vesti na televiziji odmah sam posumnjala da je re\u010d o njemu,ne\u0161to me je preseklo. Zvala sam \u0107erke i one su mi potvrdile. \u010cula sam da je Zoran predhodno bio napadnut, pa ga je zato uzvratio napad cimeru kada je zaspao, ka\u017ee Stanka i nastavlja ,,nisam u kontaktu sa Zoranom ve\u0107 tri godine, odnosno od kada je oti\u0161ao u Padinsku Skelu. Ne javljam se na njegove pozive. Ne\u0107u ni sada da idem kod njega,neka odgovara za ono \u0161to je uradio\u201d. <\/p>\n<p>Zoran je pre Padinske Skele proveo petnaestak godina u vaspitno popravnim ustanovama i zatvorima.<br \/>\n&#8211; Nije mogao da se sna\u0111e na slobodi. Poku\u0161avao je da radi, ali nije mu i\u0161lo. Mene je \u010dak pokrao, stavio mi je tabletu za spavanje u kafu i kada sam zaspala on mi je uzeo 7.000 dinara, podse\u0107a se Stanka sinovljevih kra\u0111a.<br \/>\n<a href=\"https:\/\/centralmedia.rs\/wp-content\/uploads\/2016\/01\/stanka-markovic-1-jagodina-g.j..jpg\" rel=\"attachment wp-att-1925\"><img loading=\"lazy\" decoding=\"async\" src=\"https:\/\/centralmedia.rs\/wp-content\/uploads\/2016\/01\/stanka-markovic-1-jagodina-g.j.-300x225.jpg\" alt=\"stanka markovic 1-jagodina-g.j.\" width=\"300\" height=\"225\" class=\"alignnone size-medium wp-image-1925\" srcset=\"https:\/\/centralmedia.rs\/wp-content\/uploads\/2016\/01\/stanka-markovic-1-jagodina-g.j.-300x225.jpg 300w, https:\/\/centralmedia.rs\/wp-content\/uploads\/2016\/01\/stanka-markovic-1-jagodina-g.j.-768x576.jpg 768w, https:\/\/centralmedia.rs\/wp-content\/uploads\/2016\/01\/stanka-markovic-1-jagodina-g.j.-80x60.jpg 80w, https:\/\/centralmedia.rs\/wp-content\/uploads\/2016\/01\/stanka-markovic-1-jagodina-g.j.-265x198.jpg 265w, https:\/\/centralmedia.rs\/wp-content\/uploads\/2016\/01\/stanka-markovic-1-jagodina-g.j..jpg 900w\" sizes=\"(max-width: 300px) 100vw, 300px\" \/><\/a><br \/>\n Posle popravnog doma bio godinu na slobodi, pa je odle\u017eao deset godina u Ni\u0161u, a onda za manje od godinu dana po\u010dinio seriju krivi\u010dnih dela, kao i poku\u0161aj ubistava strine Bo\u017eice, i pre tri godine poslat da le\u017ei 11. godi\u0161nju robiju.<br \/>\n-Zoran koristi tablete jer ima psihi\u010dke probleme. Ali, jel mu je falilo ne\u0161to da \u017eivi samnom? Kad mu prebacim ne\u0161to i ka\u017eem da se uozbilji, on se dere na mene i odlazi. Ne znam gde odlazi, skupljenih ramena pri\u010da Stanka.<br \/>\n<figure id=\"attachment_1926\" aria-describedby=\"caption-attachment-1926\" style=\"width: 300px\" class=\"wp-caption alignnone\"><a href=\"https:\/\/centralmedia.rs\/wp-content\/uploads\/2016\/01\/milan-milanovic-jagdoina-g.j..jpg\" rel=\"attachment wp-att-1926\"><img loading=\"lazy\" decoding=\"async\" src=\"https:\/\/centralmedia.rs\/wp-content\/uploads\/2016\/01\/milan-milanovic-jagdoina-g.j.-300x225.jpg\" alt=\"MIlan Milanovi\u0107\" width=\"300\" height=\"225\" class=\"size-medium wp-image-1926\" srcset=\"https:\/\/centralmedia.rs\/wp-content\/uploads\/2016\/01\/milan-milanovic-jagdoina-g.j.-300x225.jpg 300w, https:\/\/centralmedia.rs\/wp-content\/uploads\/2016\/01\/milan-milanovic-jagdoina-g.j.-768x576.jpg 768w, https:\/\/centralmedia.rs\/wp-content\/uploads\/2016\/01\/milan-milanovic-jagdoina-g.j.-80x60.jpg 80w, https:\/\/centralmedia.rs\/wp-content\/uploads\/2016\/01\/milan-milanovic-jagdoina-g.j.-265x198.jpg 265w, https:\/\/centralmedia.rs\/wp-content\/uploads\/2016\/01\/milan-milanovic-jagdoina-g.j..jpg 900w\" sizes=\"(max-width: 300px) 100vw, 300px\" \/><\/a><figcaption id=\"caption-attachment-1926\" class=\"wp-caption-text\">MIlan Milanovi\u0107<\/figcaption><\/figure><br \/>\nNjegov \u0161urak Milan Milanovi\u0107 ka\u017ee da je celo selo imalo probleme sa Zoranom.<br \/>\n-On je sitan lopov, a krivi\u010dna dela se nakupe vremenom . Krao sve \u0161to je video i mogao da uzme. Kom\u0161iji je ukrao motor, sve\u0161teniku neke stvari, meni kompjuter, prebio je strinu Bo\u017eicu, prodavnicu obijao nekoliko puta . On be\u017ei od tu\u010de, ne voli da se bije, ne znam kako je i ovo mogao da uradio. On je bruka za kriminalce, oni takve zovu ,,koko\u0161arima\u201c, zaklju\u010duje on.<br \/>\nMe\u0161tani Kon\u010dareva nemaju lepe re\u010di za Zorana, isti\u010du da im je zagor\u010davao \u017eivot od prvog razreda osnovne \u0161kole.<br \/>\nZVAO SESTRU<br \/>\nZoranove ro\u0111ene sestre Esma i Olivera se sekiraju zbog svega \u0161to se dogodilo.<br \/>\n-Sestru Oliveru je zvao u ponedeljak i pitao kako je pro\u0161lo porodi\u010dno slavlje. Lepo je pri\u010dao, \u010dak joj je rekao da je pozdravlja njegov cimer, ona je opozdravila. On je uvek zvao Oliveru u 19.30. Ne znamo dakle mu novac za telefonsku karticu, mi mu nismo slali.  Hteo je takav \u017eivot, sam je to izabrao, pri\u010da nesre\u0107na majka.   <\/p>\n","protected":false},"excerpt":{"rendered":"<p>JAGODINA-Od ubice Zorana Markovi\u0107a (36) odrekli su se porodica, ro\u0111aci i me\u0161tani njegovog rodnog sela Kon\u010dareva kod Jagodine. Prebio je strinu, oplja\u010dkao majku i \u0161uraka, &hellip; <\/p>\n","protected":false},"author":4,"featured_media":1923,"comment_status":"open","ping_status":"open","sticky":false,"template":"","format":"standard","meta":{"footnotes":""},"categories":[20,2,12],"tags":[58,440,482],"_links":{"self":[{"href":"https:\/\/centralmedia.rs\/index.php\/wp-json\/wp\/v2\/posts\/1922"}],"collection":[{"href":"https:\/\/centralmedia.rs\/index.php\/wp-json\/wp\/v2\/posts"}],"about":[{"href":"https:\/\/centralmedia.rs\/index.php\/wp-json\/wp\/v2\/types\/post"}],"author":[{"embeddable":true,"href":"https:\/\/centralmedia.rs\/index.php\/wp-json\/wp\/v2\/users\/4"}],"replies":[{"embeddable":true,"href":"https:\/\/centralmedia.rs\/index.php\/wp-json\/wp\/v2\/comments?post=1922"}],"version-history":[{"count":0,"href":"https:\/\/centralmedia.rs\/index.php\/wp-json\/wp\/v2\/posts\/1922\/revisions"}],"wp:featuredmedia":[{"embeddable":true,"href":"https:\/\/centralmedia.rs\/index.php\/wp-json\/wp\/v2\/media\/1923"}],"wp:attachment":[{"href":"https:\/\/centralmedia.rs\/index.php\/wp-json\/wp\/v2\/media?parent=1922"}],"wp:term":[{"taxonomy":"category","embeddable":true,"href":"https:\/\/centralmedia.rs\/index.php\/wp-json\/wp\/v2\/categories?post=1922"},{"taxonomy":"post_tag","embeddable":true,"href":"https:\/\/centralmedia.rs\/index.php\/wp-json\/wp\/v2\/tags?post=1922"}],"curies":[{"name":"wp","href":"https:\/\/api.w.org\/{rel}","templated":true}]}}