{"id":19220,"date":"2019-07-25T08:57:41","date_gmt":"2019-07-25T08:57:41","guid":{"rendered":"http:\/\/centralmedia.rs\/?p=19220"},"modified":"2019-07-28T08:30:21","modified_gmt":"2019-07-28T08:30:21","slug":"palma-ishod-u-slucaju-haradinaj-se-unapred-zna-nece-biti-ni-optuznice","status":"publish","type":"post","link":"https:\/\/centralmedia.rs\/index.php\/2019\/07\/25\/palma-ishod-u-slucaju-haradinaj-se-unapred-zna-nece-biti-ni-optuznice\/","title":{"rendered":"PALMA : ISHOD U SLU\u010cAJU &#8220;HARADINAJ&#8221; SE UNAPRED ZNA \u2013 NE\u0106E BITI NI OPTU\u017dNICE"},"content":{"rendered":"<p>\u201eJa ju\u010de nisam \u010duo nijedno saop\u0161tenje opozicije u Srbiji o Ramu\u0161u Haradinaju. Gde je bio Haradinaj ? Branio se \u0107utanjem?\u00a0\u00a0Pa \u0161ta je on pre\u0161ao na crveno svetlo, pa ga je zaustavila policija i onda se branio \u0107utanjem. \u010cak je po izlasku iz zgrade suda u Hagu govorio na srpskom jeziku sa ironijom da poka\u017ee Srbima kako se on branio \u0107utanjem. Sudije u Specijalnom sudu za ratne zlo\u010dine pripadnika OVK su iz zemalja koje su priznale jednostrano progla\u0161enu nezavisnost Kosova i iz zemalja koje su bombardovale Saveznu Republiku Jugoslaviju 1999. godine i ishod tog su\u0111enja je unapred poznat i ne\u0107e biti ni optu\u017enice protiv Haradinaja\u201c, izjavio je danas predsednik Jedinstvene Srbije Dragan Markovi\u0107 Palma gostuju\u0107i na TV PRVA. \u201eVeoma je dobro \u0161to je to predsednik Srbije Aleksandar Vu\u010di\u0107 procenio da \u0107e tako biti i da je ishod unapred poznat. Do sada je 13 zemalja povuklo priznanje takozvanog nezavisnog Kosova. Ivica Da\u010di\u0107 kao jedan od najboljih ministara spoljnih poslova svih vremen mi je rekao da \u0107e jo\u0161 dve zemlje povu\u0107i prizanje jednostrano progla\u0161ene nezavisnosti Kosova. Javnost \u0107e uskoro saznati o kojim dr\u017eavama se radi. Zahvaljuju\u0107i predsedniku Srbije Vu\u010di\u0107u i ministru Da\u010di\u0107u prvi put se desilo da Srbija pobedi tamo gde se donose odluke o tome da li \u0107e takozvano nezavisno Kosovo u\u0107i u UNESKO i INTERPOL. Pravda je pobedila i Ameriku i ostale velike sile. To zna\u010di da i kada slede\u0107i put kosovski Albanci budu tra\u017eili da se donese neka odluka u Savetu bezbednosti Ujedinjenih nacija, to ne mo\u017ee pro\u0107i bez saglasnosti Srbije\u201c, rekao je Markovi\u0107. \u201eJa \u017eelim da po\u0161aljem poruku onim zemljama koje daju nalog Haradinaju i Ta\u010diju da donose neke odluke koje u formalnom smislu nigde ne stoje, da to vi\u0161e ne rade. Srbija zna koje su to dr\u017eave koje daju takve naloge. Srbija ho\u0107e da se re\u0161i kosovski problem, ali ne na na\u010din kako to kosovski Albanci i njihovi sponzori \u017eele i da ucenjuju Srbiju. Ramu\u0161u Haradinaju je mesto u \u0107eliji Ha\u0161kog tribunala i on je najve\u0107i ubica i ratni zlo\u010dinac od Prvog svetskog rata\u201c, istakao je predsednik Jedinstvene Srbije.<\/p>\n","protected":false},"excerpt":{"rendered":"<p>\u201eJa ju\u010de nisam \u010duo nijedno saop\u0161tenje opozicije u Srbiji o Ramu\u0161u Haradinaju. Gde je bio Haradinaj ? Branio se \u0107utanjem?\u00a0\u00a0Pa \u0161ta je on pre\u0161ao na &hellip; <\/p>\n","protected":false},"author":2,"featured_media":16269,"comment_status":"open","ping_status":"open","sticky":false,"template":"","format":"standard","meta":{"footnotes":""},"categories":[13,12],"tags":[3918,120],"_links":{"self":[{"href":"https:\/\/centralmedia.rs\/index.php\/wp-json\/wp\/v2\/posts\/19220"}],"collection":[{"href":"https:\/\/centralmedia.rs\/index.php\/wp-json\/wp\/v2\/posts"}],"about":[{"href":"https:\/\/centralmedia.rs\/index.php\/wp-json\/wp\/v2\/types\/post"}],"author":[{"embeddable":true,"href":"https:\/\/centralmedia.rs\/index.php\/wp-json\/wp\/v2\/users\/2"}],"replies":[{"embeddable":true,"href":"https:\/\/centralmedia.rs\/index.php\/wp-json\/wp\/v2\/comments?post=19220"}],"version-history":[{"count":1,"href":"https:\/\/centralmedia.rs\/index.php\/wp-json\/wp\/v2\/posts\/19220\/revisions"}],"predecessor-version":[{"id":19221,"href":"https:\/\/centralmedia.rs\/index.php\/wp-json\/wp\/v2\/posts\/19220\/revisions\/19221"}],"wp:featuredmedia":[{"embeddable":true,"href":"https:\/\/centralmedia.rs\/index.php\/wp-json\/wp\/v2\/media\/16269"}],"wp:attachment":[{"href":"https:\/\/centralmedia.rs\/index.php\/wp-json\/wp\/v2\/media?parent=19220"}],"wp:term":[{"taxonomy":"category","embeddable":true,"href":"https:\/\/centralmedia.rs\/index.php\/wp-json\/wp\/v2\/categories?post=19220"},{"taxonomy":"post_tag","embeddable":true,"href":"https:\/\/centralmedia.rs\/index.php\/wp-json\/wp\/v2\/tags?post=19220"}],"curies":[{"name":"wp","href":"https:\/\/api.w.org\/{rel}","templated":true}]}}