{"id":19222,"date":"2019-07-25T14:40:26","date_gmt":"2019-07-25T14:40:26","guid":{"rendered":"http:\/\/centralmedia.rs\/?p=19222"},"modified":"2019-07-28T08:31:17","modified_gmt":"2019-07-28T08:31:17","slug":"paracinsko-vece-predlog-za-vd-direktora-csr-olgica-stojcic","status":"publish","type":"post","link":"https:\/\/centralmedia.rs\/index.php\/2019\/07\/25\/paracinsko-vece-predlog-za-vd-direktora-csr-olgica-stojcic\/","title":{"rendered":"PARA\u0106INSKO VE\u0106E: PREDLOG ZA VD DIREKTORA CSR OLGICA STOJ\u010cI\u0106"},"content":{"rendered":"<p>PARA\u0106IN- Op\u0161tinsko ve\u0107e u Para\u0107inu donelo je zaklju\u010dak kojim ocenjuje da postoji osnovana sumnja u postojanje politi\u010dkih elemenata i uticaja koji su doveli do toga da biv\u0161a direktorka Centra za socijalni rad Biljana Milenovi\u0107 Stojanovi\u0107 potpi\u0161e Sporazuma o postojanju krivice. Sumnja se sastoji u jasnoj medijskoj zloupotrebi informacija politi\u010dki kontrolisanih portala i kori\u0161\u0107enjem pretnji pritvorom, kao sredstvom mu\u010denja, zbog obezbe\u0111ivanja br\u017eeg priznanja krivice i pore\u0111enje ovog sa drugim slu\u010dajevima poznatim javnosti\u00a0 koji su pravosudni organi u pogledu te\u017eine druga\u010dije ocenili.<\/p>\n<p>Op\u0161tinsko ve\u0107e je nalo\u017eilo Javnom pravobranila\u0161tvu da anga\u017euje sudskog ve\u0161taka da bi ustanovio da li postoji \u0161teta po bud\u017eet i uputilo apel odborni\u010dkim grupama da se prona\u0111e mera solidarnosti, imaju\u0107i u vidu sve \u0161ta se sve doga\u0111alo od 2016.,\u00a0 i prona\u0111e na\u010din da se pomogne da teret materijalnih obaveza biv\u0161a direktorka ne podnese sama.<\/p>\n<p>Ve\u0107e je, da se za vr\u0161ioca du\u017enosti direktora Centra imenuje Olgica Stoj\u010di\u0107,\u00a0 uputilo resornom Ministarstvu na neophodno mi\u0161ljenje, a potom i pred Skup\u0161tinu.<\/p>\n<p>Biv\u0161a direktorka Centra za socijalni rad Biljana Milenovi\u0107 Stojanovi\u0107 dostavila je Op\u0161tinskom ve\u0107u dostavila zahtev za solidarnu pomo\u0107, jer prema zaklju\u010denom Sporazumu o priznanju krivice du\u017ena da Centru nadoknadi \u0161tetu od 1,3 miliona dinara, ina\u010de \u0107e biti upu\u0107ena na izdr\u017eavanje kazne, a zbog anga\u017eovanja radnika te ustanove u drugoj op\u0161tinskoj slu\u017ebi.\u00a0 Ve\u0107e je zaklju\u010dilo da je evidentno je da \u0161teta nije naneta Centru, jer je zaposleni radio na poslovima propisanim odlukom SO Para\u0107in, dok je zaradu primao iz op\u0161tinskog bud\u017eeta. Ona je podsetila da je 2016. podnela neopozivu ostavku zbog nepoverenja u rad zaposlenih na administrativnim poslovima i procedurama pla\u0107anja. Ona osnovano sumnja da su pojedina lica pisala prijave protiv nje i izrazila sumnju da je \u017ertva politi\u010dke borbe u kojoj nije u\u010destvovala. Razlog za sumnju je i postupanje prema njoj, neformalnom nu\u0111enju, neovla\u0161\u0107enih lica, predloga da postupa neprihvatljivo, te da je dovedena u zabludu uveravanjima da \u0107e kazna biti niska, koja je zatim destostruko uve\u0107ana uz ku\u0107ni pritvor i gubitak posla. Ona je priznala da je neoprezno u\u0161la u tu proceduru bez anga\u017eovanja branioca uzdaju\u0107i se u savet dr\u017eavnih slu\u017ebenika, a da je sporazum potpisala posle uveravanja da postoji mogu\u0107nost da bude upu\u0107ena u vi\u0161emese\u010dni pritvor, \u0161to je shvatila kao pretnju mu\u010denjem. Ona je apelovala na \u010dlanove Ve\u0107a na ljudskost i solidarnost da ne snosi sama materijalni teret koji \u0107e uni\u0161titit njenu porodicu zbog \u0161tete koja ne postoji.<\/p>\n<p>&nbsp;<\/p>\n","protected":false},"excerpt":{"rendered":"<p>PARA\u0106IN- Op\u0161tinsko ve\u0107e u Para\u0107inu donelo je zaklju\u010dak kojim ocenjuje da postoji osnovana sumnja u postojanje politi\u010dkih elemenata i uticaja koji su doveli do toga &hellip; <\/p>\n","protected":false},"author":2,"featured_media":11663,"comment_status":"open","ping_status":"open","sticky":false,"template":"","format":"standard","meta":{"footnotes":""},"categories":[1524,2,1516,13,887,12],"tags":[3246,3919,47],"_links":{"self":[{"href":"https:\/\/centralmedia.rs\/index.php\/wp-json\/wp\/v2\/posts\/19222"}],"collection":[{"href":"https:\/\/centralmedia.rs\/index.php\/wp-json\/wp\/v2\/posts"}],"about":[{"href":"https:\/\/centralmedia.rs\/index.php\/wp-json\/wp\/v2\/types\/post"}],"author":[{"embeddable":true,"href":"https:\/\/centralmedia.rs\/index.php\/wp-json\/wp\/v2\/users\/2"}],"replies":[{"embeddable":true,"href":"https:\/\/centralmedia.rs\/index.php\/wp-json\/wp\/v2\/comments?post=19222"}],"version-history":[{"count":1,"href":"https:\/\/centralmedia.rs\/index.php\/wp-json\/wp\/v2\/posts\/19222\/revisions"}],"predecessor-version":[{"id":19223,"href":"https:\/\/centralmedia.rs\/index.php\/wp-json\/wp\/v2\/posts\/19222\/revisions\/19223"}],"wp:featuredmedia":[{"embeddable":true,"href":"https:\/\/centralmedia.rs\/index.php\/wp-json\/wp\/v2\/media\/11663"}],"wp:attachment":[{"href":"https:\/\/centralmedia.rs\/index.php\/wp-json\/wp\/v2\/media?parent=19222"}],"wp:term":[{"taxonomy":"category","embeddable":true,"href":"https:\/\/centralmedia.rs\/index.php\/wp-json\/wp\/v2\/categories?post=19222"},{"taxonomy":"post_tag","embeddable":true,"href":"https:\/\/centralmedia.rs\/index.php\/wp-json\/wp\/v2\/tags?post=19222"}],"curies":[{"name":"wp","href":"https:\/\/api.w.org\/{rel}","templated":true}]}}