{"id":19232,"date":"2019-07-25T20:50:03","date_gmt":"2019-07-25T20:50:03","guid":{"rendered":"http:\/\/centralmedia.rs\/?p=19232"},"modified":"2019-07-28T08:31:26","modified_gmt":"2019-07-28T08:31:26","slug":"izlozba-veliko-plavo-u-cuprijskom-muzeju","status":"publish","type":"post","link":"https:\/\/centralmedia.rs\/index.php\/2019\/07\/25\/izlozba-veliko-plavo-u-cuprijskom-muzeju\/","title":{"rendered":"IZLO\u017dBA VELIKO PLAVO U \u0106UPRIJSKOM MUZEJU"},"content":{"rendered":"<p>\u0106UPRIJA- Veliko plavo je naziv izlo\u017ebe koja je ve\u010deras otvorena u Muzeju Horeum Margi-Ravno u \u0106upriji. Izlo\u017eba sadr\u017ei 14 fortifikacijskih postamenata, 4 rada akril na platnu i crte\u017ee na grafi\u010dkom papiru. Izlo\u017eba je konekcija dva projekta Oma\u017e za tebe i Fortifikacija, koje tvore Veliko plavo. Izlo\u017ebu objedinjuje plava mala kocka.<\/p>\n<p>&#8211; Kocka simboluzuje \u010doveka, stabilna kao ku\u0107a na \u010dvrstoj povr\u0161ini, koji je nastao iz ove izlo\u017ebe. Prvi put je dobio trodimenzionalnu formu. Plava boja predstavlja nebo i more, jer ljudima su potrebni voda i vazduh. Radovi su u minijaturnim dimenzijama, kao pandan na ljudske vrline. Su\u0161tina je u malim stvarima, kazala je autorka izlo\u017ebe Valentina Ilijevska iz Makedonije.<\/p>\n<p>Izlo\u017eba \u0107e biti otvorena do 8. avgusta.<\/p>\n<div id='gallery-1' class='gallery galleryid-19232 gallery-columns-3 gallery-size-full'><figure class='gallery-item'>\n\t\t\t<div class='gallery-icon landscape'>\n\t\t\t\t<a href='https:\/\/centralmedia.rs\/index.php\/2019\/07\/25\/izlozba-veliko-plavo-u-cuprijskom-muzeju\/izlozba1-5\/'><img loading=\"lazy\" decoding=\"async\" width=\"1280\" height=\"622\" src=\"https:\/\/centralmedia.rs\/wp-content\/uploads\/2019\/07\/izlozba1.jpg\" class=\"attachment-full size-full\" alt=\"\" srcset=\"https:\/\/centralmedia.rs\/wp-content\/uploads\/2019\/07\/izlozba1.jpg 1280w, https:\/\/centralmedia.rs\/wp-content\/uploads\/2019\/07\/izlozba1-300x146.jpg 300w, https:\/\/centralmedia.rs\/wp-content\/uploads\/2019\/07\/izlozba1-768x373.jpg 768w, https:\/\/centralmedia.rs\/wp-content\/uploads\/2019\/07\/izlozba1-1024x498.jpg 1024w, https:\/\/centralmedia.rs\/wp-content\/uploads\/2019\/07\/izlozba1-864x420.jpg 864w, https:\/\/centralmedia.rs\/wp-content\/uploads\/2019\/07\/izlozba1-640x311.jpg 640w, https:\/\/centralmedia.rs\/wp-content\/uploads\/2019\/07\/izlozba1-681x331.jpg 681w\" sizes=\"(max-width: 1280px) 100vw, 1280px\" \/><\/a>\n\t\t\t<\/div><\/figure><figure class='gallery-item'>\n\t\t\t<div class='gallery-icon landscape'>\n\t\t\t\t<a href='https:\/\/centralmedia.rs\/index.php\/2019\/07\/25\/izlozba-veliko-plavo-u-cuprijskom-muzeju\/izlozba2-3\/'><img loading=\"lazy\" decoding=\"async\" width=\"1280\" height=\"622\" src=\"https:\/\/centralmedia.rs\/wp-content\/uploads\/2019\/07\/izlozba2.jpg\" class=\"attachment-full size-full\" alt=\"\" srcset=\"https:\/\/centralmedia.rs\/wp-content\/uploads\/2019\/07\/izlozba2.jpg 1280w, https:\/\/centralmedia.rs\/wp-content\/uploads\/2019\/07\/izlozba2-300x146.jpg 300w, https:\/\/centralmedia.rs\/wp-content\/uploads\/2019\/07\/izlozba2-768x373.jpg 768w, https:\/\/centralmedia.rs\/wp-content\/uploads\/2019\/07\/izlozba2-1024x498.jpg 1024w, https:\/\/centralmedia.rs\/wp-content\/uploads\/2019\/07\/izlozba2-864x420.jpg 864w, https:\/\/centralmedia.rs\/wp-content\/uploads\/2019\/07\/izlozba2-640x311.jpg 640w, https:\/\/centralmedia.rs\/wp-content\/uploads\/2019\/07\/izlozba2-681x331.jpg 681w\" sizes=\"(max-width: 1280px) 100vw, 1280px\" \/><\/a>\n\t\t\t<\/div><\/figure><figure class='gallery-item'>\n\t\t\t<div class='gallery-icon landscape'>\n\t\t\t\t<a href='https:\/\/centralmedia.rs\/index.php\/2019\/07\/25\/izlozba-veliko-plavo-u-cuprijskom-muzeju\/izlozba3-2\/'><img loading=\"lazy\" decoding=\"async\" width=\"1280\" height=\"622\" src=\"https:\/\/centralmedia.rs\/wp-content\/uploads\/2019\/07\/izlozba3.jpg\" class=\"attachment-full size-full\" alt=\"\" srcset=\"https:\/\/centralmedia.rs\/wp-content\/uploads\/2019\/07\/izlozba3.jpg 1280w, https:\/\/centralmedia.rs\/wp-content\/uploads\/2019\/07\/izlozba3-300x146.jpg 300w, https:\/\/centralmedia.rs\/wp-content\/uploads\/2019\/07\/izlozba3-768x373.jpg 768w, https:\/\/centralmedia.rs\/wp-content\/uploads\/2019\/07\/izlozba3-1024x498.jpg 1024w, https:\/\/centralmedia.rs\/wp-content\/uploads\/2019\/07\/izlozba3-864x420.jpg 864w, https:\/\/centralmedia.rs\/wp-content\/uploads\/2019\/07\/izlozba3-640x311.jpg 640w, https:\/\/centralmedia.rs\/wp-content\/uploads\/2019\/07\/izlozba3-681x331.jpg 681w\" sizes=\"(max-width: 1280px) 100vw, 1280px\" \/><\/a>\n\t\t\t<\/div><\/figure>\n\t\t<\/div>\n\n","protected":false},"excerpt":{"rendered":"<p>\u0106UPRIJA- Veliko plavo je naziv izlo\u017ebe koja je ve\u010deras otvorena u Muzeju Horeum Margi-Ravno u \u0106upriji. Izlo\u017eba sadr\u017ei 14 fortifikacijskih postamenata, 4 rada akril na &hellip; <\/p>\n","protected":false},"author":2,"featured_media":19233,"comment_status":"open","ping_status":"open","sticky":false,"template":"","format":"standard","meta":{"footnotes":""},"categories":[1515,1524,2,15,887,12],"tags":[44,1898,649,3920],"_links":{"self":[{"href":"https:\/\/centralmedia.rs\/index.php\/wp-json\/wp\/v2\/posts\/19232"}],"collection":[{"href":"https:\/\/centralmedia.rs\/index.php\/wp-json\/wp\/v2\/posts"}],"about":[{"href":"https:\/\/centralmedia.rs\/index.php\/wp-json\/wp\/v2\/types\/post"}],"author":[{"embeddable":true,"href":"https:\/\/centralmedia.rs\/index.php\/wp-json\/wp\/v2\/users\/2"}],"replies":[{"embeddable":true,"href":"https:\/\/centralmedia.rs\/index.php\/wp-json\/wp\/v2\/comments?post=19232"}],"version-history":[{"count":2,"href":"https:\/\/centralmedia.rs\/index.php\/wp-json\/wp\/v2\/posts\/19232\/revisions"}],"predecessor-version":[{"id":19238,"href":"https:\/\/centralmedia.rs\/index.php\/wp-json\/wp\/v2\/posts\/19232\/revisions\/19238"}],"wp:featuredmedia":[{"embeddable":true,"href":"https:\/\/centralmedia.rs\/index.php\/wp-json\/wp\/v2\/media\/19233"}],"wp:attachment":[{"href":"https:\/\/centralmedia.rs\/index.php\/wp-json\/wp\/v2\/media?parent=19232"}],"wp:term":[{"taxonomy":"category","embeddable":true,"href":"https:\/\/centralmedia.rs\/index.php\/wp-json\/wp\/v2\/categories?post=19232"},{"taxonomy":"post_tag","embeddable":true,"href":"https:\/\/centralmedia.rs\/index.php\/wp-json\/wp\/v2\/tags?post=19232"}],"curies":[{"name":"wp","href":"https:\/\/api.w.org\/{rel}","templated":true}]}}