{"id":19241,"date":"2019-07-26T17:17:20","date_gmt":"2019-07-26T17:17:20","guid":{"rendered":"http:\/\/centralmedia.rs\/?p=19241"},"modified":"2019-08-04T20:59:29","modified_gmt":"2019-08-04T20:59:29","slug":"privredna-delegacija-kineskog-sujanga-u-cupriji","status":"publish","type":"post","link":"https:\/\/centralmedia.rs\/index.php\/2019\/07\/26\/privredna-delegacija-kineskog-sujanga-u-cupriji\/","title":{"rendered":"Privredna delegacija kineskog \u0160ujanga u \u0106upriji"},"content":{"rendered":"<p>\u0106UPRIJA-Peto\u010dlana privredna delegacija kineskog okruga \u0160ujang boravi u dvodnevnoj poseti \u0106upriji. Kako je na dana\u0161njem sastanku \u010delnika \u0107uprijske lokalne samouprave i kineske delegacije moglo da se \u010duje, cilj dolaska prijatelja iz najmnogoljudnije zemlje sveta je produbljivanje veza izme\u0111u op\u0161tine \u0106uprija i \u0160ujang okruga, pre svega kroz ja\u010danje privredne saradnje. Podsetimo,\u00a0 jula pro\u0161le godine predsednik Op\u0161tine \u0106uprija Ninoslav Eri\u0107 i sekretar Komunisti\u010dke partije Kine za \u0160ujang okrug Bien \u0110en\u0111un potpisali su Sporazum o bratimljenju centralne op\u0161tine srednjeg Pomoravlja i \u0160ujanga, jednog od trideset najrazvijenijih okruga Narodne Republike Kine.<\/p>\n<div id='gallery-1' class='gallery galleryid-19241 gallery-columns-5 gallery-size-thumbnail'><figure class='gallery-item'>\n\t\t\t<div class='gallery-icon landscape'>\n\t\t\t\t<a href='https:\/\/centralmedia.rs\/index.php\/2019\/07\/26\/privredna-delegacija-kineskog-sujanga-u-cupriji\/dsc_0190\/'><img loading=\"lazy\" decoding=\"async\" width=\"150\" height=\"150\" src=\"https:\/\/centralmedia.rs\/wp-content\/uploads\/2019\/07\/DSC_0190-150x150.jpg\" class=\"attachment-thumbnail size-thumbnail\" alt=\"\" \/><\/a>\n\t\t\t<\/div><\/figure><figure class='gallery-item'>\n\t\t\t<div class='gallery-icon landscape'>\n\t\t\t\t<a href='https:\/\/centralmedia.rs\/index.php\/2019\/07\/26\/privredna-delegacija-kineskog-sujanga-u-cupriji\/dsc_0199\/'><img loading=\"lazy\" decoding=\"async\" width=\"150\" height=\"150\" src=\"https:\/\/centralmedia.rs\/wp-content\/uploads\/2019\/07\/DSC_0199-150x150.jpg\" class=\"attachment-thumbnail size-thumbnail\" alt=\"\" \/><\/a>\n\t\t\t<\/div><\/figure><figure class='gallery-item'>\n\t\t\t<div class='gallery-icon landscape'>\n\t\t\t\t<a href='https:\/\/centralmedia.rs\/index.php\/2019\/07\/26\/privredna-delegacija-kineskog-sujanga-u-cupriji\/dsc_0217\/'><img loading=\"lazy\" decoding=\"async\" width=\"150\" height=\"150\" src=\"https:\/\/centralmedia.rs\/wp-content\/uploads\/2019\/07\/DSC_0217-150x150.jpg\" class=\"attachment-thumbnail size-thumbnail\" alt=\"\" \/><\/a>\n\t\t\t<\/div><\/figure><figure class='gallery-item'>\n\t\t\t<div class='gallery-icon landscape'>\n\t\t\t\t<a href='https:\/\/centralmedia.rs\/index.php\/2019\/07\/26\/privredna-delegacija-kineskog-sujanga-u-cupriji\/dsc_0240\/'><img loading=\"lazy\" decoding=\"async\" width=\"150\" height=\"150\" src=\"https:\/\/centralmedia.rs\/wp-content\/uploads\/2019\/07\/DSC_0240-150x150.jpg\" class=\"attachment-thumbnail size-thumbnail\" alt=\"\" \/><\/a>\n\t\t\t<\/div><\/figure><figure class='gallery-item'>\n\t\t\t<div class='gallery-icon landscape'>\n\t\t\t\t<a href='https:\/\/centralmedia.rs\/index.php\/2019\/07\/26\/privredna-delegacija-kineskog-sujanga-u-cupriji\/dsc_0253\/'><img loading=\"lazy\" decoding=\"async\" width=\"150\" height=\"150\" src=\"https:\/\/centralmedia.rs\/wp-content\/uploads\/2019\/07\/DSC_0253-150x150.jpg\" class=\"attachment-thumbnail size-thumbnail\" alt=\"\" \/><\/a>\n\t\t\t<\/div><\/figure>\n\t\t<\/div>\n\n<p>Kako je na samom sastanku rekao predsednik Eri\u0107 predstavljaju\u0107i potencijale op\u0161tine \u0106uprija, ideja da se u Dobri\u010devu gradi centralna industrijska zona za celo Pomoravlje potekla je prilikom njegove posete \u0160ujangu i tamo\u0161njoj industrijskoj zoni. U delegaciji koja je ovog puta posetila \u0106upriju, upravo se i nalaze ljudi koji su, kako je Eri\u0107 istakao, napravili tu zonu u \u0160ujangu. Predsednik Op\u0161tine \u0106uprija podvukao je kako \u0107e izgradnja nove industrijske zone zapravo biti poluga razvoja ne samo \u0106uprije nego i Jagodine, Para\u0107ina i celog Pomoravskog okruga, i da za to ima potpunu i svakodnevnu podr\u0161ku i predsednika Vu\u010di\u0107a i Vlade Republike Srbije.<\/p>\n<p>\u201e\u0106uprija gradi jednu od najve\u0107ih industrijskih zona u Srbiji, na primeru zone u \u0160ujangu. Grad \u0160ujang je jedan od \u010detrdeset ekonomski najbr\u017ee rastu\u0107ih gradova u Kini i mi \u017eelimo da taj primer iskoristimo i implementiramo u \u0106upriji. Imamo veliku podr\u0161ku \u0160ujanga, a jedan od investitora \u010diji je predstavnik tu sa nama je i Jurofajber, investitor koji uskoro u \u0106upriji kre\u0107e sa svojom drugom fabrikom. O\u010dekujemo da avgusta do\u0111u sa novom idejom. Kako su nam rekli ljudi iz delegacije \u0160ujanga, Jurofajber planira da otvori i tre\u0107u proizvodnju, tako da se saradnja izme\u0111u \u0106uprije i \u0160ujanga, pored tih prijateljskih odnosa, razvija i kroz kulturu i sport, a sada idemo i kroz ono \u0161to je najva\u017enije \u2013 kroz privredu\u201c, rekao je predsednik Eri\u0107 na konferenciji za medije koja je uprili\u010dena nakon sastanka dveju delegacija.<\/p>\n<p>Kinesku delegaciju predvodio je Vang \u0160aodong, zamenik direktora \u0160ujang ekonomsko-tehnolo\u0161ke razvojne zone, koji je naro\u010dito istakao bratske odnose izme\u0111u \u0106uprije i \u0160ujanga \u201ekao \u010dista voda ili duboka ljubav, koji ne mogu da se iska\u017eu re\u010dima\u201c. \u0160aodong je tako\u0111e podvukao da je delegacija na \u010dijem je \u010delu do\u0161la u \u0106upriju \u201eda na\u0111u nove modele saradnje\u201c, misle\u0107i pre svega na oblike privredne saradnje. S tim u vezi, Vang \u0160aodong je rekao da \u0106uprija ima niz komparativnih prednosti &#8211; od niskih operativnih tro\u0161kova proizvodnje, do kvalitetne ali ne i skupe radne snage. \u0160ef kineske privredne delegacije na kraju je obe\u0107ao i da \u0107e, po povratku u Kinu, re\u0107i tamo\u0161njim privrednicima i preduzetnicima, \u201ene samo ljudima iz Jurofajbera ve\u0107 i onima koji se bave proizvodnjom hrane\u201c, da do\u0111u u \u0106upriju i da ovde investiraju.<\/p>\n<p>Ina\u010de, \u010dlanovi dve delegacije danas su obi\u0161li pogon Jurofajbera u \u0106upriji, da bi potom posetili srednjovekovnu Ravanicu i jednu etno ku\u0107u u Senju.<\/p>\n","protected":false},"excerpt":{"rendered":"<p>\u0106UPRIJA-Peto\u010dlana privredna delegacija kineskog okruga \u0160ujang boravi u dvodnevnoj poseti \u0106upriji. Kako je na dana\u0161njem sastanku \u010delnika \u0107uprijske lokalne samouprave i kineske delegacije moglo da &hellip; <\/p>\n","protected":false},"author":2,"featured_media":19242,"comment_status":"open","ping_status":"open","sticky":false,"template":"","format":"standard","meta":{"footnotes":""},"categories":[22,1515,1524,2,887,12],"tags":[44,3922,3921],"_links":{"self":[{"href":"https:\/\/centralmedia.rs\/index.php\/wp-json\/wp\/v2\/posts\/19241"}],"collection":[{"href":"https:\/\/centralmedia.rs\/index.php\/wp-json\/wp\/v2\/posts"}],"about":[{"href":"https:\/\/centralmedia.rs\/index.php\/wp-json\/wp\/v2\/types\/post"}],"author":[{"embeddable":true,"href":"https:\/\/centralmedia.rs\/index.php\/wp-json\/wp\/v2\/users\/2"}],"replies":[{"embeddable":true,"href":"https:\/\/centralmedia.rs\/index.php\/wp-json\/wp\/v2\/comments?post=19241"}],"version-history":[{"count":1,"href":"https:\/\/centralmedia.rs\/index.php\/wp-json\/wp\/v2\/posts\/19241\/revisions"}],"predecessor-version":[{"id":19248,"href":"https:\/\/centralmedia.rs\/index.php\/wp-json\/wp\/v2\/posts\/19241\/revisions\/19248"}],"wp:featuredmedia":[{"embeddable":true,"href":"https:\/\/centralmedia.rs\/index.php\/wp-json\/wp\/v2\/media\/19242"}],"wp:attachment":[{"href":"https:\/\/centralmedia.rs\/index.php\/wp-json\/wp\/v2\/media?parent=19241"}],"wp:term":[{"taxonomy":"category","embeddable":true,"href":"https:\/\/centralmedia.rs\/index.php\/wp-json\/wp\/v2\/categories?post=19241"},{"taxonomy":"post_tag","embeddable":true,"href":"https:\/\/centralmedia.rs\/index.php\/wp-json\/wp\/v2\/tags?post=19241"}],"curies":[{"name":"wp","href":"https:\/\/api.w.org\/{rel}","templated":true}]}}