{"id":19294,"date":"2019-07-28T08:25:55","date_gmt":"2019-07-28T08:25:55","guid":{"rendered":"http:\/\/centralmedia.rs\/?p=19294"},"modified":"2019-08-04T20:58:42","modified_gmt":"2019-08-04T20:58:42","slug":"moto-skup-u-paracinu-25-godina-white-angels","status":"publish","type":"post","link":"https:\/\/centralmedia.rs\/index.php\/2019\/07\/28\/moto-skup-u-paracinu-25-godina-white-angels\/","title":{"rendered":"MOTO SKUP U PARA\u0106INU &#8211; 25. GODINA WHITE ANGELS"},"content":{"rendered":"<p>PARA\u0106IN &#8211; Para\u0107inski bajkeri proslavili su 25. godina postojanja odli\u010dnik rok svirkama i gostima iz \u010ditave Evrope. Preko 1.000 motora u\u010destvovalo je u defileu ulicama Para\u0107ina, a u no\u0107nim satima 7 bendova je podsetrilo na velike svetske i doma\u0107e hitove. Zvezde prve ve\u010deri su bend Bla\u017ea i kljunovi, dok je Atomsko skloni\u0161te druge ve\u010deri uprili\u010dilo, pred vi\u0161e hiljada ljubitelja roka, proslavu zna\u010dajnog jubileja.<\/p>\n<p>&#8211; Svirali smo na 20. ro\u0111endan para\u0107inskih bajkera, sada smo tu na 25., \u0161to me posebno ne raduje, uz osmeh ka\u017ee Bruno Langer, legenda YU rocka i dodao da su uvek dobro primljeni u Para\u0107inu uz kosntataciju da je 13 sati trajalo pute\u0161estvije iz Plo\u010da na Jadranu.<\/p>\n<p>&#8211; Ose\u0107am \u00a0se vrlo sve\u017ee, kao da nisam ni putovao. Rokenrol osve\u017eava, rekao je Langer i nekoliko stati bez predaha svirao i pevao svoje poznate numera.<\/p>\n<p><img loading=\"lazy\" decoding=\"async\" class=\"alignnone wp-image-19295 size-large\" src=\"http:\/\/centralmedia.rs\/wp-content\/uploads\/2019\/07\/atomso-sklloniste-1024x498.jpg\" alt=\"\" width=\"640\" height=\"311\" srcset=\"https:\/\/centralmedia.rs\/wp-content\/uploads\/2019\/07\/atomso-sklloniste-1024x498.jpg 1024w, https:\/\/centralmedia.rs\/wp-content\/uploads\/2019\/07\/atomso-sklloniste-300x146.jpg 300w, https:\/\/centralmedia.rs\/wp-content\/uploads\/2019\/07\/atomso-sklloniste-768x373.jpg 768w, https:\/\/centralmedia.rs\/wp-content\/uploads\/2019\/07\/atomso-sklloniste-864x420.jpg 864w, https:\/\/centralmedia.rs\/wp-content\/uploads\/2019\/07\/atomso-sklloniste-640x311.jpg 640w, https:\/\/centralmedia.rs\/wp-content\/uploads\/2019\/07\/atomso-sklloniste-681x331.jpg 681w, https:\/\/centralmedia.rs\/wp-content\/uploads\/2019\/07\/atomso-sklloniste.jpg 1280w\" sizes=\"(max-width: 640px) 100vw, 640px\" \/><\/p>\n<p>Moto skup je okupio sve generacije od najmla\u0111ih, koji su \u0111uskali na bini, do veterana roka koji su godinama, ali sa ne manjm \u017earom pratili de\u0161avanja.<\/p>\n","protected":false},"excerpt":{"rendered":"<p>PARA\u0106IN &#8211; Para\u0107inski bajkeri proslavili su 25. godina postojanja odli\u010dnik rok svirkama i gostima iz \u010ditave Evrope. Preko 1.000 motora u\u010destvovalo je u defileu ulicama &hellip; <\/p>\n","protected":false},"author":2,"featured_media":19296,"comment_status":"open","ping_status":"open","sticky":false,"template":"","format":"standard","meta":{"footnotes":""},"categories":[1524,2,23,1516,887,3055],"tags":[2053,2058,156],"_links":{"self":[{"href":"https:\/\/centralmedia.rs\/index.php\/wp-json\/wp\/v2\/posts\/19294"}],"collection":[{"href":"https:\/\/centralmedia.rs\/index.php\/wp-json\/wp\/v2\/posts"}],"about":[{"href":"https:\/\/centralmedia.rs\/index.php\/wp-json\/wp\/v2\/types\/post"}],"author":[{"embeddable":true,"href":"https:\/\/centralmedia.rs\/index.php\/wp-json\/wp\/v2\/users\/2"}],"replies":[{"embeddable":true,"href":"https:\/\/centralmedia.rs\/index.php\/wp-json\/wp\/v2\/comments?post=19294"}],"version-history":[{"count":1,"href":"https:\/\/centralmedia.rs\/index.php\/wp-json\/wp\/v2\/posts\/19294\/revisions"}],"predecessor-version":[{"id":19297,"href":"https:\/\/centralmedia.rs\/index.php\/wp-json\/wp\/v2\/posts\/19294\/revisions\/19297"}],"wp:featuredmedia":[{"embeddable":true,"href":"https:\/\/centralmedia.rs\/index.php\/wp-json\/wp\/v2\/media\/19296"}],"wp:attachment":[{"href":"https:\/\/centralmedia.rs\/index.php\/wp-json\/wp\/v2\/media?parent=19294"}],"wp:term":[{"taxonomy":"category","embeddable":true,"href":"https:\/\/centralmedia.rs\/index.php\/wp-json\/wp\/v2\/categories?post=19294"},{"taxonomy":"post_tag","embeddable":true,"href":"https:\/\/centralmedia.rs\/index.php\/wp-json\/wp\/v2\/tags?post=19294"}],"curies":[{"name":"wp","href":"https:\/\/api.w.org\/{rel}","templated":true}]}}