{"id":19306,"date":"2019-07-30T16:14:39","date_gmt":"2019-07-30T16:14:39","guid":{"rendered":"http:\/\/centralmedia.rs\/?p=19306"},"modified":"2019-08-04T20:56:50","modified_gmt":"2019-08-04T20:56:50","slug":"pokret-za-selo-i-grad-posetio-radisavljevice-iz-donjeg-vidova-vukova-diploma-u-teskim-zivotnim-uslovima","status":"publish","type":"post","link":"https:\/\/centralmedia.rs\/index.php\/2019\/07\/30\/pokret-za-selo-i-grad-posetio-radisavljevice-iz-donjeg-vidova-vukova-diploma-u-teskim-zivotnim-uslovima\/","title":{"rendered":"POKRET ZA SELO I GRAD POSETIO RADISAVLJEVI\u0106E IZ DONJEG VIDOVA &#8211; VUKOVA DIPLOMA U TE\u0160KIM \u017dIVOTNIM USLOVIMA"},"content":{"rendered":"<p>PARA\u0106IN- Para\u0107inski Pokret za selo i grad danas je posetio porodicu Radisavljevi\u0107 u Donjem Vidovu. \u00a0Devoj\u010dica odli\u010dan u\u010denik sa Vukovom diplomom ostvarenom u veoma te\u0161kim uslovima za \u017eivot \u00a0\u017eivi sa ocem i babom.<\/p>\n<p>Predstavnici Pokreta za selo i grad porodici Radisavljevi\u0107 uru\u010dili su vitalne \u017eivotne namirnice. Porodica je u stanju socijalne potrebe te je Pokret ovim apelovao na sve ljude dobre volje da se uklju\u010de i da \u00a0pomognem.<\/p>\n<div id='gallery-1' class='gallery galleryid-19306 gallery-columns-5 gallery-size-thumbnail'><figure class='gallery-item'>\n\t\t\t<div class='gallery-icon portrait'>\n\t\t\t\t<a href='https:\/\/centralmedia.rs\/index.php\/2019\/07\/30\/pokret-za-selo-i-grad-posetio-radisavljevice-iz-donjeg-vidova-vukova-diploma-u-teskim-zivotnim-uslovima\/pokret-5\/'><img loading=\"lazy\" decoding=\"async\" width=\"150\" height=\"150\" src=\"https:\/\/centralmedia.rs\/wp-content\/uploads\/2019\/07\/pokret-150x150.jpg\" class=\"attachment-thumbnail size-thumbnail\" alt=\"\" \/><\/a>\n\t\t\t<\/div><\/figure><figure class='gallery-item'>\n\t\t\t<div class='gallery-icon portrait'>\n\t\t\t\t<a href='https:\/\/centralmedia.rs\/index.php\/2019\/07\/30\/pokret-za-selo-i-grad-posetio-radisavljevice-iz-donjeg-vidova-vukova-diploma-u-teskim-zivotnim-uslovima\/pokret1\/'><img loading=\"lazy\" decoding=\"async\" width=\"150\" height=\"150\" src=\"https:\/\/centralmedia.rs\/wp-content\/uploads\/2019\/07\/pokret1-150x150.jpg\" class=\"attachment-thumbnail size-thumbnail\" alt=\"\" \/><\/a>\n\t\t\t<\/div><\/figure><figure class='gallery-item'>\n\t\t\t<div class='gallery-icon portrait'>\n\t\t\t\t<a href='https:\/\/centralmedia.rs\/index.php\/2019\/07\/30\/pokret-za-selo-i-grad-posetio-radisavljevice-iz-donjeg-vidova-vukova-diploma-u-teskim-zivotnim-uslovima\/radisavlejvici1\/'><img loading=\"lazy\" decoding=\"async\" width=\"150\" height=\"150\" src=\"https:\/\/centralmedia.rs\/wp-content\/uploads\/2019\/07\/radisavlejvici1-150x150.jpg\" class=\"attachment-thumbnail size-thumbnail\" alt=\"\" \/><\/a>\n\t\t\t<\/div><\/figure><figure class='gallery-item'>\n\t\t\t<div class='gallery-icon landscape'>\n\t\t\t\t<a href='https:\/\/centralmedia.rs\/index.php\/2019\/07\/30\/pokret-za-selo-i-grad-posetio-radisavljevice-iz-donjeg-vidova-vukova-diploma-u-teskim-zivotnim-uslovima\/radisavljevici\/'><img loading=\"lazy\" decoding=\"async\" width=\"150\" height=\"150\" src=\"https:\/\/centralmedia.rs\/wp-content\/uploads\/2019\/07\/radisavljevici-150x150.jpg\" class=\"attachment-thumbnail size-thumbnail\" alt=\"\" \/><\/a>\n\t\t\t<\/div><\/figure><figure class='gallery-item'>\n\t\t\t<div class='gallery-icon landscape'>\n\t\t\t\t<a href='https:\/\/centralmedia.rs\/index.php\/2019\/07\/30\/pokret-za-selo-i-grad-posetio-radisavljevice-iz-donjeg-vidova-vukova-diploma-u-teskim-zivotnim-uslovima\/radisavljevici2\/'><img loading=\"lazy\" decoding=\"async\" width=\"150\" height=\"150\" src=\"https:\/\/centralmedia.rs\/wp-content\/uploads\/2019\/07\/radisavljevici2-150x150.jpg\" class=\"attachment-thumbnail size-thumbnail\" alt=\"\" \/><\/a>\n\t\t\t<\/div><\/figure>\n\t\t<\/div>\n\n","protected":false},"excerpt":{"rendered":"<p>PARA\u0106IN- Para\u0107inski Pokret za selo i grad danas je posetio porodicu Radisavljevi\u0107 u Donjem Vidovu. \u00a0Devoj\u010dica odli\u010dan u\u010denik sa Vukovom diplomom ostvarenom u veoma te\u0161kim &hellip; <\/p>\n","protected":false},"author":2,"featured_media":19307,"comment_status":"open","ping_status":"open","sticky":false,"template":"","format":"standard","meta":{"footnotes":""},"categories":[14,1524,2,1516,887,12],"tags":[1358,156,1559,3925],"_links":{"self":[{"href":"https:\/\/centralmedia.rs\/index.php\/wp-json\/wp\/v2\/posts\/19306"}],"collection":[{"href":"https:\/\/centralmedia.rs\/index.php\/wp-json\/wp\/v2\/posts"}],"about":[{"href":"https:\/\/centralmedia.rs\/index.php\/wp-json\/wp\/v2\/types\/post"}],"author":[{"embeddable":true,"href":"https:\/\/centralmedia.rs\/index.php\/wp-json\/wp\/v2\/users\/2"}],"replies":[{"embeddable":true,"href":"https:\/\/centralmedia.rs\/index.php\/wp-json\/wp\/v2\/comments?post=19306"}],"version-history":[{"count":1,"href":"https:\/\/centralmedia.rs\/index.php\/wp-json\/wp\/v2\/posts\/19306\/revisions"}],"predecessor-version":[{"id":19312,"href":"https:\/\/centralmedia.rs\/index.php\/wp-json\/wp\/v2\/posts\/19306\/revisions\/19312"}],"wp:featuredmedia":[{"embeddable":true,"href":"https:\/\/centralmedia.rs\/index.php\/wp-json\/wp\/v2\/media\/19307"}],"wp:attachment":[{"href":"https:\/\/centralmedia.rs\/index.php\/wp-json\/wp\/v2\/media?parent=19306"}],"wp:term":[{"taxonomy":"category","embeddable":true,"href":"https:\/\/centralmedia.rs\/index.php\/wp-json\/wp\/v2\/categories?post=19306"},{"taxonomy":"post_tag","embeddable":true,"href":"https:\/\/centralmedia.rs\/index.php\/wp-json\/wp\/v2\/tags?post=19306"}],"curies":[{"name":"wp","href":"https:\/\/api.w.org\/{rel}","templated":true}]}}