{"id":19313,"date":"2019-07-30T16:28:14","date_gmt":"2019-07-30T16:28:14","guid":{"rendered":"http:\/\/centralmedia.rs\/?p=19313"},"modified":"2019-08-04T20:57:01","modified_gmt":"2019-08-04T20:57:01","slug":"koncert-sergeja-cetkovica-za-svetog-iliju-u-paracinu","status":"publish","type":"post","link":"https:\/\/centralmedia.rs\/index.php\/2019\/07\/30\/koncert-sergeja-cetkovica-za-svetog-iliju-u-paracinu\/","title":{"rendered":"KONCERT SERGEJA \u0106ETKOVI\u0106A ZA SVETOG ILIJU U PARA\u0106INU"},"content":{"rendered":"<p>PARA\u0106IN- Za Svetog Iliju 2. avgusta u 21 sat odr\u017eava se koncert Sergeja \u0106etkovi\u0107a u glavnoj ulici u centru Para\u0107ina.<\/p>\n<p>Zbog odr\u017eavanja koncerta Sergeja \u0106etkovi\u0107a u petak, 2. avgusta, u Ulici kralja Petra 1, u centru grada \u0107e do\u0107i do privremene izmene re\u017eima saobra\u0107aja. Naime, u Ulici kralja Petra, u delu od Ulice vojvode Mi\u0161i\u0107a do Ulice svetog Save i ulice Nikole Pa\u0161i\u0107a, saobra\u0107aj \u0107e potpuno biti obustavljen od \u010detvrtka, 1. avgusta, od 8 ujutru pa do subote, 3. avgusta, do 14 sati.<\/p>\n<p>Zbog toga je potrebno da gra\u0111ani uklone parkirana vozila iz glavne gradske ulice, a da vlasnici radnji potrebnu nabavku i dopremu robe vr\u0161e sa zadnje strane lokala. Saobra\u0107aj \u0107e u navedenom periodu biti preusmeren na Ulicu nikole Pa\u0161i\u0107a i Ulicu svetog Save. Stajali\u0161te linije gradskog prevoza kod gradske Apoteke se privremeno ukida, a putnicima su na raspolaganju stajali\u0161ta u ulici Tome \u017divanovi\u0107a, kod biv\u0161e \u0160tamparije i u Ulici vo\u017eda Kara\u0111or\u0111a, kod semafora.<\/p>\n<p>Za navedenu izmenu re\u017eima saobra\u0107aja izdato je re\u0161enje Uprave za urbanizam, skup\u0161tinske i op\u0161te poslove Op\u0161tine Para\u0107in, ka\u017eu u para\u0107inskoj Direkciji za izgradnju.<\/p>\n<p>&nbsp;<\/p>\n","protected":false},"excerpt":{"rendered":"<p>PARA\u0106IN- Za Svetog Iliju 2. avgusta u 21 sat odr\u017eava se koncert Sergeja \u0106etkovi\u0107a u glavnoj ulici u centru Para\u0107ina. Zbog odr\u017eavanja koncerta Sergeja \u0106etkovi\u0107a &hellip; <\/p>\n","protected":false},"author":2,"featured_media":19039,"comment_status":"open","ping_status":"open","sticky":false,"template":"","format":"standard","meta":{"footnotes":""},"categories":[1524,2,23,1516,887,3055],"tags":[156,3894,3895],"_links":{"self":[{"href":"https:\/\/centralmedia.rs\/index.php\/wp-json\/wp\/v2\/posts\/19313"}],"collection":[{"href":"https:\/\/centralmedia.rs\/index.php\/wp-json\/wp\/v2\/posts"}],"about":[{"href":"https:\/\/centralmedia.rs\/index.php\/wp-json\/wp\/v2\/types\/post"}],"author":[{"embeddable":true,"href":"https:\/\/centralmedia.rs\/index.php\/wp-json\/wp\/v2\/users\/2"}],"replies":[{"embeddable":true,"href":"https:\/\/centralmedia.rs\/index.php\/wp-json\/wp\/v2\/comments?post=19313"}],"version-history":[{"count":1,"href":"https:\/\/centralmedia.rs\/index.php\/wp-json\/wp\/v2\/posts\/19313\/revisions"}],"predecessor-version":[{"id":19314,"href":"https:\/\/centralmedia.rs\/index.php\/wp-json\/wp\/v2\/posts\/19313\/revisions\/19314"}],"wp:featuredmedia":[{"embeddable":true,"href":"https:\/\/centralmedia.rs\/index.php\/wp-json\/wp\/v2\/media\/19039"}],"wp:attachment":[{"href":"https:\/\/centralmedia.rs\/index.php\/wp-json\/wp\/v2\/media?parent=19313"}],"wp:term":[{"taxonomy":"category","embeddable":true,"href":"https:\/\/centralmedia.rs\/index.php\/wp-json\/wp\/v2\/categories?post=19313"},{"taxonomy":"post_tag","embeddable":true,"href":"https:\/\/centralmedia.rs\/index.php\/wp-json\/wp\/v2\/tags?post=19313"}],"curies":[{"name":"wp","href":"https:\/\/api.w.org\/{rel}","templated":true}]}}