{"id":19328,"date":"2019-07-31T13:01:36","date_gmt":"2019-07-31T13:01:36","guid":{"rendered":"http:\/\/centralmedia.rs\/?p=19328"},"modified":"2019-08-04T20:58:02","modified_gmt":"2019-08-04T20:58:02","slug":"50-jubilarni-sabor-prodoh-levacprodoh-sumadiju","status":"publish","type":"post","link":"https:\/\/centralmedia.rs\/index.php\/2019\/07\/31\/50-jubilarni-sabor-prodoh-levacprodoh-sumadiju\/","title":{"rendered":"50. JUBILARNI SABOR ,,PRO\u0110OH LEVA\u010c,PRO\u0110OH \u0160UMADIJU&#8221;"},"content":{"rendered":"<p>REKOVAC- Pola veka\u00a0 tradicije, pola veka o\u010duvanja tradicije, pola veka negovanja svega onoga na \u010demu\u00a0 po\u010diva kontinuitet i identitet jedne kulture i jedne nacije.\u00a0 Jer\u00a0 kao \u0161to re\u010de Zoran Andrija\u0161evi\u0107 u pozdravnom govoru prilikom otvaranja XIII po redu Sabora jo\u0161 davne 1982. godine\u00a0 ,, Do\u0161li smo da ne zaboravimo, iz svih krajeva u kraj koji se drznuo da sa\u010duva ne\u0161to tradicije naroda koji brzo grabe\u0107i napred, \u010desto izgubi deo svoje pro\u0161losti\u00a0 radi sivih boja Evrope. Ovde , kraj jednog od najlep\u0161ih manastira u Srbiji, Kaleni\u0107a, \u010disti kao planinski izvori javljaju se tonovi narodnog genija ovaplo\u0107enog kroz igru, boju i pesmu u svjoj samoniklosti,,.<\/p>\n<div id='gallery-1' class='gallery galleryid-19328 gallery-columns-7 gallery-size-thumbnail'><figure class='gallery-item'>\n\t\t\t<div class='gallery-icon landscape'>\n\t\t\t\t<a href='https:\/\/centralmedia.rs\/index.php\/2018\/11\/08\/podrska-ministarstva-kulture-za-snimanje-filma-o-istorijatu-levackog-sabora\/sabor-7\/'><img loading=\"lazy\" decoding=\"async\" width=\"150\" height=\"150\" src=\"https:\/\/centralmedia.rs\/wp-content\/uploads\/2018\/11\/sabor-7-150x150.jpg\" class=\"attachment-thumbnail size-thumbnail\" alt=\"\" \/><\/a>\n\t\t\t<\/div><\/figure><figure class='gallery-item'>\n\t\t\t<div class='gallery-icon landscape'>\n\t\t\t\t<a href='https:\/\/centralmedia.rs\/index.php\/2018\/12\/24\/premijera-dokumentarnog-filma-o-nematerijalnoj-kulturnoj-bastini-opstine-rekovac\/sabor-1-2\/'><img loading=\"lazy\" decoding=\"async\" width=\"150\" height=\"150\" src=\"https:\/\/centralmedia.rs\/wp-content\/uploads\/2018\/12\/sabor-1-150x150.jpg\" class=\"attachment-thumbnail size-thumbnail\" alt=\"\" \/><\/a>\n\t\t\t<\/div><\/figure><figure class='gallery-item'>\n\t\t\t<div class='gallery-icon landscape'>\n\t\t\t\t<a href='https:\/\/centralmedia.rs\/index.php\/2018\/12\/24\/premijera-dokumentarnog-filma-o-nematerijalnoj-kulturnoj-bastini-opstine-rekovac\/sabor-4\/'><img loading=\"lazy\" decoding=\"async\" width=\"150\" height=\"150\" src=\"https:\/\/centralmedia.rs\/wp-content\/uploads\/2018\/12\/sabor-150x150.jpg\" class=\"attachment-thumbnail size-thumbnail\" alt=\"\" \/><\/a>\n\t\t\t<\/div><\/figure><figure class='gallery-item'>\n\t\t\t<div class='gallery-icon landscape'>\n\t\t\t\t<a href='https:\/\/centralmedia.rs\/index.php\/2017\/08\/06\/tradicija-jaca-od-paklene-vrucine-levacki-sabor-u-manastiru-kalenic\/najlepsa-saborica-mirjana-pavlovic\/'><img loading=\"lazy\" decoding=\"async\" width=\"150\" height=\"150\" src=\"https:\/\/centralmedia.rs\/wp-content\/uploads\/2017\/08\/najlepsa-saborica-mirjana-pavlovic-150x150.jpg\" class=\"attachment-thumbnail size-thumbnail\" alt=\"\" aria-describedby=\"gallery-1-9004\" \/><\/a>\n\t\t\t<\/div>\n\t\t\t\t<figcaption class='wp-caption-text gallery-caption' id='gallery-1-9004'>\n\t\t\t\tMirjana Pavlovi\u0107\n\t\t\t\t<\/figcaption><\/figure><figure class='gallery-item'>\n\t\t\t<div class='gallery-icon landscape'>\n\t\t\t\t<a href='https:\/\/centralmedia.rs\/index.php\/2018\/11\/08\/podrska-ministarstva-kulture-za-snimanje-filma-o-istorijatu-levackog-sabora\/sabor-5\/'><img loading=\"lazy\" decoding=\"async\" width=\"150\" height=\"150\" src=\"https:\/\/centralmedia.rs\/wp-content\/uploads\/2018\/11\/sabor-5-150x150.jpg\" class=\"attachment-thumbnail size-thumbnail\" alt=\"\" \/><\/a>\n\t\t\t<\/div><\/figure><figure class='gallery-item'>\n\t\t\t<div class='gallery-icon portrait'>\n\t\t\t\t<a href='https:\/\/centralmedia.rs\/index.php\/2018\/11\/08\/podrska-ministarstva-kulture-za-snimanje-filma-o-istorijatu-levackog-sabora\/najlepse-saborice\/'><img loading=\"lazy\" decoding=\"async\" width=\"150\" height=\"150\" src=\"https:\/\/centralmedia.rs\/wp-content\/uploads\/2018\/11\/najlepse-saborice-150x150.jpg\" class=\"attachment-thumbnail size-thumbnail\" alt=\"\" \/><\/a>\n\t\t\t<\/div><\/figure><figure class='gallery-item'>\n\t\t\t<div class='gallery-icon landscape'>\n\t\t\t\t<a href='https:\/\/centralmedia.rs\/index.php\/2016\/07\/25\/sabor-u-levcu-prodoh-levac-prodoh-sumadiju\/sabor-1-rekovac-tor\/'><img loading=\"lazy\" decoding=\"async\" width=\"150\" height=\"150\" src=\"https:\/\/centralmedia.rs\/wp-content\/uploads\/2016\/07\/sabor-1-rekovac-tor-150x150.jpg\" class=\"attachment-thumbnail size-thumbnail\" alt=\"\" \/><\/a>\n\t\t\t<\/div><\/figure>\n\t\t<\/div>\n\n<p>Pola veka sabora narodnog stvarala\u0161tva ,,Pro\u0111oh Leva\u010d pro\u0111oh \u0160umadiju,, koji se odr\u017eava od 01. do 04. avgusta 2019. godene\u00a0 je svakako jubilej koji \u0107e obele\u017eiti\u00a0 kako kulturna, tako i turisti\u010dka de\u0161avanja u ovoj godini na teritoriji op\u0161tine Rekovac.<\/p>\n<p>I ove godine pedeseti put narod ovog kraja se drznuo da sa\u010duva sav duhovni koloritet srpskog naroda, svu lepotu frule, harmonike, lejki , tkanica, anterija, jeleka,\u010dak\u0161ira i opanaka, dugih brkova i pletenica, naivnog slikarstva, izvorne narodne pesme i kola.<\/p>\n<div id='gallery-2' class='gallery galleryid-19328 gallery-columns-4 gallery-size-full'><figure class='gallery-item'>\n\t\t\t<div class='gallery-icon portrait'>\n\t\t\t\t<a href='https:\/\/centralmedia.rs\/index.php\/2019\/06\/24\/50-sabora-prodoh-levac-prodoh-sumadiju-od-1-do-4-avgusta\/sabor-6\/'><img loading=\"lazy\" decoding=\"async\" width=\"474\" height=\"746\" src=\"https:\/\/centralmedia.rs\/wp-content\/uploads\/2019\/06\/sabor.jpg\" class=\"attachment-full size-full\" alt=\"\" srcset=\"https:\/\/centralmedia.rs\/wp-content\/uploads\/2019\/06\/sabor.jpg 474w, https:\/\/centralmedia.rs\/wp-content\/uploads\/2019\/06\/sabor-191x300.jpg 191w, https:\/\/centralmedia.rs\/wp-content\/uploads\/2019\/06\/sabor-267x420.jpg 267w\" sizes=\"(max-width: 474px) 100vw, 474px\" \/><\/a>\n\t\t\t<\/div><\/figure><figure class='gallery-item'>\n\t\t\t<div class='gallery-icon landscape'>\n\t\t\t\t<a href='https:\/\/centralmedia.rs\/index.php\/2019\/06\/24\/50-sabora-prodoh-levac-prodoh-sumadiju-od-1-do-4-avgusta\/program-4\/'><img loading=\"lazy\" decoding=\"async\" width=\"960\" height=\"960\" src=\"https:\/\/centralmedia.rs\/wp-content\/uploads\/2019\/06\/program.jpg\" class=\"attachment-full size-full\" alt=\"\" srcset=\"https:\/\/centralmedia.rs\/wp-content\/uploads\/2019\/06\/program.jpg 960w, https:\/\/centralmedia.rs\/wp-content\/uploads\/2019\/06\/program-150x150.jpg 150w, https:\/\/centralmedia.rs\/wp-content\/uploads\/2019\/06\/program-300x300.jpg 300w, https:\/\/centralmedia.rs\/wp-content\/uploads\/2019\/06\/program-768x768.jpg 768w, https:\/\/centralmedia.rs\/wp-content\/uploads\/2019\/06\/program-420x420.jpg 420w, https:\/\/centralmedia.rs\/wp-content\/uploads\/2019\/06\/program-640x640.jpg 640w, https:\/\/centralmedia.rs\/wp-content\/uploads\/2019\/06\/program-681x681.jpg 681w\" sizes=\"(max-width: 960px) 100vw, 960px\" \/><\/a>\n\t\t\t<\/div><\/figure><figure class='gallery-item'>\n\t\t\t<div class='gallery-icon landscape'>\n\t\t\t\t<a href='https:\/\/centralmedia.rs\/index.php\/2019\/06\/24\/50-sabora-prodoh-levac-prodoh-sumadiju-od-1-do-4-avgusta\/sabor-1-3\/'><img loading=\"lazy\" decoding=\"async\" width=\"1050\" height=\"477\" src=\"https:\/\/centralmedia.rs\/wp-content\/uploads\/2019\/06\/sabor-1.jpg\" class=\"attachment-full size-full\" alt=\"\" srcset=\"https:\/\/centralmedia.rs\/wp-content\/uploads\/2019\/06\/sabor-1.jpg 1050w, https:\/\/centralmedia.rs\/wp-content\/uploads\/2019\/06\/sabor-1-300x136.jpg 300w, https:\/\/centralmedia.rs\/wp-content\/uploads\/2019\/06\/sabor-1-768x349.jpg 768w, https:\/\/centralmedia.rs\/wp-content\/uploads\/2019\/06\/sabor-1-1024x465.jpg 1024w, https:\/\/centralmedia.rs\/wp-content\/uploads\/2019\/06\/sabor-1-925x420.jpg 925w, https:\/\/centralmedia.rs\/wp-content\/uploads\/2019\/06\/sabor-1-640x291.jpg 640w, https:\/\/centralmedia.rs\/wp-content\/uploads\/2019\/06\/sabor-1-681x309.jpg 681w\" sizes=\"(max-width: 1050px) 100vw, 1050px\" \/><\/a>\n\t\t\t<\/div><\/figure><figure class='gallery-item'>\n\t\t\t<div class='gallery-icon landscape'>\n\t\t\t\t<a href='https:\/\/centralmedia.rs\/index.php\/2019\/06\/24\/50-sabora-prodoh-levac-prodoh-sumadiju-od-1-do-4-avgusta\/program1\/'><img loading=\"lazy\" decoding=\"async\" width=\"800\" height=\"625\" src=\"https:\/\/centralmedia.rs\/wp-content\/uploads\/2019\/06\/program1.jpg\" class=\"attachment-full size-full\" alt=\"\" srcset=\"https:\/\/centralmedia.rs\/wp-content\/uploads\/2019\/06\/program1.jpg 800w, https:\/\/centralmedia.rs\/wp-content\/uploads\/2019\/06\/program1-300x234.jpg 300w, https:\/\/centralmedia.rs\/wp-content\/uploads\/2019\/06\/program1-768x600.jpg 768w, https:\/\/centralmedia.rs\/wp-content\/uploads\/2019\/06\/program1-538x420.jpg 538w, https:\/\/centralmedia.rs\/wp-content\/uploads\/2019\/06\/program1-640x500.jpg 640w, https:\/\/centralmedia.rs\/wp-content\/uploads\/2019\/06\/program1-681x532.jpg 681w, https:\/\/centralmedia.rs\/wp-content\/uploads\/2019\/06\/program1-511x400.jpg 511w\" sizes=\"(max-width: 800px) 100vw, 800px\" \/><\/a>\n\t\t\t<\/div><\/figure>\n\t\t<\/div>\n\n<p>Ovogodi\u0161nji 50. jubilarni sabor narodnog\u00a0 stvarala\u0161tva po\u010dinje u \u010detvrtak 1. avgusta u 19 \u010dasova otvaranjem XXVII likovne kolonije ,,Kaleni\u0107,, \u010diji je jedan od osniva\u010da Janko Bra\u0161i\u0107 koji je ujedno\u00a0 osniva\u010d naivnog slikarstva u Srbiji.<br \/>\nU petak 2. avguta u 20 \u010dasova u Domu kulture u Rekovcu odr\u017eava se X\u00a0 takmi\u010denje peva\u010da amatera ,,Zlatni glas Sabora,, na kome nas o\u010dekuje deset odli\u010dnih peva\u010da koji nam dolaze iz svih krajeva Srbije, od Ni\u0161a i Vlasotinca na jugu do Subotice na severu. Gost ve\u010deri na manifestaciji\u00a0 i \u010dlan \u017eirija \u0107e biti Radi\u0161a Uro\u0161evi\u0107, koji \u0107e odr\u017eati i mini koncert po zavr\u0161etku takmi\u010darskog dela. Ina\u010de ovo takmi\u010denje koje je obnovljeno 2009. godine vu\u010de korene od prvog Sabora koji je odr\u017ean 1970. godine, kada se odr\u017ealo prvo takmi\u010denje peva\u010da amatera u sali u Belu\u0161i\u0107u gde je \u010dlan \u017eirija i gost ve\u010deri bio Predrag Cune Gojkovi\u0107.<\/p>\n<p>Saborski dani se nastavljaju u subotu 3. avgusta u Kaleni\u0107u gde je za 10 \u010dasova zakazano otvaranje izlo\u017ebe starih i retkih knjiga koja \u0107e ove godine biti posve\u0107ena obele\u017eavanju jubileja, tako da \u0107e biti izlo\u017eeno mno\u0161tvo plakata i drugih predmeta koji su obele\u017eili pola veka manifestacije.<br \/>\nSve\u010dano otvaranje 50. jubilarnog narodnog stvarala\u0161tva ,,Pro\u0111oh Leva\u010d, pro\u0111oh \u0160umadiju, bi\u0107e odr\u017eano tradicionalno u porti manastira Kaleni\u0107 u \u00a018 \u010dasova gde \u0107e biti izveden bogat kulturno-umetni\u010dki program pod nazivom ,,50 godina saborovanja u Lev\u010du&#8221; koji je posve\u0107en obele\u017eavanju jubileja. Scenario i re\u017eiju potpisuju Marina Kon\u010dar i Vladimir \u0110or\u0111evi\u0107 a nastupi\u0107e dramski umetnici Neboj\u0161a Dugali\u0107, Vesna Pavlovi\u0107\u00a0 i Bojan Veljovi\u0107. U programu \u0107e nastupiti i pro\u0161logodi\u0161nja\u00a0 predstavnica na\u0161e zemlje na Eeurosongu Danica Krsti\u0107, koja je 2014. bila pobednica\u00a0 saborskog takmi\u010denja peva\u010da amatera. Tako\u0111e nastupi\u0107e i ansambli ,,Abra\u0161evi\u0107,, iz Kragujevca i ,,Tradicija,, iz Trstenika.<\/p>\n<p>Ovogodi\u0161nji 50. jubilarni po redu sabor narodnog stvarala\u0161tva ,,Pro\u0111oh Leva\u010d, pro\u0111oh \u0160umadiju,,\u00a0 \u0107e zvani\u010dno otvoriti ministar kulture\u00a0 Vladan Vukosavljevi\u0107.<br \/>\nU nedelju 4. avgusta, zavr\u0161nog dana, u 8 \u010dasova je \u00a0Sveta liturgija u manastiru Kaleni\u0107, a program po\u010dinje \u00a0izlo\u017ebom slika sa likovne kolonije ,,Kaleni\u0107,, koja \u0107e biti uprili\u010dena od 10:30 u prostorijama O\u0160 ,,Du\u0161an Popovi\u0107,, u Kaleni\u0107u. Istovremeno od 9 \u010dasova na terasi u konaku manastira je prijavljivanje kandidata za saborska takmi\u010denja za najdu\u017eu pletenicu, najdu\u017ei brk i takmi\u010denje zdravi\u010dara.\u00a0 Takmi\u010denje zdravi\u010dara i izbor za najboljeg zdravi\u010dara sabora kre\u0107e od 11 \u010dasova ispred bine u porti manastira Kaleni\u0107 na kojoj \u0107e biti uprili\u010dena i dodela nagrada za najlep\u0161a dvori\u0161ta u Lev\u010du.Tako\u0111e u porti se odr\u017eava i manifestacija ,,Zlatne ruke Lev\u010da,, gde gosti imaju priliku da se upoznaju sa kuhinjom leva\u010dkog kraja a pri kraju manifestacije ima\u0107e mogu\u0107nost\u00a0 da te specijalitete i degustiraju.<br \/>\nZa 12:30 je zakazan sve\u010dani defile KUD-ova uz truba\u010dki orkestar Ivana \u0110enadi\u0107a, dok je nastup KUD-ova zakazan za 13 \u010dasova. Pored folklora na centralnoj bini bi\u0107e odr\u017eano i takmi\u010denje za najdu\u017eu pletenicu, najdu\u017ei brk, najlep\u0161u mu\u0161ku i \u017eensku narodnu no\u0161nju kao i za najle\u0161u saboricu i uz obavezni nastup \u010duvenih ,,Lejka\u0161a\u201d.<\/p>\n<p>I ove godine \u0107e na centralnoj bini biti dodeljena povelja ,,Brativoje Markovi\u0107,, koja nosi ime po jednom od osniva\u010da Sabora i koja se dodeljuje ustanovama i pojedincima koji su dali zna\u010dajan doprinos razvoju i popularizaciji manifestacije.<\/p>\n<p>Tako\u0111e o\u010dekuje vas i veliki broj izlaga\u010da u ,,Ulici starih zanata,, gde \u0107e posetioci mo\u0107i da vide i kupe ne\u0161to od ru\u010dno ra\u0111enih suvenira i tradicionalnih zanatskih proizvoda koje proizvode udru\u017eenja gra\u0111ana iz cele Srbije.<\/p>\n<p>Dobrodo\u0161li na 50. Sabor narodnog stvarala\u0161tva ,,Pro\u0111oh Leva\u010d, pro\u0111oh \u0160umadiju\u201d.<\/p>\n<p>&nbsp;<\/p>\n","protected":false},"excerpt":{"rendered":"<p>REKOVAC- Pola veka\u00a0 tradicije, pola veka o\u010duvanja tradicije, pola veka negovanja svega onoga na \u010demu\u00a0 po\u010diva kontinuitet i identitet jedne kulture i jedne nacije.\u00a0 Jer\u00a0 &hellip; <\/p>\n","protected":false},"author":2,"featured_media":8993,"comment_status":"open","ping_status":"open","sticky":false,"template":"","format":"standard","meta":{"footnotes":""},"categories":[1524,2,1514,15,887,12],"tags":[2926,1071,2199,441],"_links":{"self":[{"href":"https:\/\/centralmedia.rs\/index.php\/wp-json\/wp\/v2\/posts\/19328"}],"collection":[{"href":"https:\/\/centralmedia.rs\/index.php\/wp-json\/wp\/v2\/posts"}],"about":[{"href":"https:\/\/centralmedia.rs\/index.php\/wp-json\/wp\/v2\/types\/post"}],"author":[{"embeddable":true,"href":"https:\/\/centralmedia.rs\/index.php\/wp-json\/wp\/v2\/users\/2"}],"replies":[{"embeddable":true,"href":"https:\/\/centralmedia.rs\/index.php\/wp-json\/wp\/v2\/comments?post=19328"}],"version-history":[{"count":1,"href":"https:\/\/centralmedia.rs\/index.php\/wp-json\/wp\/v2\/posts\/19328\/revisions"}],"predecessor-version":[{"id":19329,"href":"https:\/\/centralmedia.rs\/index.php\/wp-json\/wp\/v2\/posts\/19328\/revisions\/19329"}],"wp:featuredmedia":[{"embeddable":true,"href":"https:\/\/centralmedia.rs\/index.php\/wp-json\/wp\/v2\/media\/8993"}],"wp:attachment":[{"href":"https:\/\/centralmedia.rs\/index.php\/wp-json\/wp\/v2\/media?parent=19328"}],"wp:term":[{"taxonomy":"category","embeddable":true,"href":"https:\/\/centralmedia.rs\/index.php\/wp-json\/wp\/v2\/categories?post=19328"},{"taxonomy":"post_tag","embeddable":true,"href":"https:\/\/centralmedia.rs\/index.php\/wp-json\/wp\/v2\/tags?post=19328"}],"curies":[{"name":"wp","href":"https:\/\/api.w.org\/{rel}","templated":true}]}}