{"id":19333,"date":"2019-08-01T19:27:22","date_gmt":"2019-08-01T19:27:22","guid":{"rendered":"http:\/\/centralmedia.rs\/?p=19333"},"modified":"2019-08-04T20:57:44","modified_gmt":"2019-08-04T20:57:44","slug":"poceo-50-levacki-sabor-otvorena-izlozba-sa-kolonije-kalenic","status":"publish","type":"post","link":"https:\/\/centralmedia.rs\/index.php\/2019\/08\/01\/poceo-50-levacki-sabor-otvorena-izlozba-sa-kolonije-kalenic\/","title":{"rendered":"PO\u010cEO 50. LEVA\u010cKI SABOR &#8211; OTVORENA IZLO\u017dBA SA KOLONIJE ,,KALENI\u0106&#8221;"},"content":{"rendered":"<p>REKOVAC- Ovogodi\u0161nji 50. jubilarni sabor narodnog\u00a0 stvarala\u0161tva po\u010deo je ve\u010deras otvaranjem 27. likovne kolonije ,,Kaleni\u0107&#8221;, \u00a0\u010diji je jedan od osniva\u010da Janko Bra\u0161i\u0107 koji je ujedno\u00a0 osniva\u010d naivnog slikarstva u Srbiji.<\/p>\n<div id='gallery-1' class='gallery galleryid-19333 gallery-columns-3 gallery-size-thumbnail'><figure class='gallery-item'>\n\t\t\t<div class='gallery-icon landscape'>\n\t\t\t\t<a href='https:\/\/centralmedia.rs\/index.php\/2019\/08\/01\/poceo-50-levacki-sabor-otvorena-izlozba-sa-kolonije-kalenic\/janko-brasic\/'><img loading=\"lazy\" decoding=\"async\" width=\"150\" height=\"150\" src=\"https:\/\/centralmedia.rs\/wp-content\/uploads\/2019\/08\/janko-brasic-150x150.png\" class=\"attachment-thumbnail size-thumbnail\" alt=\"\" \/><\/a>\n\t\t\t<\/div><\/figure><figure class='gallery-item'>\n\t\t\t<div class='gallery-icon landscape'>\n\t\t\t\t<a href='https:\/\/centralmedia.rs\/index.php\/2019\/08\/01\/poceo-50-levacki-sabor-otvorena-izlozba-sa-kolonije-kalenic\/likovna-kolonija1\/'><img loading=\"lazy\" decoding=\"async\" width=\"150\" height=\"150\" src=\"https:\/\/centralmedia.rs\/wp-content\/uploads\/2019\/08\/likovna-kolonija1-150x150.png\" class=\"attachment-thumbnail size-thumbnail\" alt=\"\" \/><\/a>\n\t\t\t<\/div><\/figure><figure class='gallery-item'>\n\t\t\t<div class='gallery-icon landscape'>\n\t\t\t\t<a href='https:\/\/centralmedia.rs\/index.php\/2019\/08\/01\/poceo-50-levacki-sabor-otvorena-izlozba-sa-kolonije-kalenic\/likovan-kolonija\/'><img loading=\"lazy\" decoding=\"async\" width=\"150\" height=\"150\" src=\"https:\/\/centralmedia.rs\/wp-content\/uploads\/2019\/08\/likovan-kolonija-150x150.jpg\" class=\"attachment-thumbnail size-thumbnail\" alt=\"\" \/><\/a>\n\t\t\t<\/div><\/figure>\n\t\t<\/div>\n\n<p>U petak u 20 \u010dasova u Domu kulture u Rekovcu odr\u017eava se 10.\u00a0 takmi\u010denje peva\u010da amatera ,,Zlatni glas Sabora,, na kome nas o\u010dekuje deset odli\u010dnih peva\u010da koji dolaze iz svih krajeva Srbije, od Ni\u0161a i Vlasotinca na jugu do Subotice na severu. Gost ve\u010deri na manifestaciji i \u010dlan \u017eirija \u0107e biti Radi\u0161a Uro\u0161evi\u0107, koji \u0107e odr\u017eati i mini koncert po zavr\u0161etku takmi\u010darskog dela. Ina\u010de, ovo takmi\u010denje koje je obnovljeno 2009. godine vu\u010de korene od prvog Sabora koji je odr\u017ean 1970. godine, kada je odr\u017eano prvo takmi\u010denje peva\u010da amatera u sali u Belu\u0161i\u0107u, gde je \u010dlan \u017eirija i gost ve\u010deri bio Predrag Cune Gojkovi\u0107.<\/p>\n<p>&nbsp;<\/p>\n","protected":false},"excerpt":{"rendered":"<p>REKOVAC- Ovogodi\u0161nji 50. jubilarni sabor narodnog\u00a0 stvarala\u0161tva po\u010deo je ve\u010deras otvaranjem 27. likovne kolonije ,,Kaleni\u0107&#8221;, \u00a0\u010diji je jedan od osniva\u010da Janko Bra\u0161i\u0107 koji je ujedno\u00a0 &hellip; <\/p>\n","protected":false},"author":2,"featured_media":19334,"comment_status":"open","ping_status":"open","sticky":false,"template":"","format":"standard","meta":{"footnotes":""},"categories":[1524,2,15,887,1519,12],"tags":[3930,1071,3929,441],"_links":{"self":[{"href":"https:\/\/centralmedia.rs\/index.php\/wp-json\/wp\/v2\/posts\/19333"}],"collection":[{"href":"https:\/\/centralmedia.rs\/index.php\/wp-json\/wp\/v2\/posts"}],"about":[{"href":"https:\/\/centralmedia.rs\/index.php\/wp-json\/wp\/v2\/types\/post"}],"author":[{"embeddable":true,"href":"https:\/\/centralmedia.rs\/index.php\/wp-json\/wp\/v2\/users\/2"}],"replies":[{"embeddable":true,"href":"https:\/\/centralmedia.rs\/index.php\/wp-json\/wp\/v2\/comments?post=19333"}],"version-history":[{"count":1,"href":"https:\/\/centralmedia.rs\/index.php\/wp-json\/wp\/v2\/posts\/19333\/revisions"}],"predecessor-version":[{"id":19337,"href":"https:\/\/centralmedia.rs\/index.php\/wp-json\/wp\/v2\/posts\/19333\/revisions\/19337"}],"wp:featuredmedia":[{"embeddable":true,"href":"https:\/\/centralmedia.rs\/index.php\/wp-json\/wp\/v2\/media\/19334"}],"wp:attachment":[{"href":"https:\/\/centralmedia.rs\/index.php\/wp-json\/wp\/v2\/media?parent=19333"}],"wp:term":[{"taxonomy":"category","embeddable":true,"href":"https:\/\/centralmedia.rs\/index.php\/wp-json\/wp\/v2\/categories?post=19333"},{"taxonomy":"post_tag","embeddable":true,"href":"https:\/\/centralmedia.rs\/index.php\/wp-json\/wp\/v2\/tags?post=19333"}],"curies":[{"name":"wp","href":"https:\/\/api.w.org\/{rel}","templated":true}]}}