{"id":19338,"date":"2019-08-01T19:32:22","date_gmt":"2019-08-01T19:32:22","guid":{"rendered":"http:\/\/centralmedia.rs\/?p=19338"},"modified":"2019-08-04T20:58:11","modified_gmt":"2019-08-04T20:58:11","slug":"izvoz-aviona-iz-jagodine-u-indiju","status":"publish","type":"post","link":"https:\/\/centralmedia.rs\/index.php\/2019\/08\/01\/izvoz-aviona-iz-jagodine-u-indiju\/","title":{"rendered":"IZVOZ AVIONA IZ JAGODINE U INDIJU"},"content":{"rendered":"<p>U prisustvu predsednika Skup\u0161tine grada Jagodine Dragana Markovi\u0107a Palme danas je u Jagodini potpisan Ugovor izme\u0111u kompanije za proizvodnju aviona \u201eAero East Europe\u201c iz Jagodine i kompanije \u201eKarni aerospace inc\u201c iz Indije, iz glavnog grada najve\u0107e indijske dr\u017eave Rad\u017eastan D\u017eajpura, koji se nalazi 268 kilometara od indijske prestonice New Delhija, o isporuci tri aviona, od kojih su dva \u201eSILA 450\u201c i jedan ambulantni SILA \u201e750\u201c. Ukupna vrednost dogovorenih poslova do kraja ove godine je 500 000 evra. Ugovor su potpisali vlasnik kompanije \u201eAero east Europe\u201c iz Jagodine Milorad Mati\u0107 i vlasnici indijske kompanije \u201eKarni aerospace inc\u201c Abhimanyu Detha i Dhara Gadhvi.<\/p>\n<p>\u201eJagodina je jedini grad u Srbiji, gde smo sami napravili kontakt sa najve\u0107im dr\u017eavama sveta po broju stanovnika, Kinom, Indijom i Sjedinjenim Ameri\u010dkim Dr\u017eavama. U Kinu jedna klanica iz Jagodine izvozi pile\u0107e proizvode. Kada sam bio na inauguraciji predsednika SAD Donalda Trampa, sa mnom su bila dvojica privrednika, vlasnici kompanija \u201eTesteral\u201c i \u201eJela\u201c iz Jagodine i tada je dogovoren posao vredan vi\u0161e miliona dolara o izvozu alu i pvc stolarije iz Jagodine u SAD i do sada je 70 posto dogovorenog posla realizovano. I danas se potpisuje ugovor o izvozu aviona iz Jagodine u Indiju. Kada imate tr\u017ei\u0161te u tri najbrojnije zemlje sveta, onda taj grad i ta dr\u017eava, mislim na Srbiju, imaju dobru budu\u0107nost\u201c, rekao je predsednik Skup\u0161tine grada Jagodine.<\/p>\n<div id='gallery-1' class='gallery galleryid-19338 gallery-columns-3 gallery-size-full'><figure class='gallery-item'>\n\t\t\t<div class='gallery-icon landscape'>\n\t\t\t\t<a href='https:\/\/centralmedia.rs\/index.php\/2019\/08\/01\/izvoz-aviona-iz-jagodine-u-indiju\/avioni-iz-jagodine\/'><img loading=\"lazy\" decoding=\"async\" width=\"1200\" height=\"628\" src=\"https:\/\/centralmedia.rs\/wp-content\/uploads\/2019\/08\/avioni-iz-jagodine.jpg\" class=\"attachment-full size-full\" alt=\"\" srcset=\"https:\/\/centralmedia.rs\/wp-content\/uploads\/2019\/08\/avioni-iz-jagodine.jpg 1200w, https:\/\/centralmedia.rs\/wp-content\/uploads\/2019\/08\/avioni-iz-jagodine-300x157.jpg 300w, https:\/\/centralmedia.rs\/wp-content\/uploads\/2019\/08\/avioni-iz-jagodine-768x402.jpg 768w, https:\/\/centralmedia.rs\/wp-content\/uploads\/2019\/08\/avioni-iz-jagodine-1024x536.jpg 1024w, https:\/\/centralmedia.rs\/wp-content\/uploads\/2019\/08\/avioni-iz-jagodine-803x420.jpg 803w, https:\/\/centralmedia.rs\/wp-content\/uploads\/2019\/08\/avioni-iz-jagodine-640x335.jpg 640w, https:\/\/centralmedia.rs\/wp-content\/uploads\/2019\/08\/avioni-iz-jagodine-681x356.jpg 681w\" sizes=\"(max-width: 1200px) 100vw, 1200px\" \/><\/a>\n\t\t\t<\/div><\/figure><figure class='gallery-item'>\n\t\t\t<div class='gallery-icon landscape'>\n\t\t\t\t<a href='https:\/\/centralmedia.rs\/index.php\/2019\/08\/01\/izvoz-aviona-iz-jagodine-u-indiju\/palma-18\/'><img loading=\"lazy\" decoding=\"async\" width=\"1478\" height=\"954\" src=\"https:\/\/centralmedia.rs\/wp-content\/uploads\/2019\/08\/palma.jpg\" class=\"attachment-full size-full\" alt=\"\" srcset=\"https:\/\/centralmedia.rs\/wp-content\/uploads\/2019\/08\/palma.jpg 1478w, https:\/\/centralmedia.rs\/wp-content\/uploads\/2019\/08\/palma-300x194.jpg 300w, https:\/\/centralmedia.rs\/wp-content\/uploads\/2019\/08\/palma-768x496.jpg 768w, https:\/\/centralmedia.rs\/wp-content\/uploads\/2019\/08\/palma-1024x661.jpg 1024w, https:\/\/centralmedia.rs\/wp-content\/uploads\/2019\/08\/palma-651x420.jpg 651w, https:\/\/centralmedia.rs\/wp-content\/uploads\/2019\/08\/palma-341x220.jpg 341w, https:\/\/centralmedia.rs\/wp-content\/uploads\/2019\/08\/palma-640x413.jpg 640w, https:\/\/centralmedia.rs\/wp-content\/uploads\/2019\/08\/palma-681x440.jpg 681w\" sizes=\"(max-width: 1478px) 100vw, 1478px\" \/><\/a>\n\t\t\t<\/div><\/figure><figure class='gallery-item'>\n\t\t\t<div class='gallery-icon landscape'>\n\t\t\t\t<a href='https:\/\/centralmedia.rs\/index.php\/2019\/08\/01\/izvoz-aviona-iz-jagodine-u-indiju\/avioni\/'><img loading=\"lazy\" decoding=\"async\" width=\"1398\" height=\"954\" src=\"https:\/\/centralmedia.rs\/wp-content\/uploads\/2019\/08\/avioni.jpg\" class=\"attachment-full size-full\" alt=\"\" srcset=\"https:\/\/centralmedia.rs\/wp-content\/uploads\/2019\/08\/avioni.jpg 1398w, https:\/\/centralmedia.rs\/wp-content\/uploads\/2019\/08\/avioni-300x205.jpg 300w, https:\/\/centralmedia.rs\/wp-content\/uploads\/2019\/08\/avioni-768x524.jpg 768w, https:\/\/centralmedia.rs\/wp-content\/uploads\/2019\/08\/avioni-1024x699.jpg 1024w, https:\/\/centralmedia.rs\/wp-content\/uploads\/2019\/08\/avioni-615x420.jpg 615w, https:\/\/centralmedia.rs\/wp-content\/uploads\/2019\/08\/avioni-640x437.jpg 640w, https:\/\/centralmedia.rs\/wp-content\/uploads\/2019\/08\/avioni-681x465.jpg 681w\" sizes=\"(max-width: 1398px) 100vw, 1398px\" \/><\/a>\n\t\t\t<\/div><\/figure>\n\t\t<\/div>\n\n<p>NEKADA TITO-NASER-NEHRU DANAS PALMA-NASER-NEHRU<\/p>\n<p>Ja se borim da Srbija vrati staro prijateljstvo koje je nekada bilo izme\u0111u osniva\u010da Pokreta nesvrstanih, biv\u0161e Jugoslavije, Indije i Egipta. U Egiptu smo napravili odli\u010dne kontake i uspostavili saradnju i oktobra meseca \u0107e se u Hurgadi odr\u017eati \u201eDani Srbije\u201c gde \u0107emo voditi najmanje 50 privrednika iz cele Srbije. Mi, ono \u0161to radimo ne radimo samo za Jagodinu, ve\u0107 za celu Srbiju. Iz Indije ve\u0107 ovog septembra dolazi 20 najve\u0107ih privrednika i neko od ministara iz Vlade Indije, a mi \u0107emo u decembru oti\u0107i u Indiju. To \u0107e biti novi po\u010detak u saradnji Srbije i Indije, zemlje koje danas ima 1 400 000 000 stanovnika. Ja \u017eelim da se zahvalim predsedniku Srbije Aleksandru Vu\u010di\u0107u i ministru spoljnih poslova Ivici Da\u010di\u0107u, na uslovima koje su stvorili za saradnju sa celim svetom i \u0161to Srbija danas ima me\u0111unarodnu popularnost i otvoren put i zato mi koji se bavimo politikom treba da iskoristimo tu popularnost i da Srbija ekonomski ja\u010da. Ja sam se u Egiptu sreo sa bratom Gamala Abdela Nasera, a u Indiji \u017eelim da se sretnem sa unukom D\u017eavaharlala Nehrua i tako obnovimo to staro prijateljstvo sa Egiptom i Indijom. \u017delim i da po\u0161aljem poruku svima koji se bave politikom u Srbiji i to va\u017ei posebno za opoziciju, da se ne sva\u0111amo i kritikujemo sve vreme, ve\u0107 kada se raspi\u0161u izbori da svako napravi izve\u0161taj \u0161ta je to radio u poslednje \u010detiri godine\u201c, rekao je Markovi\u0107 na zajedni\u010dkoj konferenciji za novinare, sa vlasnicima kompanija iz Jagodine i Indije.<\/p>\n<p>Vlasnik indijske kompanije \u00a0\u201eKarni aerospace inc\u201c Abhimanyu Detha zahvalio se premijeru Indije Narednra Modiju \u0161to je, kako je rekao, od Indije napravio industrijski centar sveta. \u201eZahvaljujem se Draganu Markovi\u0107u Palmi na gostoprimstvu. Mi dana\u0161njim potpisom ugovora kupujemo tri aviona iz Jagodine i to je po\u010detak na\u0161e saradnje.Mi \u017eelimo saradnju sa evropskim partnerima i nakon obilaska vi\u0161e zemalja Evrope izbor je pao na Jagodinu. Mi smo zaintersovani za izgradnju fabrika u industrijskoj zoni u Jagodini i upoznati smo sa uslovima. Privrednici iz Indije dolaze u septembru u Jagodinu i Srbiju i otvorena su nam vrata za saradnju u svim delovima privrede\u201c rekao je Detha.<\/p>\n<p>Vlasnik kompanije za proizvodnju aviona \u201eAero east Europe\u201c iz Jagodine, Milorad Mati\u0107, zahavlio se predsedniku Skup\u0161tine grada Jagodine na pomo\u0107i prilikom preseljenja svoje fabrike u Jagodinu. \u201ePosebno mi je drago \u0161to su na\u0161i indijski partneri pre dolaska u Jagodinu obi\u0161li Italiju, Nema\u010dku, \u0160paniju i Francusku i \u0161to su nakon toga prepoznali na\u0161u fabriku u Jagodini kao najkompetetniju i najpovoljniju. Uslovi eksploatacije aviona u Indiji su ina\u010de za lake avione specifi\u010dni zbog visokih temperatura i na\u0161i avioni metalne strukture su se pokazali kao najizdr\u017eljiviji. Posebno mi je drago \u0161to moja kompanija daje doprinos gradu Jagodini u razvoju dalje privredne saradnje, jer je grad Jagodina mojoj kompaniji napravio veliko gostoprimstvo i pomo\u0107 kada nam je to bilo potrebno\u201c rekao je Mati\u0107. Dana\u0161njem potpisu ugovora prisustvovali su i gradona\u010delnik Jagodine Ratko Stevanovi\u0107 i na\u010delnik Pomoravskog okruga Goran Milosavljevi\u0107.<\/p>\n<p>&nbsp;<\/p>\n<table>\n<tbody>\n<tr>\n<td><\/td>\n<td><span style=\"font-weight: 500;\">\u041e\u0434\u0433\u043e\u0432\u043e\u0440\u0438<\/span><span style=\"font-weight: 500;\">\u041e\u0434\u0433\u043e\u0432\u043e\u0440\u0438 \u0441\u0432\u0438\u043c\u0430<\/span><span style=\"font-weight: 500;\">\u041f\u0440\u043e\u0441\u043b\u0435\u0434\u0438<\/span><\/td>\n<\/tr>\n<\/tbody>\n<\/table>\n","protected":false},"excerpt":{"rendered":"<p>U prisustvu predsednika Skup\u0161tine grada Jagodine Dragana Markovi\u0107a Palme danas je u Jagodini potpisan Ugovor izme\u0111u kompanije za proizvodnju aviona \u201eAero East Europe\u201c iz Jagodine &hellip; <\/p>\n","protected":false},"author":2,"featured_media":19339,"comment_status":"open","ping_status":"open","sticky":false,"template":"","format":"standard","meta":{"footnotes":""},"categories":[22,1524,2,1514,12],"tags":[3140,3931,120],"_links":{"self":[{"href":"https:\/\/centralmedia.rs\/index.php\/wp-json\/wp\/v2\/posts\/19338"}],"collection":[{"href":"https:\/\/centralmedia.rs\/index.php\/wp-json\/wp\/v2\/posts"}],"about":[{"href":"https:\/\/centralmedia.rs\/index.php\/wp-json\/wp\/v2\/types\/post"}],"author":[{"embeddable":true,"href":"https:\/\/centralmedia.rs\/index.php\/wp-json\/wp\/v2\/users\/2"}],"replies":[{"embeddable":true,"href":"https:\/\/centralmedia.rs\/index.php\/wp-json\/wp\/v2\/comments?post=19338"}],"version-history":[{"count":1,"href":"https:\/\/centralmedia.rs\/index.php\/wp-json\/wp\/v2\/posts\/19338\/revisions"}],"predecessor-version":[{"id":19342,"href":"https:\/\/centralmedia.rs\/index.php\/wp-json\/wp\/v2\/posts\/19338\/revisions\/19342"}],"wp:featuredmedia":[{"embeddable":true,"href":"https:\/\/centralmedia.rs\/index.php\/wp-json\/wp\/v2\/media\/19339"}],"wp:attachment":[{"href":"https:\/\/centralmedia.rs\/index.php\/wp-json\/wp\/v2\/media?parent=19338"}],"wp:term":[{"taxonomy":"category","embeddable":true,"href":"https:\/\/centralmedia.rs\/index.php\/wp-json\/wp\/v2\/categories?post=19338"},{"taxonomy":"post_tag","embeddable":true,"href":"https:\/\/centralmedia.rs\/index.php\/wp-json\/wp\/v2\/tags?post=19338"}],"curies":[{"name":"wp","href":"https:\/\/api.w.org\/{rel}","templated":true}]}}