{"id":19345,"date":"2019-08-02T22:00:36","date_gmt":"2019-08-02T22:00:36","guid":{"rendered":"http:\/\/centralmedia.rs\/?p=19345"},"modified":"2019-08-02T22:00:36","modified_gmt":"2019-08-02T22:00:36","slug":"vise-hiljada-gradana-na-koncertu-sergeja-cetkovica-u-paracinu-foto","status":"publish","type":"post","link":"https:\/\/centralmedia.rs\/index.php\/2019\/08\/02\/vise-hiljada-gradana-na-koncertu-sergeja-cetkovica-u-paracinu-foto\/","title":{"rendered":"VI\u0160E HILJADA GRA\u0110ANA NA KONCERTU SERGEJA \u0106ETKOVI\u0106A U PARA\u0106INU (FOTO)"},"content":{"rendered":"<p>PARA\u0106IN- Na koncertu Sergeja \u0106etkovi\u0107a ve\u010deras u Para\u0107inu okupilo se vi\u0161e hiljada gra\u0111ana iz okolnih gradova. Koncert je odr\u017ean povodom Svetog Ilije, kada se odr\u017eava i va\u0161ar u ovom gradu. Publika je pevala u ritmu hitova popularnog peva\u010da, a glavna ulica pokzala se kao idealno mesto za organizaciju velikih koncerata, poput ve\u010dera\u0161njeg.<\/p>\n<div id='gallery-1' class='gallery galleryid-19345 gallery-columns-9 gallery-size-thumbnail'><figure class='gallery-item'>\n\t\t\t<div class='gallery-icon landscape'>\n\t\t\t\t<a href='https:\/\/centralmedia.rs\/index.php\/2019\/08\/02\/vise-hiljada-gradana-na-koncertu-sergeja-cetkovica-u-paracinu-foto\/koncert-on\/'><img loading=\"lazy\" decoding=\"async\" width=\"150\" height=\"150\" src=\"https:\/\/centralmedia.rs\/wp-content\/uploads\/2019\/08\/koncert-on-150x150.jpg\" class=\"attachment-thumbnail size-thumbnail\" alt=\"\" \/><\/a>\n\t\t\t<\/div><\/figure><figure class='gallery-item'>\n\t\t\t<div class='gallery-icon landscape'>\n\t\t\t\t<a href='https:\/\/centralmedia.rs\/index.php\/2019\/08\/02\/vise-hiljada-gradana-na-koncertu-sergeja-cetkovica-u-paracinu-foto\/paracin-koncert\/'><img loading=\"lazy\" decoding=\"async\" width=\"150\" height=\"150\" src=\"https:\/\/centralmedia.rs\/wp-content\/uploads\/2019\/08\/paracin-koncert-150x150.jpg\" class=\"attachment-thumbnail size-thumbnail\" alt=\"\" \/><\/a>\n\t\t\t<\/div><\/figure><figure class='gallery-item'>\n\t\t\t<div class='gallery-icon landscape'>\n\t\t\t\t<a href='https:\/\/centralmedia.rs\/index.php\/2019\/08\/02\/vise-hiljada-gradana-na-koncertu-sergeja-cetkovica-u-paracinu-foto\/sergej-3\/'><img loading=\"lazy\" decoding=\"async\" width=\"150\" height=\"150\" src=\"https:\/\/centralmedia.rs\/wp-content\/uploads\/2019\/08\/sergej-150x150.jpg\" class=\"attachment-thumbnail size-thumbnail\" alt=\"\" \/><\/a>\n\t\t\t<\/div><\/figure><figure class='gallery-item'>\n\t\t\t<div class='gallery-icon landscape'>\n\t\t\t\t<a href='https:\/\/centralmedia.rs\/index.php\/2019\/08\/02\/vise-hiljada-gradana-na-koncertu-sergeja-cetkovica-u-paracinu-foto\/sergej1\/'><img loading=\"lazy\" decoding=\"async\" width=\"150\" height=\"150\" src=\"https:\/\/centralmedia.rs\/wp-content\/uploads\/2019\/08\/sergej1-150x150.jpg\" class=\"attachment-thumbnail size-thumbnail\" alt=\"\" \/><\/a>\n\t\t\t<\/div><\/figure><figure class='gallery-item'>\n\t\t\t<div class='gallery-icon landscape'>\n\t\t\t\t<a href='https:\/\/centralmedia.rs\/index.php\/2019\/08\/02\/vise-hiljada-gradana-na-koncertu-sergeja-cetkovica-u-paracinu-foto\/sergej2\/'><img loading=\"lazy\" decoding=\"async\" width=\"150\" height=\"150\" src=\"https:\/\/centralmedia.rs\/wp-content\/uploads\/2019\/08\/sergej2-150x150.jpg\" class=\"attachment-thumbnail size-thumbnail\" alt=\"\" \/><\/a>\n\t\t\t<\/div><\/figure><figure class='gallery-item'>\n\t\t\t<div class='gallery-icon landscape'>\n\t\t\t\t<a href='https:\/\/centralmedia.rs\/index.php\/2019\/08\/02\/vise-hiljada-gradana-na-koncertu-sergeja-cetkovica-u-paracinu-foto\/sergej3\/'><img loading=\"lazy\" decoding=\"async\" width=\"150\" height=\"150\" src=\"https:\/\/centralmedia.rs\/wp-content\/uploads\/2019\/08\/sergej3-150x150.jpg\" class=\"attachment-thumbnail size-thumbnail\" alt=\"\" \/><\/a>\n\t\t\t<\/div><\/figure><figure class='gallery-item'>\n\t\t\t<div class='gallery-icon landscape'>\n\t\t\t\t<a href='https:\/\/centralmedia.rs\/index.php\/2019\/08\/02\/vise-hiljada-gradana-na-koncertu-sergeja-cetkovica-u-paracinu-foto\/sergej4\/'><img loading=\"lazy\" decoding=\"async\" width=\"150\" height=\"150\" src=\"https:\/\/centralmedia.rs\/wp-content\/uploads\/2019\/08\/sergej4-150x150.jpg\" class=\"attachment-thumbnail size-thumbnail\" alt=\"\" \/><\/a>\n\t\t\t<\/div><\/figure><figure class='gallery-item'>\n\t\t\t<div class='gallery-icon landscape'>\n\t\t\t\t<a href='https:\/\/centralmedia.rs\/index.php\/2019\/08\/02\/vise-hiljada-gradana-na-koncertu-sergeja-cetkovica-u-paracinu-foto\/sergej5\/'><img loading=\"lazy\" decoding=\"async\" width=\"150\" height=\"150\" src=\"https:\/\/centralmedia.rs\/wp-content\/uploads\/2019\/08\/sergej5-150x150.jpg\" class=\"attachment-thumbnail size-thumbnail\" alt=\"\" \/><\/a>\n\t\t\t<\/div><\/figure><figure class='gallery-item'>\n\t\t\t<div class='gallery-icon landscape'>\n\t\t\t\t<a href='https:\/\/centralmedia.rs\/index.php\/2019\/08\/02\/vise-hiljada-gradana-na-koncertu-sergeja-cetkovica-u-paracinu-foto\/sergej6\/'><img loading=\"lazy\" decoding=\"async\" width=\"150\" height=\"150\" src=\"https:\/\/centralmedia.rs\/wp-content\/uploads\/2019\/08\/sergej6-150x150.jpg\" class=\"attachment-thumbnail size-thumbnail\" alt=\"\" \/><\/a>\n\t\t\t<\/div><\/figure>\n\t\t<\/div>\n\n","protected":false},"excerpt":{"rendered":"<p>PARA\u0106IN- Na koncertu Sergeja \u0106etkovi\u0107a ve\u010deras u Para\u0107inu okupilo se vi\u0161e hiljada gra\u0111ana iz okolnih gradova. Koncert je odr\u017ean povodom Svetog Ilije, kada se odr\u017eava &hellip; <\/p>\n","protected":false},"author":2,"featured_media":19346,"comment_status":"open","ping_status":"open","sticky":false,"template":"","format":"standard","meta":{"footnotes":""},"categories":[1524,2,23,1516,887,3055],"tags":[422,156,3894],"_links":{"self":[{"href":"https:\/\/centralmedia.rs\/index.php\/wp-json\/wp\/v2\/posts\/19345"}],"collection":[{"href":"https:\/\/centralmedia.rs\/index.php\/wp-json\/wp\/v2\/posts"}],"about":[{"href":"https:\/\/centralmedia.rs\/index.php\/wp-json\/wp\/v2\/types\/post"}],"author":[{"embeddable":true,"href":"https:\/\/centralmedia.rs\/index.php\/wp-json\/wp\/v2\/users\/2"}],"replies":[{"embeddable":true,"href":"https:\/\/centralmedia.rs\/index.php\/wp-json\/wp\/v2\/comments?post=19345"}],"version-history":[{"count":1,"href":"https:\/\/centralmedia.rs\/index.php\/wp-json\/wp\/v2\/posts\/19345\/revisions"}],"predecessor-version":[{"id":19356,"href":"https:\/\/centralmedia.rs\/index.php\/wp-json\/wp\/v2\/posts\/19345\/revisions\/19356"}],"wp:featuredmedia":[{"embeddable":true,"href":"https:\/\/centralmedia.rs\/index.php\/wp-json\/wp\/v2\/media\/19346"}],"wp:attachment":[{"href":"https:\/\/centralmedia.rs\/index.php\/wp-json\/wp\/v2\/media?parent=19345"}],"wp:term":[{"taxonomy":"category","embeddable":true,"href":"https:\/\/centralmedia.rs\/index.php\/wp-json\/wp\/v2\/categories?post=19345"},{"taxonomy":"post_tag","embeddable":true,"href":"https:\/\/centralmedia.rs\/index.php\/wp-json\/wp\/v2\/tags?post=19345"}],"curies":[{"name":"wp","href":"https:\/\/api.w.org\/{rel}","templated":true}]}}