{"id":19357,"date":"2019-08-02T22:20:59","date_gmt":"2019-08-02T22:20:59","guid":{"rendered":"http:\/\/centralmedia.rs\/?p=19357"},"modified":"2019-08-02T22:21:40","modified_gmt":"2019-08-02T22:21:40","slug":"mediji-sin-heroja-sa-kosara-ponovo-ce-hodati-predsednik-vucic-ispunio-obecanje-dato-lazaru","status":"publish","type":"post","link":"https:\/\/centralmedia.rs\/index.php\/2019\/08\/02\/mediji-sin-heroja-sa-kosara-ponovo-ce-hodati-predsednik-vucic-ispunio-obecanje-dato-lazaru\/","title":{"rendered":"MEDIJI: SIN HEROJA SA KO\u0160ARA PONOVO \u0106E HODATI! Predsednik Vu\u010di\u0107 ispunio obe\u0107anje dato Lazaru!"},"content":{"rendered":"<p>Lazar je operisan, a tro\u0161kove je preuzeo predsednik Aleksandar Vu\u010di\u0107, koji \u0107e ga uskoro obi\u0107i u ,,Tir\u0161ovoj&#8221;.<\/p>\n<p>&#8211; Operacija za mene zna\u010di novi \u017eivot! Kao da sam se u 28. godini ponovo rodio. Mogu da zami\u0161ljam \u0161ta \u0107u sve da radim kad stanem na svoje noge<strong> &#8211;<\/strong>\u00a0presre\u0107an je Lazar Milutinovi\u0107, iz Jagodine, za \u010diju je operaciju novac po\u010delo da sakuplja Udru\u017eenje veterana 63. padobranske brigade, a potom je organizovan i niz humanitarnih akcija, me\u0111utim, nedostajalo mu je 7.000 evra.<\/p>\n<p>Nakon izve\u0161tavanja u medijima predsednik Srbije Aleksandar Vu\u010di\u0107 je Lazaru odmah obe\u0107ao da \u0107e sve tro\u0161kove operacije, ali i kasnije rehabilitacije, li\u010dno preuzeti.<\/p>\n<p>Posle nepuna dva meseca Lazar je operisan u &#8220;Tir\u0161ovoj&#8221;, a operacija je, prema re\u010dima doktora Dmitrija Popkova, specijaliste ortopedske hirurgije iz Rusije, uspela 100 odsto.<\/p>\n<p>&#8211; Pred operaciju sam bio veoma uzbu\u0111en. Kada sam se probudio iz anestezije i video da su mi noge ispravljene, o\u010di su mi zasuzile od sre\u0107e. Doktor mi je produ\u017eio butne mi\u0161i\u0107e i ispravio stopala. Dodu\u0161e, operacija nije \u010darobni \u0161tapi\u0107, pa \u0107u posle nje i rehabilitacije morati mnogo da ve\u017ebam. To mi ne\u0107e biti te\u0161ko, jer je doktor re\u0161io da me operi\u0161e i zbog toga \u0161to sam puno ve\u017ebao. Uz to, cena operacije je sa 30.000 evra smanjena na 12.000- ka\u017ee Lazar za Novosti.<\/p>\n<div class=\"banner pt-1 pt-md-0 mb-2 text-center\">\n<div id=\"ado-I0LqCpnr4_YMsCzTpVSx_nlenNcgITBXxS6PSih.fwr.g7\">On dodaje da mu je otac Vladan i dalje najve\u0107a motivacija i da mu je zahvalan \u0161to ga je nau\u010dio da bude borac u \u017eivotu. O\u010deva najve\u0107a \u017eelja je bila da ga vidi na nogama. Na\u017ealost, Vladan, heroj sa Ko\u0161ara, nikad ne\u0107e mo\u0107i da vidi sina kako hoda, jer je 2015. godine preminuo od posledica mo\u017edane aneurizme.<\/div>\n<\/div>\n<p>&#8211; Izuzetno mi je drago \u0161to je Lazar ostvario svoj san, a \u0161to je bila najve\u0107a \u017eelja njegovog oca koju nije mogao da mu ispuni za \u017eivota. Njegovim prijateljima i saborcima je posebno drago \u0161to smo bar delimi\u010dno uspeli da se odu\u017eimo Vladanu, koji se nesebi\u010dno borio za na\u0161u zemlju i koji se nije bojao za svoj \u017eivot ni kada je bio duboko u neprijateljskoj teritoriji- rekao je Sa\u0161a Gacik, koji je, kao i Vladan, bio snajperista, i jedan od osniva\u010da Udru\u017eenja veterana 63. padobranske brigade.<\/p>\n<p>Presre\u0107ni su i Lazareva majka Srbijanka, mla\u0111i brat Sava, a naro\u010dito baka An\u0111a, koja tuguje za Vladanom, sinom jedincem, ali koja je ponosna \u0161to je &#8220;rodila sina sokola, legendu&#8221;. Kada bude stao na svoje noge, Lazar \u0107e nesumnjivo biti novi soko u porodici Milutinovi\u0107.<\/p>\n<p>Ina\u010de, Lazar je ro\u0111en kao zdrava beba u \u0161estom mesecu trudno\u0107e, zbog \u010dega je tri meseca proveo u bolni\u010dkom inkubatoru. Kako se on pokvario, Lazar je ostao bez kiseonika, \u0161to je dovelo do o\u0161te\u0107enja centralnog nervnog sistema i cerebralne paralize. Imao je deformitete oba stopala, kontrakture zglobova kolena i dislokaciju obe \u010da\u0161ice.<\/p>\n","protected":false},"excerpt":{"rendered":"<p>Lazar je operisan, a tro\u0161kove je preuzeo predsednik Aleksandar Vu\u010di\u0107, koji \u0107e ga uskoro obi\u0107i u ,,Tir\u0161ovoj&#8221;. &#8211; Operacija za mene zna\u010di novi \u017eivot! Kao &hellip; <\/p>\n","protected":false},"author":2,"featured_media":19358,"comment_status":"open","ping_status":"open","sticky":false,"template":"","format":"standard","meta":{"footnotes":""},"categories":[33,3048,23],"tags":[359,3607,3933,3934],"_links":{"self":[{"href":"https:\/\/centralmedia.rs\/index.php\/wp-json\/wp\/v2\/posts\/19357"}],"collection":[{"href":"https:\/\/centralmedia.rs\/index.php\/wp-json\/wp\/v2\/posts"}],"about":[{"href":"https:\/\/centralmedia.rs\/index.php\/wp-json\/wp\/v2\/types\/post"}],"author":[{"embeddable":true,"href":"https:\/\/centralmedia.rs\/index.php\/wp-json\/wp\/v2\/users\/2"}],"replies":[{"embeddable":true,"href":"https:\/\/centralmedia.rs\/index.php\/wp-json\/wp\/v2\/comments?post=19357"}],"version-history":[{"count":2,"href":"https:\/\/centralmedia.rs\/index.php\/wp-json\/wp\/v2\/posts\/19357\/revisions"}],"predecessor-version":[{"id":19360,"href":"https:\/\/centralmedia.rs\/index.php\/wp-json\/wp\/v2\/posts\/19357\/revisions\/19360"}],"wp:featuredmedia":[{"embeddable":true,"href":"https:\/\/centralmedia.rs\/index.php\/wp-json\/wp\/v2\/media\/19358"}],"wp:attachment":[{"href":"https:\/\/centralmedia.rs\/index.php\/wp-json\/wp\/v2\/media?parent=19357"}],"wp:term":[{"taxonomy":"category","embeddable":true,"href":"https:\/\/centralmedia.rs\/index.php\/wp-json\/wp\/v2\/categories?post=19357"},{"taxonomy":"post_tag","embeddable":true,"href":"https:\/\/centralmedia.rs\/index.php\/wp-json\/wp\/v2\/tags?post=19357"}],"curies":[{"name":"wp","href":"https:\/\/api.w.org\/{rel}","templated":true}]}}