{"id":19370,"date":"2019-08-03T22:42:00","date_gmt":"2019-08-03T22:42:00","guid":{"rendered":"http:\/\/centralmedia.rs\/?p=19370"},"modified":"2019-08-09T01:55:21","modified_gmt":"2019-08-09T01:55:21","slug":"pola-veka-levackog-sabora-povelje-vladiki-jovanu-i-ministru-vukosavljevicu-foto","status":"publish","type":"post","link":"https:\/\/centralmedia.rs\/index.php\/2019\/08\/03\/pola-veka-levackog-sabora-povelje-vladiki-jovanu-i-ministru-vukosavljevicu-foto\/","title":{"rendered":"POLA VEKA LEVA\u010cKOG SABORA &#8211; POVELJE VLADIKI JOVANU I MINISTRU VUKOSAVLJEVI\u0106U (FOTO)"},"content":{"rendered":"<p>REKOVAC- U porti manastira Kaleni\u0107 kod Rekovca ve\u010deras je ministar kulture Vladan Vukosavjevi\u0107 otvorio 50. Sabor ,,Pro\u0111oh Leva\u010d, pro\u0111oh \u0160umadiju. Predsednik te op\u0161tine dr Aleksandar \u0110or\u0111evi\u0107 je za doprinos razvoju Sabora njemu i vladiki \u0160umadijskom Jovanu uru\u010dio Povelju ,,Brativoje Markovi\u0107&#8221;.<\/p>\n<div id='gallery-1' class='gallery galleryid-19370 gallery-columns-9 gallery-size-thumbnail'><figure class='gallery-item'>\n\t\t\t<div class='gallery-icon portrait'>\n\t\t\t\t<a href='https:\/\/centralmedia.rs\/index.php\/2019\/08\/03\/pola-veka-levackog-sabora-povelje-vladiki-jovanu-i-ministru-vukosavljevicu-foto\/kalenic\/'><img loading=\"lazy\" decoding=\"async\" width=\"150\" height=\"150\" src=\"https:\/\/centralmedia.rs\/wp-content\/uploads\/2019\/08\/kalenic-150x150.jpg\" class=\"attachment-thumbnail size-thumbnail\" alt=\"\" \/><\/a>\n\t\t\t<\/div><\/figure><figure class='gallery-item'>\n\t\t\t<div class='gallery-icon landscape'>\n\t\t\t\t<a href='https:\/\/centralmedia.rs\/index.php\/2019\/08\/03\/pola-veka-levackog-sabora-povelje-vladiki-jovanu-i-ministru-vukosavljevicu-foto\/sabor-6-2\/'><img loading=\"lazy\" decoding=\"async\" width=\"150\" height=\"150\" src=\"https:\/\/centralmedia.rs\/wp-content\/uploads\/2019\/08\/sabor-6-150x150.jpg\" class=\"attachment-thumbnail size-thumbnail\" alt=\"\" \/><\/a>\n\t\t\t<\/div><\/figure><figure class='gallery-item'>\n\t\t\t<div class='gallery-icon landscape'>\n\t\t\t\t<a href='https:\/\/centralmedia.rs\/index.php\/2019\/08\/03\/pola-veka-levackog-sabora-povelje-vladiki-jovanu-i-ministru-vukosavljevicu-foto\/sabor-7-2\/'><img loading=\"lazy\" decoding=\"async\" width=\"150\" height=\"150\" src=\"https:\/\/centralmedia.rs\/wp-content\/uploads\/2019\/08\/sabor-7-150x150.jpg\" class=\"attachment-thumbnail size-thumbnail\" alt=\"\" \/><\/a>\n\t\t\t<\/div><\/figure><figure class='gallery-item'>\n\t\t\t<div class='gallery-icon landscape'>\n\t\t\t\t<a href='https:\/\/centralmedia.rs\/index.php\/2019\/08\/03\/pola-veka-levackog-sabora-povelje-vladiki-jovanu-i-ministru-vukosavljevicu-foto\/sabor-glumci\/'><img loading=\"lazy\" decoding=\"async\" width=\"150\" height=\"150\" src=\"https:\/\/centralmedia.rs\/wp-content\/uploads\/2019\/08\/sabor-glumci-150x150.jpg\" class=\"attachment-thumbnail size-thumbnail\" alt=\"\" \/><\/a>\n\t\t\t<\/div><\/figure><figure class='gallery-item'>\n\t\t\t<div class='gallery-icon portrait'>\n\t\t\t\t<a href='https:\/\/centralmedia.rs\/index.php\/2019\/08\/03\/pola-veka-levackog-sabora-povelje-vladiki-jovanu-i-ministru-vukosavljevicu-foto\/sabor-9\/'><img loading=\"lazy\" decoding=\"async\" width=\"150\" height=\"150\" src=\"https:\/\/centralmedia.rs\/wp-content\/uploads\/2019\/08\/sabor-150x150.jpg\" class=\"attachment-thumbnail size-thumbnail\" alt=\"\" \/><\/a>\n\t\t\t<\/div><\/figure><figure class='gallery-item'>\n\t\t\t<div class='gallery-icon landscape'>\n\t\t\t\t<a href='https:\/\/centralmedia.rs\/index.php\/2019\/08\/03\/pola-veka-levackog-sabora-povelje-vladiki-jovanu-i-ministru-vukosavljevicu-foto\/sabor1\/'><img loading=\"lazy\" decoding=\"async\" width=\"150\" height=\"150\" src=\"https:\/\/centralmedia.rs\/wp-content\/uploads\/2019\/08\/sabor1-150x150.jpg\" class=\"attachment-thumbnail size-thumbnail\" alt=\"\" \/><\/a>\n\t\t\t<\/div><\/figure><figure class='gallery-item'>\n\t\t\t<div class='gallery-icon landscape'>\n\t\t\t\t<a href='https:\/\/centralmedia.rs\/index.php\/2019\/08\/03\/pola-veka-levackog-sabora-povelje-vladiki-jovanu-i-ministru-vukosavljevicu-foto\/sabor2\/'><img loading=\"lazy\" decoding=\"async\" width=\"150\" height=\"150\" src=\"https:\/\/centralmedia.rs\/wp-content\/uploads\/2019\/08\/sabor2-150x150.jpg\" class=\"attachment-thumbnail size-thumbnail\" alt=\"\" \/><\/a>\n\t\t\t<\/div><\/figure><figure class='gallery-item'>\n\t\t\t<div class='gallery-icon landscape'>\n\t\t\t\t<a href='https:\/\/centralmedia.rs\/index.php\/2019\/08\/03\/pola-veka-levackog-sabora-povelje-vladiki-jovanu-i-ministru-vukosavljevicu-foto\/sabor4\/'><img loading=\"lazy\" decoding=\"async\" width=\"150\" height=\"150\" src=\"https:\/\/centralmedia.rs\/wp-content\/uploads\/2019\/08\/sabor4-150x150.jpg\" class=\"attachment-thumbnail size-thumbnail\" alt=\"\" \/><\/a>\n\t\t\t<\/div><\/figure><figure class='gallery-item'>\n\t\t\t<div class='gallery-icon portrait'>\n\t\t\t\t<a href='https:\/\/centralmedia.rs\/index.php\/2019\/08\/03\/pola-veka-levackog-sabora-povelje-vladiki-jovanu-i-ministru-vukosavljevicu-foto\/spomen-ploca\/'><img loading=\"lazy\" decoding=\"async\" width=\"150\" height=\"150\" src=\"https:\/\/centralmedia.rs\/wp-content\/uploads\/2019\/08\/spomen-ploca-150x150.jpg\" class=\"attachment-thumbnail size-thumbnail\" alt=\"\" \/><\/a>\n\t\t\t<\/div><\/figure>\n\t\t<\/div>\n\n<p>-Moja radost je \u010dinjenica da je jubilarni 50. Sabor doprineo i dodao lepu plo\u010dicom u mozaiku 600 i vi\u0161e godina postojanja manastira Kaleni\u0107. \u00a0Danam nema Kaleni\u0107a i ostalih manastira ko zna \u0161ta bi smo mi bili i da li bi opstali, s obzirom na na\u0161u mukotrpnu istoriju. Sve nas obaevzuje da ne zaboravimo pretke, pro\u0161lost, jer ona koji zabori pro\u0161lost on nije dostojan budu\u0107nosti. Mi imamo sa \u010dim i sa kim da idemo u budu\u0107nost, rekao je vladika Jovan.<\/p>\n<p>Ministar Vukosavljevi\u0107 je otvaraju\u0107i Sabor rekao \u00a0da je Kaleni\u0107 jedan od najzna\u010dajnih spomenika srpske kulture i istorije, te da u onoj meri u kojoj znamo da \u010duvamo svoju\u00a0kulturu, tradiciju\u00a0i istoriju u toj meri zaslu\u017eujemo da postojimo na svirepoj istorijskoj sceni.<\/p>\n<p>-Sve generacije koje \u017eivele iza nas, zahvaljuju\u0107i kojima u\u017eivamo slobodu i svoje \u017eivote, utkali su svoja znanja, napore, entuzijazam, duh, veru, talenat \u00a0i optimizam u ideju srpske kulture i dr\u017eave, prosperiteta i napretka naroda i dr\u017eave. Na\u0161a obaveza za o\u010duvanje srpske kulture mnogo ve\u0107a nego \u0161to izgleda na prvi pogled. Zadatak duhovne elite, a jedino ona elita koju vredi spominjati, pripada obaveza je ono \u0161to je sa\u010duvano od predaka bude o\u010duvano i oboga\u0107eno za duh vremena u kome \u017eivimo i tako predato u ruku budu\u0107im generacijama, nadahnuto je govorio ministar.<\/p>\n<p>Predsednik op\u0161tine Rekovac istakao da su problemi i neda\u0107e pritiskali manastir, ali monasi su sve u\u010dinili da ga sa\u010duvaju i da se mi danas nalazimo ispred hrama u Kaleni\u0107u.<\/p>\n<p>&#8211; Pola veka postojanja zna\u010di da ne\u0161to vredi. Mi se ponosimo i zahvaljujemo svima koji su doprineli da Sabor postoji. Sabor je su\u0161tina srpskog naroda, jer obiluje igrom, pesmom i dru\u017eenjem. Po Saboru je Leva\u010d poznat u Srbiji, naglasio je dr \u0110or\u0111evi\u0107.<\/p>\n<p>Pre Sabora, ministar je u Rekovcu otkrio spomen plo\u010du dr Milovanu Spasi\u0107u, jednom od za\u010detnika bibliotekarstva u Srbiji, po kome lokalna biblioteka nosi ime.<\/p>\n<p>Nekoliko stotina gra\u0111ana je na otvaranju gledalo bogat kulturno-umetni\u010dki program pod nazivom ,,50 godina saborovanja u Lev\u010du&#8221; posve\u0107en je obele\u017eavanju jubileja. Scenario i re\u017eiju potpisali su Marina Kon\u010dar i Vladimir \u0110or\u0111evi\u0107 a nastupili dramski umetnici Neboj\u0161a Dugali\u0107, Vesna Pavlovi\u0107\u00a0 i Bojan Veljovi\u0107. Pored njih na sceni su bili ansambli ,,Abra\u0161evi\u0107&#8221;, iz Kragujevca i ,,Tradicija&#8221; iz Trstenika.<\/p>\n<p>&nbsp;<\/p>\n","protected":false},"excerpt":{"rendered":"<p>REKOVAC- U porti manastira Kaleni\u0107 kod Rekovca ve\u010deras je ministar kulture Vladan Vukosavjevi\u0107 otvorio 50. Sabor ,,Pro\u0111oh Leva\u010d, pro\u0111oh \u0160umadiju. Predsednik te op\u0161tine dr Aleksandar &hellip; <\/p>\n","protected":false},"author":2,"featured_media":19371,"comment_status":"open","ping_status":"open","sticky":false,"template":"","format":"standard","meta":{"footnotes":""},"categories":[1524,2,15,887,1519,12],"tags":[1071,2199,441],"_links":{"self":[{"href":"https:\/\/centralmedia.rs\/index.php\/wp-json\/wp\/v2\/posts\/19370"}],"collection":[{"href":"https:\/\/centralmedia.rs\/index.php\/wp-json\/wp\/v2\/posts"}],"about":[{"href":"https:\/\/centralmedia.rs\/index.php\/wp-json\/wp\/v2\/types\/post"}],"author":[{"embeddable":true,"href":"https:\/\/centralmedia.rs\/index.php\/wp-json\/wp\/v2\/users\/2"}],"replies":[{"embeddable":true,"href":"https:\/\/centralmedia.rs\/index.php\/wp-json\/wp\/v2\/comments?post=19370"}],"version-history":[{"count":1,"href":"https:\/\/centralmedia.rs\/index.php\/wp-json\/wp\/v2\/posts\/19370\/revisions"}],"predecessor-version":[{"id":19381,"href":"https:\/\/centralmedia.rs\/index.php\/wp-json\/wp\/v2\/posts\/19370\/revisions\/19381"}],"wp:featuredmedia":[{"embeddable":true,"href":"https:\/\/centralmedia.rs\/index.php\/wp-json\/wp\/v2\/media\/19371"}],"wp:attachment":[{"href":"https:\/\/centralmedia.rs\/index.php\/wp-json\/wp\/v2\/media?parent=19370"}],"wp:term":[{"taxonomy":"category","embeddable":true,"href":"https:\/\/centralmedia.rs\/index.php\/wp-json\/wp\/v2\/categories?post=19370"},{"taxonomy":"post_tag","embeddable":true,"href":"https:\/\/centralmedia.rs\/index.php\/wp-json\/wp\/v2\/tags?post=19370"}],"curies":[{"name":"wp","href":"https:\/\/api.w.org\/{rel}","templated":true}]}}