{"id":19384,"date":"2019-08-04T20:44:53","date_gmt":"2019-08-04T20:44:53","guid":{"rendered":"http:\/\/centralmedia.rs\/?p=19384"},"modified":"2019-08-09T01:55:02","modified_gmt":"2019-08-09T01:55:02","slug":"najlepsa-saborica-najduza-pletenica-najbrk-sabora","status":"publish","type":"post","link":"https:\/\/centralmedia.rs\/index.php\/2019\/08\/04\/najlepsa-saborica-najduza-pletenica-najbrk-sabora\/","title":{"rendered":"NAJLEP\u0160A SABORICA, NAJDU\u017dA PLETENICA, NAJBRK SABORA"},"content":{"rendered":"<p>REKOVAC- Obele\u017eavanje 50. Sabora ,,Pro\u0111oh Leva\u010d, pro\u0111oh \u0160umadiju\u201c zapo\u010delo je jutros Svetom Liturgijom koju je slu\u017eio vladika \u0160umadijski Jovan, a zatim su usledio defilre 20 kulturno-umetni\u010dkih dru\u0161tava i takmi\u010denja. Najlep\u0161a saborica je Katarina Crnoglavac (15) iz Trstenika, prva pratilja Milica Todorovi\u0107 iz Rekovca i druga pratilja Ivana Jankovi\u0107 iz Ku\u010deva.<\/p>\n<p>-Nisam o\u010dekivala titulu najlep\u0161e saborice, sve devojke su lepe. Veoma sam sre\u0107na, jer prvi put u\u010destvujem na izborima za lepoticu. Poha\u0111am Medicinsku \u0161kolu i igram folklor, kazala je Katarina.<\/p>\n<div id='gallery-1' class='gallery galleryid-19384 gallery-columns-3 gallery-size-full'><figure class='gallery-item'>\n\t\t\t<div class='gallery-icon portrait'>\n\t\t\t\t<a href='https:\/\/centralmedia.rs\/index.php\/2019\/08\/04\/najlepsa-saborica-najduza-pletenica-najbrk-sabora\/sabor8\/'><img loading=\"lazy\" decoding=\"async\" width=\"622\" height=\"1280\" src=\"https:\/\/centralmedia.rs\/wp-content\/uploads\/2019\/08\/sabor8.jpg\" class=\"attachment-full size-full\" alt=\"\" srcset=\"https:\/\/centralmedia.rs\/wp-content\/uploads\/2019\/08\/sabor8.jpg 622w, https:\/\/centralmedia.rs\/wp-content\/uploads\/2019\/08\/sabor8-146x300.jpg 146w, https:\/\/centralmedia.rs\/wp-content\/uploads\/2019\/08\/sabor8-498x1024.jpg 498w, https:\/\/centralmedia.rs\/wp-content\/uploads\/2019\/08\/sabor8-204x420.jpg 204w\" sizes=\"(max-width: 622px) 100vw, 622px\" \/><\/a>\n\t\t\t<\/div><\/figure><figure class='gallery-item'>\n\t\t\t<div class='gallery-icon portrait'>\n\t\t\t\t<a href='https:\/\/centralmedia.rs\/index.php\/2019\/08\/04\/najlepsa-saborica-najduza-pletenica-najbrk-sabora\/sabor9\/'><img loading=\"lazy\" decoding=\"async\" width=\"622\" height=\"1280\" src=\"https:\/\/centralmedia.rs\/wp-content\/uploads\/2019\/08\/sabor9.jpg\" class=\"attachment-full size-full\" alt=\"\" srcset=\"https:\/\/centralmedia.rs\/wp-content\/uploads\/2019\/08\/sabor9.jpg 622w, https:\/\/centralmedia.rs\/wp-content\/uploads\/2019\/08\/sabor9-146x300.jpg 146w, https:\/\/centralmedia.rs\/wp-content\/uploads\/2019\/08\/sabor9-498x1024.jpg 498w, https:\/\/centralmedia.rs\/wp-content\/uploads\/2019\/08\/sabor9-204x420.jpg 204w\" sizes=\"(max-width: 622px) 100vw, 622px\" \/><\/a>\n\t\t\t<\/div><\/figure><figure class='gallery-item'>\n\t\t\t<div class='gallery-icon portrait'>\n\t\t\t\t<a href='https:\/\/centralmedia.rs\/index.php\/2019\/08\/04\/najlepsa-saborica-najduza-pletenica-najbrk-sabora\/sabor10\/'><img loading=\"lazy\" decoding=\"async\" width=\"622\" height=\"1280\" src=\"https:\/\/centralmedia.rs\/wp-content\/uploads\/2019\/08\/sabor10.jpg\" class=\"attachment-full size-full\" alt=\"\" srcset=\"https:\/\/centralmedia.rs\/wp-content\/uploads\/2019\/08\/sabor10.jpg 622w, https:\/\/centralmedia.rs\/wp-content\/uploads\/2019\/08\/sabor10-146x300.jpg 146w, https:\/\/centralmedia.rs\/wp-content\/uploads\/2019\/08\/sabor10-498x1024.jpg 498w, https:\/\/centralmedia.rs\/wp-content\/uploads\/2019\/08\/sabor10-204x420.jpg 204w\" sizes=\"(max-width: 622px) 100vw, 622px\" \/><\/a>\n\t\t\t<\/div><\/figure>\n\t\t<\/div>\n\n<p>Najbrk Sabora je Zoran Lazarevi\u0107 iz Ni\u0161a brkovi dugi 140 santimetara, ali njegovi konkurenti su bili nezadovoljni jer smatraju da ima ve\u0161ta\u010dke brkove.<\/p>\n<p>-Imamo fal\u0161 robu ove godine, neka nadogradnja. Isti \u010dovek je pre nekoliko isto uradio i organizacioni odbor ga je verovatno odstranio, sada je bilo druga\u010dije, ka\u017ee pro\u0161logodi\u0161nji pobednik Ljubodrag Ognjanovi\u0107 &#8211; Ljuba Brka iz Ra\u010de.<\/p>\n<p>Isto mi\u0161ljenje deli i njegov kolega Gojko Andreji\u0107 iz Gradca kod Bato\u010dine ulo\u017eio je \u017ealbu na pobedni\u010dki brk, jer ka\u017ee da je upreden ve\u0161ta\u010dki umetak i razlikuje se od prirodnog brka kada se pusti.<\/p>\n<div id='gallery-2' class='gallery galleryid-19384 gallery-columns-5 gallery-size-thumbnail'><figure class='gallery-item'>\n\t\t\t<div class='gallery-icon landscape'>\n\t\t\t\t<a href='https:\/\/centralmedia.rs\/index.php\/2019\/08\/04\/najlepsa-saborica-najduza-pletenica-najbrk-sabora\/sabor13\/'><img loading=\"lazy\" decoding=\"async\" width=\"150\" height=\"150\" src=\"https:\/\/centralmedia.rs\/wp-content\/uploads\/2019\/08\/sabor13-150x150.jpg\" class=\"attachment-thumbnail size-thumbnail\" alt=\"\" \/><\/a>\n\t\t\t<\/div><\/figure><figure class='gallery-item'>\n\t\t\t<div class='gallery-icon landscape'>\n\t\t\t\t<a href='https:\/\/centralmedia.rs\/index.php\/2019\/08\/04\/najlepsa-saborica-najduza-pletenica-najbrk-sabora\/sabor14\/'><img loading=\"lazy\" decoding=\"async\" width=\"150\" height=\"150\" src=\"https:\/\/centralmedia.rs\/wp-content\/uploads\/2019\/08\/sabor14-150x150.jpg\" class=\"attachment-thumbnail size-thumbnail\" alt=\"\" \/><\/a>\n\t\t\t<\/div><\/figure><figure class='gallery-item'>\n\t\t\t<div class='gallery-icon landscape'>\n\t\t\t\t<a href='https:\/\/centralmedia.rs\/index.php\/2019\/08\/04\/najlepsa-saborica-najduza-pletenica-najbrk-sabora\/sabor16\/'><img loading=\"lazy\" decoding=\"async\" width=\"150\" height=\"150\" src=\"https:\/\/centralmedia.rs\/wp-content\/uploads\/2019\/08\/sabor16-150x150.jpg\" class=\"attachment-thumbnail size-thumbnail\" alt=\"\" \/><\/a>\n\t\t\t<\/div><\/figure><figure class='gallery-item'>\n\t\t\t<div class='gallery-icon landscape'>\n\t\t\t\t<a href='https:\/\/centralmedia.rs\/index.php\/2019\/08\/04\/najlepsa-saborica-najduza-pletenica-najbrk-sabora\/sabor17\/'><img loading=\"lazy\" decoding=\"async\" width=\"150\" height=\"150\" src=\"https:\/\/centralmedia.rs\/wp-content\/uploads\/2019\/08\/sabor17-150x150.jpg\" class=\"attachment-thumbnail size-thumbnail\" alt=\"\" \/><\/a>\n\t\t\t<\/div><\/figure><figure class='gallery-item'>\n\t\t\t<div class='gallery-icon landscape'>\n\t\t\t\t<a href='https:\/\/centralmedia.rs\/index.php\/2019\/08\/04\/najlepsa-saborica-najduza-pletenica-najbrk-sabora\/sbor2\/'><img loading=\"lazy\" decoding=\"async\" width=\"150\" height=\"150\" src=\"https:\/\/centralmedia.rs\/wp-content\/uploads\/2019\/08\/sbor2-150x150.jpg\" class=\"attachment-thumbnail size-thumbnail\" alt=\"\" \/><\/a>\n\t\t\t<\/div><\/figure>\n\t\t<\/div>\n\n<p>Najlep\u0161u mu\u0161ku no\u0161nja ima Dalibor Stevanovi\u0107 iz Rekovca, a \u017eensku no\u0161nju Dragana Andri\u0107 iz Zaje\u010dara. U tri starosne kategorije najdu\u017ee pletenice imaju Darija Jovan\u010devi\u0107 (7) iz Vrnja\u010dke Banje 105 santmetra , Kristina Sto\u0161i\u0107 (14) iz Milutovca 148 santimetara\u00a0 i Milena Luki\u0107 (30) iz Jagodine 151 santimetara. Pored toga, takmi\u010dili su se zdravi\u010dari, pripemala stara jela, izlagale stare knjige i slike, nagra\u0111eno najlep\u0161e dvori\u0161te Lev\u010da.<\/p>\n<div id='gallery-3' class='gallery galleryid-19384 gallery-columns-7 gallery-size-thumbnail'><figure class='gallery-item'>\n\t\t\t<div class='gallery-icon landscape'>\n\t\t\t\t<a href='https:\/\/centralmedia.rs\/index.php\/2019\/08\/04\/najlepsa-saborica-najduza-pletenica-najbrk-sabora\/sabor-10\/'><img loading=\"lazy\" decoding=\"async\" width=\"150\" height=\"150\" src=\"https:\/\/centralmedia.rs\/wp-content\/uploads\/2019\/08\/sabor-1-150x150.jpg\" class=\"attachment-thumbnail size-thumbnail\" alt=\"\" \/><\/a>\n\t\t\t<\/div><\/figure><figure class='gallery-item'>\n\t\t\t<div class='gallery-icon landscape'>\n\t\t\t\t<a href='https:\/\/centralmedia.rs\/index.php\/2019\/08\/04\/najlepsa-saborica-najduza-pletenica-najbrk-sabora\/sabor1-2\/'><img loading=\"lazy\" decoding=\"async\" width=\"150\" height=\"150\" src=\"https:\/\/centralmedia.rs\/wp-content\/uploads\/2019\/08\/sabor1-1-150x150.jpg\" class=\"attachment-thumbnail size-thumbnail\" alt=\"\" \/><\/a>\n\t\t\t<\/div><\/figure><figure class='gallery-item'>\n\t\t\t<div class='gallery-icon landscape'>\n\t\t\t\t<a href='https:\/\/centralmedia.rs\/index.php\/2019\/08\/04\/najlepsa-saborica-najduza-pletenica-najbrk-sabora\/sabor3\/'><img loading=\"lazy\" decoding=\"async\" width=\"150\" height=\"150\" src=\"https:\/\/centralmedia.rs\/wp-content\/uploads\/2019\/08\/sabor3-150x150.jpg\" class=\"attachment-thumbnail size-thumbnail\" alt=\"\" \/><\/a>\n\t\t\t<\/div><\/figure><figure class='gallery-item'>\n\t\t\t<div class='gallery-icon landscape'>\n\t\t\t\t<a href='https:\/\/centralmedia.rs\/index.php\/2019\/08\/04\/najlepsa-saborica-najduza-pletenica-najbrk-sabora\/sabor4-2\/'><img loading=\"lazy\" decoding=\"async\" width=\"150\" height=\"150\" src=\"https:\/\/centralmedia.rs\/wp-content\/uploads\/2019\/08\/sabor4-1-150x150.jpg\" class=\"attachment-thumbnail size-thumbnail\" alt=\"\" \/><\/a>\n\t\t\t<\/div><\/figure><figure class='gallery-item'>\n\t\t\t<div class='gallery-icon landscape'>\n\t\t\t\t<a href='https:\/\/centralmedia.rs\/index.php\/2019\/08\/04\/najlepsa-saborica-najduza-pletenica-najbrk-sabora\/sabor5\/'><img loading=\"lazy\" decoding=\"async\" width=\"150\" height=\"150\" src=\"https:\/\/centralmedia.rs\/wp-content\/uploads\/2019\/08\/sabor5-150x150.jpg\" class=\"attachment-thumbnail size-thumbnail\" alt=\"\" \/><\/a>\n\t\t\t<\/div><\/figure><figure class='gallery-item'>\n\t\t\t<div class='gallery-icon landscape'>\n\t\t\t\t<a href='https:\/\/centralmedia.rs\/index.php\/2019\/08\/04\/najlepsa-saborica-najduza-pletenica-najbrk-sabora\/sabor11\/'><img loading=\"lazy\" decoding=\"async\" width=\"150\" height=\"150\" src=\"https:\/\/centralmedia.rs\/wp-content\/uploads\/2019\/08\/sabor11-150x150.jpg\" class=\"attachment-thumbnail size-thumbnail\" alt=\"\" \/><\/a>\n\t\t\t<\/div><\/figure><figure class='gallery-item'>\n\t\t\t<div class='gallery-icon landscape'>\n\t\t\t\t<a href='https:\/\/centralmedia.rs\/index.php\/2019\/08\/04\/najlepsa-saborica-najduza-pletenica-najbrk-sabora\/sabor12\/'><img loading=\"lazy\" decoding=\"async\" width=\"150\" height=\"150\" src=\"https:\/\/centralmedia.rs\/wp-content\/uploads\/2019\/08\/sabor12-150x150.jpg\" class=\"attachment-thumbnail size-thumbnail\" alt=\"\" \/><\/a>\n\t\t\t<\/div><\/figure>\n\t\t<\/div>\n\n","protected":false},"excerpt":{"rendered":"<p>REKOVAC- Obele\u017eavanje 50. Sabora ,,Pro\u0111oh Leva\u010d, pro\u0111oh \u0160umadiju\u201c zapo\u010delo je jutros Svetom Liturgijom koju je slu\u017eio vladika \u0160umadijski Jovan, a zatim su usledio defilre 20 &hellip; <\/p>\n","protected":false},"author":2,"featured_media":19385,"comment_status":"open","ping_status":"open","sticky":false,"template":"","format":"standard","meta":{"footnotes":""},"categories":[1524,2,15,887,1519,12],"tags":[3930,704,441,1035],"_links":{"self":[{"href":"https:\/\/centralmedia.rs\/index.php\/wp-json\/wp\/v2\/posts\/19384"}],"collection":[{"href":"https:\/\/centralmedia.rs\/index.php\/wp-json\/wp\/v2\/posts"}],"about":[{"href":"https:\/\/centralmedia.rs\/index.php\/wp-json\/wp\/v2\/types\/post"}],"author":[{"embeddable":true,"href":"https:\/\/centralmedia.rs\/index.php\/wp-json\/wp\/v2\/users\/2"}],"replies":[{"embeddable":true,"href":"https:\/\/centralmedia.rs\/index.php\/wp-json\/wp\/v2\/comments?post=19384"}],"version-history":[{"count":2,"href":"https:\/\/centralmedia.rs\/index.php\/wp-json\/wp\/v2\/posts\/19384\/revisions"}],"predecessor-version":[{"id":19402,"href":"https:\/\/centralmedia.rs\/index.php\/wp-json\/wp\/v2\/posts\/19384\/revisions\/19402"}],"wp:featuredmedia":[{"embeddable":true,"href":"https:\/\/centralmedia.rs\/index.php\/wp-json\/wp\/v2\/media\/19385"}],"wp:attachment":[{"href":"https:\/\/centralmedia.rs\/index.php\/wp-json\/wp\/v2\/media?parent=19384"}],"wp:term":[{"taxonomy":"category","embeddable":true,"href":"https:\/\/centralmedia.rs\/index.php\/wp-json\/wp\/v2\/categories?post=19384"},{"taxonomy":"post_tag","embeddable":true,"href":"https:\/\/centralmedia.rs\/index.php\/wp-json\/wp\/v2\/tags?post=19384"}],"curies":[{"name":"wp","href":"https:\/\/api.w.org\/{rel}","templated":true}]}}