{"id":19433,"date":"2019-08-06T19:24:13","date_gmt":"2019-08-06T19:24:13","guid":{"rendered":"http:\/\/centralmedia.rs\/?p=19433"},"modified":"2019-08-09T01:53:40","modified_gmt":"2019-08-09T01:53:40","slug":"otvoren-2-medunarodni-kamp-ritmicke-gimnastike-u-svilajncu","status":"publish","type":"post","link":"https:\/\/centralmedia.rs\/index.php\/2019\/08\/06\/otvoren-2-medunarodni-kamp-ritmicke-gimnastike-u-svilajncu\/","title":{"rendered":"OTVOREN 2. ME\u0110UNARODNI KAMP RITMI\u010cKE GIMNASTIKE U SVILAJNCU"},"content":{"rendered":"<p>Svilajnac- Svilajnac je ove godine doma\u0107in 2. Me\u0111unarodnog kampa ritmi\u010dke gimnastike \u201eEvita\u201c 2019. koji je danas zvani\u010dno otvorio predsednik Op\u0161tine Svilajnac Predrag Milanovi\u0107 i tom prilikom po\u017eeleo dobrodo\u0161licu u\u010desnicama kampa i lep boravak u Svilajncu. Kamp se odr\u017eava do 10. avgusta i tu \u0107e se usavr\u0161avati oko 100 devoj\u010dica pratnji 15 trenera iz Pirota, Ni\u0161a, Para\u0107ina, Pan\u010deva, Novog Sada, Trstenika, kao i Svilajnca i okolnih op\u0161tina, \u0161to je vi\u0161e nego pro\u0161le godine.\u00a0 Me\u0111unarodni karakter Kampu daju devoj\u010dice i treneri, koji dolaze iz Hrvatske, Slova\u010dke, Ukrajine i Rusije.<\/p>\n<p>-Posebno mi je drago \u0161to vas ima u ovolikom broju i nadam se da \u0107e jednog dana neko od vas mo\u0107i da se pohvali olimpijskom medaljom i velikim uspehom. Op\u0161tina ne vodi ra\u010duna samo o klubovima, ve\u0107 dosta ula\u017ee i u sportsku infrastrukturu, kako bi klubovi imali gde da treniraju, a me\u0111u njima je i gimnasti\u010dki klub \u201cEvita\u201d. O tome govore obnovljena sportska hala i potpuno novi gradski bazeni. Trudi\u0107emo se da jo\u0161 vi\u0161e podr\u017eavamo sve na\u0161e klubove i da narednih godina nastavimo sa unapre\u0111ivanjem sportske infrastrukture, rekao je on.<\/p>\n<div id='gallery-1' class='gallery galleryid-19433 gallery-columns-2 gallery-size-full'><figure class='gallery-item'>\n\t\t\t<div class='gallery-icon landscape'>\n\t\t\t\t<a href='https:\/\/centralmedia.rs\/index.php\/2019\/08\/06\/otvoren-2-medunarodni-kamp-ritmicke-gimnastike-u-svilajncu\/gimnastika1\/'><img loading=\"lazy\" decoding=\"async\" width=\"1050\" height=\"700\" src=\"https:\/\/centralmedia.rs\/wp-content\/uploads\/2019\/08\/gimnastika1.jpg\" class=\"attachment-full size-full\" alt=\"\" srcset=\"https:\/\/centralmedia.rs\/wp-content\/uploads\/2019\/08\/gimnastika1.jpg 1050w, https:\/\/centralmedia.rs\/wp-content\/uploads\/2019\/08\/gimnastika1-300x200.jpg 300w, https:\/\/centralmedia.rs\/wp-content\/uploads\/2019\/08\/gimnastika1-768x512.jpg 768w, https:\/\/centralmedia.rs\/wp-content\/uploads\/2019\/08\/gimnastika1-1024x683.jpg 1024w, https:\/\/centralmedia.rs\/wp-content\/uploads\/2019\/08\/gimnastika1-630x420.jpg 630w, https:\/\/centralmedia.rs\/wp-content\/uploads\/2019\/08\/gimnastika1-640x427.jpg 640w, https:\/\/centralmedia.rs\/wp-content\/uploads\/2019\/08\/gimnastika1-681x454.jpg 681w\" sizes=\"(max-width: 1050px) 100vw, 1050px\" \/><\/a>\n\t\t\t<\/div><\/figure><figure class='gallery-item'>\n\t\t\t<div class='gallery-icon landscape'>\n\t\t\t\t<a href='https:\/\/centralmedia.rs\/index.php\/2019\/08\/06\/otvoren-2-medunarodni-kamp-ritmicke-gimnastike-u-svilajncu\/pera-sv-2\/'><img loading=\"lazy\" decoding=\"async\" width=\"1050\" height=\"700\" src=\"https:\/\/centralmedia.rs\/wp-content\/uploads\/2019\/08\/pera-sv-2.jpg\" class=\"attachment-full size-full\" alt=\"\" srcset=\"https:\/\/centralmedia.rs\/wp-content\/uploads\/2019\/08\/pera-sv-2.jpg 1050w, https:\/\/centralmedia.rs\/wp-content\/uploads\/2019\/08\/pera-sv-2-300x200.jpg 300w, https:\/\/centralmedia.rs\/wp-content\/uploads\/2019\/08\/pera-sv-2-768x512.jpg 768w, https:\/\/centralmedia.rs\/wp-content\/uploads\/2019\/08\/pera-sv-2-1024x683.jpg 1024w, https:\/\/centralmedia.rs\/wp-content\/uploads\/2019\/08\/pera-sv-2-630x420.jpg 630w, https:\/\/centralmedia.rs\/wp-content\/uploads\/2019\/08\/pera-sv-2-640x427.jpg 640w, https:\/\/centralmedia.rs\/wp-content\/uploads\/2019\/08\/pera-sv-2-681x454.jpg 681w\" sizes=\"(max-width: 1050px) 100vw, 1050px\" \/><\/a>\n\t\t\t<\/div><\/figure>\n\t\t<\/div>\n\n<p>Kamp se odr\u017eava u organizaciji Gimnasti\u010dkog kluba \u201eEvita\u201c iz Svilajnca, a pokrovitelj je op\u0161tina Svilajnac, koja podr\u0161ku ovakvim doga\u0111ajima pru\u017ea i kroz konstantno ulaganje u sportsku infrastrukturu. Me\u0111u trenerima su Ljubov Barikina, biv\u0161a ruska reprezentativka u ritmi\u010dkoj gimnastici, sada uspe\u0161ni trener, i Vjera Silajeva, koja je trener olimpijskog \u0161ampiona iz 2000. godine.<\/p>\n<p>-Ove godine imamo vi\u0161e u\u010desnika, \u0161to zna\u010di da radimo dobru stvar i napredujemo. Organizacija kampa je jako dobra i drago mi je \u0161to nam se ove godina pridru\u017eila Vjera Silajeva, koja je poznat i uspe\u0161an trener. To je jo\u0161 jedan plus u mom projektu \u201cUmetnost u sportu\u201d, koji postoji od 2014. godine i koji konstantno raste, kako u Srbiji, tako i u drugim zemljama, kazala je Ljubov Barikina, biv\u0161a \u010dlanica nacionalnog tima Rusije, \u00a0master Internacionalne \u0161kole sporta, \u010dija su izuzetna dostignu\u0107a u oblasti ritmi\u010dke gimnastike povezana i sa time \u0161to ima diplome tri razli\u010dite visoke \u0161kole, dve iz Nema\u010dke i diplomu ruskog dr\u017eavnog Univerziteta fizi\u010dke kulture, sporta i turizma. Bila je i trener juniorskog tima Nema\u010dke, koreograf \u010duvenog festivala \u201eAlina\u201c , a ima i svoje nastupe i performanse \u0161irom Nema\u010dke, Rusije i celog sveta.<\/p>\n","protected":false},"excerpt":{"rendered":"<p>Svilajnac- Svilajnac je ove godine doma\u0107in 2. Me\u0111unarodnog kampa ritmi\u010dke gimnastike \u201eEvita\u201c 2019. koji je danas zvani\u010dno otvorio predsednik Op\u0161tine Svilajnac Predrag Milanovi\u0107 i tom &hellip; <\/p>\n","protected":false},"author":2,"featured_media":19434,"comment_status":"open","ping_status":"open","sticky":false,"template":"","format":"standard","meta":{"footnotes":""},"categories":[1524,2,887,21,12,1517],"tags":[3944,38],"_links":{"self":[{"href":"https:\/\/centralmedia.rs\/index.php\/wp-json\/wp\/v2\/posts\/19433"}],"collection":[{"href":"https:\/\/centralmedia.rs\/index.php\/wp-json\/wp\/v2\/posts"}],"about":[{"href":"https:\/\/centralmedia.rs\/index.php\/wp-json\/wp\/v2\/types\/post"}],"author":[{"embeddable":true,"href":"https:\/\/centralmedia.rs\/index.php\/wp-json\/wp\/v2\/users\/2"}],"replies":[{"embeddable":true,"href":"https:\/\/centralmedia.rs\/index.php\/wp-json\/wp\/v2\/comments?post=19433"}],"version-history":[{"count":1,"href":"https:\/\/centralmedia.rs\/index.php\/wp-json\/wp\/v2\/posts\/19433\/revisions"}],"predecessor-version":[{"id":19437,"href":"https:\/\/centralmedia.rs\/index.php\/wp-json\/wp\/v2\/posts\/19433\/revisions\/19437"}],"wp:featuredmedia":[{"embeddable":true,"href":"https:\/\/centralmedia.rs\/index.php\/wp-json\/wp\/v2\/media\/19434"}],"wp:attachment":[{"href":"https:\/\/centralmedia.rs\/index.php\/wp-json\/wp\/v2\/media?parent=19433"}],"wp:term":[{"taxonomy":"category","embeddable":true,"href":"https:\/\/centralmedia.rs\/index.php\/wp-json\/wp\/v2\/categories?post=19433"},{"taxonomy":"post_tag","embeddable":true,"href":"https:\/\/centralmedia.rs\/index.php\/wp-json\/wp\/v2\/tags?post=19433"}],"curies":[{"name":"wp","href":"https:\/\/api.w.org\/{rel}","templated":true}]}}