{"id":19438,"date":"2019-08-06T19:34:24","date_gmt":"2019-08-06T19:34:24","guid":{"rendered":"http:\/\/centralmedia.rs\/?p=19438"},"modified":"2019-08-09T01:53:47","modified_gmt":"2019-08-09T01:53:47","slug":"palma-u-budzetu-grada-jagodine-nema-para-za-politicare-sve-je-za-gradane","status":"publish","type":"post","link":"https:\/\/centralmedia.rs\/index.php\/2019\/08\/06\/palma-u-budzetu-grada-jagodine-nema-para-za-politicare-sve-je-za-gradane\/","title":{"rendered":"PALMA : U BUD\u017dETU GRADA JAGODINE NEMA PARA ZA POLITI\u010cARE, SVE JE ZA GRA\u0110ANE"},"content":{"rendered":"<p>\u201eOvo je 15. godina kako grad Jagodina iz bud\u017eeta pla\u0107a i organizuje letovanje za sve svoje \u0111ake koji zavr\u0161e srednju \u0161kolu u Gr\u010dkoj u Paraliji i za sve koji zavr\u0161e \u010detvrti i osmi razred osnovne \u0161kole u Crnoj Gori u Buljarici. Ja sam ovih nekoliko dana u Paraliji sreo mnogo \u0111aka iz drugih gradova i pitao one koji su zavr\u0161ili srednju \u0161kolu koliko njih ko\u0161ta letovanje u Paraliji, a oni mi ka\u017eu u proseku od 250 do 310 evra, a kada im ka\u017eem da njihovi vr\u0161njaci iz Jagodine ne pla\u0107aju ni\u0161ta oni ne mogu da veruju. Pored celokupnog besplatnog letovanja sa prevozom, grad Jagodina je obezebedio u povratku za sve ru\u010dak u Hotelu \u201ePredejane\u201c i sa svakom grupom na more idu i profesori, lekari i obezbe\u0111enje\u201c, izjavio je predsednik Jedinstvene Srbije i Skup\u0161tine grada Jagodine Dragan Markovi\u0107 Palma u Paraliji. \u201eNa pitanje odakle su nam pare za sve to, odgovor je : Jagodina je jedini grad u Srbiji gde odbornici ne primaju dnevnice, a \u010dlanovi Gradskog ve\u0107a ne primaju plate. Jagodina je jedini grad u Srbiji u kom nije formirana komunalna policija. To bi nas na mese\u010dnom nivou ko\u0161talo izme\u0111u 2,5 i 3 miliona dinara. I kada sve zbrojimo na \u0161ta imamo pravo kao gradska vlast, a ne koristimo, to je u\u0161teda na mese\u010dnom nivou izme\u0111u 9 i 11,5 milona dinara. Mi upravo te pare preusmeravamo na\u0161im gra\u0111anima. Te pare koje \u0161tedimo idu za mlade ljude, za one koji su stari i bolesni, za nemo\u0107ne, za one koji ne rade. Nema para za politi\u010dare. I to je moja deviza ve\u0107 15 godina u Jagodini i zato se slogan Jedinstvene Srbije \u201eDoma\u0107inski\u201c nije menjao od osnivanja partije\u201c rekao je Markovi\u0107. \u201e\u017delim da po\u0161aljem poruku roditeljima u Jagodini \u010dija deca sada polaze u 4. i 8. razred osnovne \u0161kole, da od slede\u0107e godine svi jagodinski u\u010denici koji zavr\u0161e 4. i 8. razred osnovne \u0161kole idu o tro\u0161ku i u organizaciji svog grada besplatno na more u Paraliju, a ne kao do sada u Buljarice u Crnu Goru. I po\u0161to se radi o maloletnoj deci, jedan od roditelja \u0107e tako\u0111e mo\u0107i da po\u0111e sa svojim detetom i sve to pla\u0107a Skup\u0161tina grada Jagodine iz bud\u017eeta. Pored toga ovi \u0111aci koji stoje iza mene i\u0107i \u0107e krajem ove ili po\u010detkom naredne godine u Be\u010d. Mi ve\u0107 11 godina vodimo studente u Be\u010d i to pla\u0107aju donatori. \u017delimo da na\u0161i mladi ljudi odu na ekskurziju u Evropu i da se vrate u Srbiju, a mi koji se bavimo politikom da im obezedimo radna mesta. Srbija ima dobru budu\u0107nost. Ja se zala\u017eem da mladi ljudi budu motivisani. Ako su dobri poslodavci, dobri funkcioneri, dobri radnici, ne mogu da imaju iste plate kao oni koji nemaju rezultate. I to \u0107e biti jedan od kriterijuma kako bi zadr\u017eali mlade ljude da ne odlaze u inostranstvo da rade\u201c kazao je Markovi\u0107. Dragan Markovi\u0107 Palma je najavio da \u0107e od 26. 08. do 01. 09. u organizaciji grada Jagodine, a o tro\u0161ku donatora, u Paraliji boraviti 700 ljudi, od kojih 550 poljoprivrednika, koji \u0107e obi\u0107i poljoprivrednike u ovom delu Evropske unije i upoznati se sa njihovim na\u010dinom rada i cenama.<\/p>\n","protected":false},"excerpt":{"rendered":"<p>\u201eOvo je 15. godina kako grad Jagodina iz bud\u017eeta pla\u0107a i organizuje letovanje za sve svoje \u0111ake koji zavr\u0161e srednju \u0161kolu u Gr\u010dkoj u Paraliji &hellip; <\/p>\n","protected":false},"author":2,"featured_media":19439,"comment_status":"open","ping_status":"open","sticky":false,"template":"","format":"standard","meta":{"footnotes":""},"categories":[1524,2,1514,23,3054],"tags":[120,845],"_links":{"self":[{"href":"https:\/\/centralmedia.rs\/index.php\/wp-json\/wp\/v2\/posts\/19438"}],"collection":[{"href":"https:\/\/centralmedia.rs\/index.php\/wp-json\/wp\/v2\/posts"}],"about":[{"href":"https:\/\/centralmedia.rs\/index.php\/wp-json\/wp\/v2\/types\/post"}],"author":[{"embeddable":true,"href":"https:\/\/centralmedia.rs\/index.php\/wp-json\/wp\/v2\/users\/2"}],"replies":[{"embeddable":true,"href":"https:\/\/centralmedia.rs\/index.php\/wp-json\/wp\/v2\/comments?post=19438"}],"version-history":[{"count":1,"href":"https:\/\/centralmedia.rs\/index.php\/wp-json\/wp\/v2\/posts\/19438\/revisions"}],"predecessor-version":[{"id":19440,"href":"https:\/\/centralmedia.rs\/index.php\/wp-json\/wp\/v2\/posts\/19438\/revisions\/19440"}],"wp:featuredmedia":[{"embeddable":true,"href":"https:\/\/centralmedia.rs\/index.php\/wp-json\/wp\/v2\/media\/19439"}],"wp:attachment":[{"href":"https:\/\/centralmedia.rs\/index.php\/wp-json\/wp\/v2\/media?parent=19438"}],"wp:term":[{"taxonomy":"category","embeddable":true,"href":"https:\/\/centralmedia.rs\/index.php\/wp-json\/wp\/v2\/categories?post=19438"},{"taxonomy":"post_tag","embeddable":true,"href":"https:\/\/centralmedia.rs\/index.php\/wp-json\/wp\/v2\/tags?post=19438"}],"curies":[{"name":"wp","href":"https:\/\/api.w.org\/{rel}","templated":true}]}}