{"id":19445,"date":"2019-08-07T14:52:36","date_gmt":"2019-08-07T14:52:36","guid":{"rendered":"http:\/\/centralmedia.rs\/?p=19445"},"modified":"2019-08-14T18:03:00","modified_gmt":"2019-08-14T18:03:00","slug":"koncert-narodne-muzike","status":"publish","type":"post","link":"https:\/\/centralmedia.rs\/index.php\/2019\/08\/07\/koncert-narodne-muzike\/","title":{"rendered":"KONCERT NARODNE MUZIKE"},"content":{"rendered":"<p>\u0106UPRIJE- Najprikladniji ambijent za izvo\u0111enje pesme ,,Oj Moravo&#8221; je pored obala Velike Morave, a pored nje, publika sino\u0107 u \u0106upriji mogla da \u010duje ,,Simbil cve\u0107e, ,,Kako si majko, kako si o\u010de&#8221;, ,,Dolete\u0107e beli golub&#8221;, ,,Mila majko \u0161alji me na vodu, ,,Do\u0111i da ostarimo zajedno&#8221;\u00a0 i mnoge druge neprolazne pesme koje su postale deo srpskog kulturnog identiteta. \u00a0U organizaciji Ustanove kulture u Amfiteatru \u0107uprijskog Moravskog parka odr\u017ean je dvo\u010dasovni koncert ansambla, mladih muzi\u010dara, pod upravom virtuoza na harmonici Aleksandra Ace Miloradovi\u0107a. Koncert je \u00a0Sude\u0107i po reakciji publike, brojnim aplauzima, kao i kolu koje je zaigrano na kraju, koncert \u0107e ostati u se\u0107anju \u00a0publike. Novinar Radio Beograda Nenada Kamid\u017eorca je bio voditelj programa koncerta, a publika slu\u0161ala izvorne narodne numere.<\/p>\n<div id='gallery-1' class='gallery galleryid-19445 gallery-columns-5 gallery-size-thumbnail'><figure class='gallery-item'>\n\t\t\t<div class='gallery-icon landscape'>\n\t\t\t\t<a href='https:\/\/centralmedia.rs\/index.php\/2019\/08\/07\/koncert-narodne-muzike\/koncer4\/'><img loading=\"lazy\" decoding=\"async\" width=\"150\" height=\"150\" src=\"https:\/\/centralmedia.rs\/wp-content\/uploads\/2019\/08\/koncer4-150x150.jpg\" class=\"attachment-thumbnail size-thumbnail\" alt=\"\" \/><\/a>\n\t\t\t<\/div><\/figure><figure class='gallery-item'>\n\t\t\t<div class='gallery-icon landscape'>\n\t\t\t\t<a href='https:\/\/centralmedia.rs\/index.php\/2019\/08\/07\/koncert-narodne-muzike\/koncert-7\/'><img loading=\"lazy\" decoding=\"async\" width=\"150\" height=\"150\" src=\"https:\/\/centralmedia.rs\/wp-content\/uploads\/2019\/08\/koncert-150x150.jpg\" class=\"attachment-thumbnail size-thumbnail\" alt=\"\" \/><\/a>\n\t\t\t<\/div><\/figure><figure class='gallery-item'>\n\t\t\t<div class='gallery-icon landscape'>\n\t\t\t\t<a href='https:\/\/centralmedia.rs\/index.php\/2019\/08\/07\/koncert-narodne-muzike\/koncert1-2\/'><img loading=\"lazy\" decoding=\"async\" width=\"150\" height=\"150\" src=\"https:\/\/centralmedia.rs\/wp-content\/uploads\/2019\/08\/koncert1-150x150.jpg\" class=\"attachment-thumbnail size-thumbnail\" alt=\"\" \/><\/a>\n\t\t\t<\/div><\/figure><figure class='gallery-item'>\n\t\t\t<div class='gallery-icon landscape'>\n\t\t\t\t<a href='https:\/\/centralmedia.rs\/index.php\/2019\/08\/07\/koncert-narodne-muzike\/koncert2-2\/'><img loading=\"lazy\" decoding=\"async\" width=\"150\" height=\"150\" src=\"https:\/\/centralmedia.rs\/wp-content\/uploads\/2019\/08\/koncert2-150x150.jpg\" class=\"attachment-thumbnail size-thumbnail\" alt=\"\" \/><\/a>\n\t\t\t<\/div><\/figure><figure class='gallery-item'>\n\t\t\t<div class='gallery-icon landscape'>\n\t\t\t\t<a href='https:\/\/centralmedia.rs\/index.php\/2019\/08\/07\/koncert-narodne-muzike\/koncert3\/'><img loading=\"lazy\" decoding=\"async\" width=\"150\" height=\"150\" src=\"https:\/\/centralmedia.rs\/wp-content\/uploads\/2019\/08\/koncert3-150x150.jpg\" class=\"attachment-thumbnail size-thumbnail\" alt=\"\" \/><\/a>\n\t\t\t<\/div><\/figure>\n\t\t<\/div>\n\n","protected":false},"excerpt":{"rendered":"<p>\u0106UPRIJE- Najprikladniji ambijent za izvo\u0111enje pesme ,,Oj Moravo&#8221; je pored obala Velike Morave, a pored nje, publika sino\u0107 u \u0106upriji mogla da \u010duje ,,Simbil cve\u0107e, &hellip; <\/p>\n","protected":false},"author":2,"featured_media":19446,"comment_status":"open","ping_status":"open","sticky":false,"template":"","format":"standard","meta":{"footnotes":""},"categories":[1515,1524,2,15,887,12],"tags":[44,2231,3946],"_links":{"self":[{"href":"https:\/\/centralmedia.rs\/index.php\/wp-json\/wp\/v2\/posts\/19445"}],"collection":[{"href":"https:\/\/centralmedia.rs\/index.php\/wp-json\/wp\/v2\/posts"}],"about":[{"href":"https:\/\/centralmedia.rs\/index.php\/wp-json\/wp\/v2\/types\/post"}],"author":[{"embeddable":true,"href":"https:\/\/centralmedia.rs\/index.php\/wp-json\/wp\/v2\/users\/2"}],"replies":[{"embeddable":true,"href":"https:\/\/centralmedia.rs\/index.php\/wp-json\/wp\/v2\/comments?post=19445"}],"version-history":[{"count":1,"href":"https:\/\/centralmedia.rs\/index.php\/wp-json\/wp\/v2\/posts\/19445\/revisions"}],"predecessor-version":[{"id":19451,"href":"https:\/\/centralmedia.rs\/index.php\/wp-json\/wp\/v2\/posts\/19445\/revisions\/19451"}],"wp:featuredmedia":[{"embeddable":true,"href":"https:\/\/centralmedia.rs\/index.php\/wp-json\/wp\/v2\/media\/19446"}],"wp:attachment":[{"href":"https:\/\/centralmedia.rs\/index.php\/wp-json\/wp\/v2\/media?parent=19445"}],"wp:term":[{"taxonomy":"category","embeddable":true,"href":"https:\/\/centralmedia.rs\/index.php\/wp-json\/wp\/v2\/categories?post=19445"},{"taxonomy":"post_tag","embeddable":true,"href":"https:\/\/centralmedia.rs\/index.php\/wp-json\/wp\/v2\/tags?post=19445"}],"curies":[{"name":"wp","href":"https:\/\/api.w.org\/{rel}","templated":true}]}}