{"id":1945,"date":"2016-01-25T06:59:14","date_gmt":"2016-01-25T06:59:14","guid":{"rendered":"http:\/\/centralmedia.rs\/?p=1945"},"modified":"2016-01-25T06:59:14","modified_gmt":"2016-01-25T06:59:14","slug":"majcin-ljubavnik-pokusao-obljubu-hendikepirane-cerke-2","status":"publish","type":"post","link":"https:\/\/centralmedia.rs\/index.php\/2016\/01\/25\/majcin-ljubavnik-pokusao-obljubu-hendikepirane-cerke-2\/","title":{"rendered":"MAJ\u010cIN LJUBAVNIK POKU\u0160AO OBLJUBU HENDIKEPIRANE \u0106ERKE"},"content":{"rendered":"<p>JAGODINA-Radovanu Vaskovi\u0107u (53) iz Jagodine odre\u0111en pritvor do 30 dana zbog sumnje da je poku\u0161ao obljubu I.S. (16) obolelu od raka i zaostalu u razvoju, odnosno krivi\u010dnog dela obljuba nad nemo\u0107nim licem u poku\u0161aju. Kom\u0161ije ka\u017eu da on je bio u vezi sa maloletnicinom majkom N.S.<br \/>\n\t-Rade se smunji\u010di da je poku\u0161ao da ima odnos sa tinejd\u017eerkom, nije je silovao, niti su imali bilo kakav seksualni odnos. Navodno je odustao, jer je devoj\u010dica plakala. Predhodno je ona do\u0161la u njegovu ku\u0107u zbog nekog posla. On je bio ljubanoj u vezi  sa njenom majkom N.S. oko godinu dana, tako da je bio poznat porodici i nije bio sumnjiv u tom smislu. Majka ju je pustila da ide kod njega, me\u0111utim, posle ga je ona prijavila zbog silovanja \u0107erke. Prema pri\u010di tinejd\u017eerke prvo su se masirali, a zatim je on poku\u0161ao da ima seksualni odnos sa devoj\u010dicom, koja je pritom obolela od kancera i mentalno na nivou deteta zbog psihi\u010dkih smetnji, ka\u017eu u istrazi.<br \/>\nRadovan V. je bio  toliko dobra prijatelj nesre\u0107ne porodice, koja je ina\u010de izbegla sa Kosmeta, da je \u010dak i S.S. (22) ro\u0111enog brata I.S. podu\u010davao zanatu u svojoj radnji. Kom\u0161ije su u \u0161oku.<br \/>\n\t-Znamo Radeta kao dobrog \u010doveka i kom\u0161iju. Svima je pomagao. \u017diveo je sam u ku\u0107i i bio je u vezi sa N.S., kada je dolazila kod njega ona je dovodila \u0107erku, ka\u017eu kom\u0161ije.<br \/>\nPoku\u0161aj obljube dogodio se 13 januara, a dan posle devoj\u010dica je to ispri\u010dala majci.Posle saslu\u0161anja na poligrafu Radovan je osumnji\u010den za poku\u0161aj obljube maloletnice. Dok su ga policajci odvodili iz ku\u0107e, N.S. je bila ispred dvori\u0161ta sa kesom u kojoj je bio njegov ve\u0161, jer ga je ,,prala&#8221;.<br \/>\n        -Tada je kazala kom\u0161ijama ,,izgleda da je rade silovao I.\u201d. Oka\u010dila je kesu sa ve\u0161om na kapiju i oti\u0161la, pri\u010daju kom\u0161ije, koji tvrde da je Radeta bio profesionlani vojnik u Legiji staranaca i da se pre desetak godina vratio u Srbiju.<\/p>\n","protected":false},"excerpt":{"rendered":"<p>JAGODINA-Radovanu Vaskovi\u0107u (53) iz Jagodine odre\u0111en pritvor do 30 dana zbog sumnje da je poku\u0161ao obljubu I.S. (16) obolelu od raka i zaostalu u razvoju, &hellip; <\/p>\n","protected":false},"author":4,"featured_media":0,"comment_status":"open","ping_status":"open","sticky":false,"template":"","format":"standard","meta":{"footnotes":""},"categories":[20,2,12],"tags":[58,489,488],"_links":{"self":[{"href":"https:\/\/centralmedia.rs\/index.php\/wp-json\/wp\/v2\/posts\/1945"}],"collection":[{"href":"https:\/\/centralmedia.rs\/index.php\/wp-json\/wp\/v2\/posts"}],"about":[{"href":"https:\/\/centralmedia.rs\/index.php\/wp-json\/wp\/v2\/types\/post"}],"author":[{"embeddable":true,"href":"https:\/\/centralmedia.rs\/index.php\/wp-json\/wp\/v2\/users\/4"}],"replies":[{"embeddable":true,"href":"https:\/\/centralmedia.rs\/index.php\/wp-json\/wp\/v2\/comments?post=1945"}],"version-history":[{"count":0,"href":"https:\/\/centralmedia.rs\/index.php\/wp-json\/wp\/v2\/posts\/1945\/revisions"}],"wp:attachment":[{"href":"https:\/\/centralmedia.rs\/index.php\/wp-json\/wp\/v2\/media?parent=1945"}],"wp:term":[{"taxonomy":"category","embeddable":true,"href":"https:\/\/centralmedia.rs\/index.php\/wp-json\/wp\/v2\/categories?post=1945"},{"taxonomy":"post_tag","embeddable":true,"href":"https:\/\/centralmedia.rs\/index.php\/wp-json\/wp\/v2\/tags?post=1945"}],"curies":[{"name":"wp","href":"https:\/\/api.w.org\/{rel}","templated":true}]}}