{"id":19473,"date":"2019-08-07T23:12:17","date_gmt":"2019-08-07T23:12:17","guid":{"rendered":"http:\/\/centralmedia.rs\/?p=19473"},"modified":"2019-08-14T18:02:28","modified_gmt":"2019-08-14T18:02:28","slug":"rasevica-dobija-vodu-a-zatim-i-ostala-prekomoravska-sela","status":"publish","type":"post","link":"https:\/\/centralmedia.rs\/index.php\/2019\/08\/07\/rasevica-dobija-vodu-a-zatim-i-ostala-prekomoravska-sela\/","title":{"rendered":"RA\u0160EVICA DOBIJA VODU, A ZATIM I OSTALA PREKOMORAVSKA SELA"},"content":{"rendered":"<p>PARA\u0106IN- U para\u0107inskom selu Ra\u0161evica u toku su radovi na izgradnji rezervoara za vodosnabdevanje. \u00a0Voda dolazi iz pravca Para\u0107ina iz bunara u Donjem Vidovu, rezervoari \u0107e obezbediti stabilan pritisak za mre\u017eu. \u00a0Ve\u0107ina me\u0161tana su se izjasnili da im je potreban priklju\u010dak na vodovodnu mre\u017eu sa zdravom pija\u0107om vodom. Posle Ra\u0161evice i ostala sela sa druge strane Velike Morave dobi\u0107e i gradsku vodu. Tokom godine radovi na vodosnabdevanju sproo\u0111eni su u Buljanu, o\u010dekuje nastavak radova u Drenovcu. Posle zavr\u0161etka pomenutih radova dve tre\u0107ine stanovni\u0161tava u selima ima\u0107e izgra\u0111enu vodovodu mre\u017eu, a plan je da sva sela u narednih nekoliko godina dobiju zdravu vodu. <img loading=\"lazy\" decoding=\"async\" class=\"alignnone wp-image-19475 size-large\" src=\"http:\/\/centralmedia.rs\/wp-content\/uploads\/2019\/08\/rasevica1-1024x509.jpg\" alt=\"\" width=\"640\" height=\"318\" srcset=\"https:\/\/centralmedia.rs\/wp-content\/uploads\/2019\/08\/rasevica1-1024x509.jpg 1024w, https:\/\/centralmedia.rs\/wp-content\/uploads\/2019\/08\/rasevica1-300x149.jpg 300w, https:\/\/centralmedia.rs\/wp-content\/uploads\/2019\/08\/rasevica1-768x382.jpg 768w, https:\/\/centralmedia.rs\/wp-content\/uploads\/2019\/08\/rasevica1-845x420.jpg 845w, https:\/\/centralmedia.rs\/wp-content\/uploads\/2019\/08\/rasevica1-640x318.jpg 640w, https:\/\/centralmedia.rs\/wp-content\/uploads\/2019\/08\/rasevica1-681x338.jpg 681w, https:\/\/centralmedia.rs\/wp-content\/uploads\/2019\/08\/rasevica1.jpg 1280w\" sizes=\"(max-width: 640px) 100vw, 640px\" \/><\/p>\n","protected":false},"excerpt":{"rendered":"<p>PARA\u0106IN- U para\u0107inskom selu Ra\u0161evica u toku su radovi na izgradnji rezervoara za vodosnabdevanje. \u00a0Voda dolazi iz pravca Para\u0107ina iz bunara u Donjem Vidovu, rezervoari &hellip; <\/p>\n","protected":false},"author":2,"featured_media":19474,"comment_status":"open","ping_status":"open","sticky":false,"template":"","format":"standard","meta":{"footnotes":""},"categories":[1524,2,1516,887,16,12],"tags":[2655,1122],"_links":{"self":[{"href":"https:\/\/centralmedia.rs\/index.php\/wp-json\/wp\/v2\/posts\/19473"}],"collection":[{"href":"https:\/\/centralmedia.rs\/index.php\/wp-json\/wp\/v2\/posts"}],"about":[{"href":"https:\/\/centralmedia.rs\/index.php\/wp-json\/wp\/v2\/types\/post"}],"author":[{"embeddable":true,"href":"https:\/\/centralmedia.rs\/index.php\/wp-json\/wp\/v2\/users\/2"}],"replies":[{"embeddable":true,"href":"https:\/\/centralmedia.rs\/index.php\/wp-json\/wp\/v2\/comments?post=19473"}],"version-history":[{"count":1,"href":"https:\/\/centralmedia.rs\/index.php\/wp-json\/wp\/v2\/posts\/19473\/revisions"}],"predecessor-version":[{"id":19476,"href":"https:\/\/centralmedia.rs\/index.php\/wp-json\/wp\/v2\/posts\/19473\/revisions\/19476"}],"wp:featuredmedia":[{"embeddable":true,"href":"https:\/\/centralmedia.rs\/index.php\/wp-json\/wp\/v2\/media\/19474"}],"wp:attachment":[{"href":"https:\/\/centralmedia.rs\/index.php\/wp-json\/wp\/v2\/media?parent=19473"}],"wp:term":[{"taxonomy":"category","embeddable":true,"href":"https:\/\/centralmedia.rs\/index.php\/wp-json\/wp\/v2\/categories?post=19473"},{"taxonomy":"post_tag","embeddable":true,"href":"https:\/\/centralmedia.rs\/index.php\/wp-json\/wp\/v2\/tags?post=19473"}],"curies":[{"name":"wp","href":"https:\/\/api.w.org\/{rel}","templated":true}]}}