{"id":19481,"date":"2019-08-07T23:54:34","date_gmt":"2019-08-07T23:54:34","guid":{"rendered":"http:\/\/centralmedia.rs\/?p=19481"},"modified":"2019-08-14T18:02:03","modified_gmt":"2019-08-14T18:02:03","slug":"dacka-likovna-kolonija-na-grzi","status":"publish","type":"post","link":"https:\/\/centralmedia.rs\/index.php\/2019\/08\/07\/dacka-likovna-kolonija-na-grzi\/","title":{"rendered":"\u0110A\u010cKA LIKOVNA KOLONIJA NA GRZI"},"content":{"rendered":"<p>PARA\u0106IN- Otvaranjem izlo\u017ebe &#8220;Sve boje \u0106a\u010dke&#8221; po\u010dela je 22. \u0110a\u010dka likovna kolonija Para\u0107in-Grza 2019.\u00a0Autori Katarina, An\u0111ela, Petar, Milica, Anastasija, Ognjen i Atina tehnikom dekupa\u017ea, koriste\u0107i konkursne radove koji su svih ovih godina pristizali na adresu Biblioteke u Para\u0107inu, predstavili su ogromnu radost, energiju, talenat dece koja su bila deo ove manifestacije koja traje ve\u0107 22.godine. Kolonija \u0107e trajati do 12. avgusta na Grzi, u okviru koje \u0107e biti odr\u017eana Grafi\u010dka radionica. U\u010destvuje 35. dece i njihovih pedagoga.<\/p>\n<div id='gallery-1' class='gallery galleryid-19481 gallery-columns-3 gallery-size-full'><figure class='gallery-item'>\n\t\t\t<div class='gallery-icon landscape'>\n\t\t\t\t<a href='https:\/\/centralmedia.rs\/index.php\/2019\/08\/07\/dacka-likovna-kolonija-na-grzi\/kolonija1\/'><img loading=\"lazy\" decoding=\"async\" width=\"960\" height=\"720\" src=\"https:\/\/centralmedia.rs\/wp-content\/uploads\/2019\/08\/kolonija1.jpg\" class=\"attachment-full size-full\" alt=\"\" srcset=\"https:\/\/centralmedia.rs\/wp-content\/uploads\/2019\/08\/kolonija1.jpg 960w, https:\/\/centralmedia.rs\/wp-content\/uploads\/2019\/08\/kolonija1-300x225.jpg 300w, https:\/\/centralmedia.rs\/wp-content\/uploads\/2019\/08\/kolonija1-768x576.jpg 768w, https:\/\/centralmedia.rs\/wp-content\/uploads\/2019\/08\/kolonija1-560x420.jpg 560w, https:\/\/centralmedia.rs\/wp-content\/uploads\/2019\/08\/kolonija1-80x60.jpg 80w, https:\/\/centralmedia.rs\/wp-content\/uploads\/2019\/08\/kolonija1-100x75.jpg 100w, https:\/\/centralmedia.rs\/wp-content\/uploads\/2019\/08\/kolonija1-180x135.jpg 180w, https:\/\/centralmedia.rs\/wp-content\/uploads\/2019\/08\/kolonija1-238x178.jpg 238w, https:\/\/centralmedia.rs\/wp-content\/uploads\/2019\/08\/kolonija1-640x480.jpg 640w, https:\/\/centralmedia.rs\/wp-content\/uploads\/2019\/08\/kolonija1-681x511.jpg 681w\" sizes=\"(max-width: 960px) 100vw, 960px\" \/><\/a>\n\t\t\t<\/div><\/figure><figure class='gallery-item'>\n\t\t\t<div class='gallery-icon landscape'>\n\t\t\t\t<a href='https:\/\/centralmedia.rs\/index.php\/2019\/08\/07\/dacka-likovna-kolonija-na-grzi\/kolonija2\/'><img loading=\"lazy\" decoding=\"async\" width=\"960\" height=\"720\" src=\"https:\/\/centralmedia.rs\/wp-content\/uploads\/2019\/08\/kolonija2.jpg\" class=\"attachment-full size-full\" alt=\"\" srcset=\"https:\/\/centralmedia.rs\/wp-content\/uploads\/2019\/08\/kolonija2.jpg 960w, https:\/\/centralmedia.rs\/wp-content\/uploads\/2019\/08\/kolonija2-300x225.jpg 300w, https:\/\/centralmedia.rs\/wp-content\/uploads\/2019\/08\/kolonija2-768x576.jpg 768w, https:\/\/centralmedia.rs\/wp-content\/uploads\/2019\/08\/kolonija2-560x420.jpg 560w, https:\/\/centralmedia.rs\/wp-content\/uploads\/2019\/08\/kolonija2-80x60.jpg 80w, https:\/\/centralmedia.rs\/wp-content\/uploads\/2019\/08\/kolonija2-100x75.jpg 100w, https:\/\/centralmedia.rs\/wp-content\/uploads\/2019\/08\/kolonija2-180x135.jpg 180w, https:\/\/centralmedia.rs\/wp-content\/uploads\/2019\/08\/kolonija2-238x178.jpg 238w, https:\/\/centralmedia.rs\/wp-content\/uploads\/2019\/08\/kolonija2-640x480.jpg 640w, https:\/\/centralmedia.rs\/wp-content\/uploads\/2019\/08\/kolonija2-681x511.jpg 681w\" sizes=\"(max-width: 960px) 100vw, 960px\" \/><\/a>\n\t\t\t<\/div><\/figure><figure class='gallery-item'>\n\t\t\t<div class='gallery-icon landscape'>\n\t\t\t\t<a href='https:\/\/centralmedia.rs\/index.php\/2019\/08\/07\/dacka-likovna-kolonija-na-grzi\/kolonija-3\/'><img loading=\"lazy\" decoding=\"async\" width=\"960\" height=\"720\" src=\"https:\/\/centralmedia.rs\/wp-content\/uploads\/2019\/08\/kolonija.jpg\" class=\"attachment-full size-full\" alt=\"\" srcset=\"https:\/\/centralmedia.rs\/wp-content\/uploads\/2019\/08\/kolonija.jpg 960w, https:\/\/centralmedia.rs\/wp-content\/uploads\/2019\/08\/kolonija-300x225.jpg 300w, https:\/\/centralmedia.rs\/wp-content\/uploads\/2019\/08\/kolonija-768x576.jpg 768w, https:\/\/centralmedia.rs\/wp-content\/uploads\/2019\/08\/kolonija-560x420.jpg 560w, https:\/\/centralmedia.rs\/wp-content\/uploads\/2019\/08\/kolonija-80x60.jpg 80w, https:\/\/centralmedia.rs\/wp-content\/uploads\/2019\/08\/kolonija-100x75.jpg 100w, https:\/\/centralmedia.rs\/wp-content\/uploads\/2019\/08\/kolonija-180x135.jpg 180w, https:\/\/centralmedia.rs\/wp-content\/uploads\/2019\/08\/kolonija-238x178.jpg 238w, https:\/\/centralmedia.rs\/wp-content\/uploads\/2019\/08\/kolonija-640x480.jpg 640w, https:\/\/centralmedia.rs\/wp-content\/uploads\/2019\/08\/kolonija-681x511.jpg 681w\" sizes=\"(max-width: 960px) 100vw, 960px\" \/><\/a>\n\t\t\t<\/div><\/figure>\n\t\t<\/div>\n\n","protected":false},"excerpt":{"rendered":"<p>PARA\u0106IN- Otvaranjem izlo\u017ebe &#8220;Sve boje \u0106a\u010dke&#8221; po\u010dela je 22. \u0110a\u010dka likovna kolonija Para\u0107in-Grza 2019.\u00a0Autori Katarina, An\u0111ela, Petar, Milica, Anastasija, Ognjen i Atina tehnikom dekupa\u017ea, koriste\u0107i &hellip; <\/p>\n","protected":false},"author":2,"featured_media":19482,"comment_status":"open","ping_status":"open","sticky":false,"template":"","format":"standard","meta":{"footnotes":""},"categories":[1524,2,23,1516,887,30],"tags":[3948,2831,156],"_links":{"self":[{"href":"https:\/\/centralmedia.rs\/index.php\/wp-json\/wp\/v2\/posts\/19481"}],"collection":[{"href":"https:\/\/centralmedia.rs\/index.php\/wp-json\/wp\/v2\/posts"}],"about":[{"href":"https:\/\/centralmedia.rs\/index.php\/wp-json\/wp\/v2\/types\/post"}],"author":[{"embeddable":true,"href":"https:\/\/centralmedia.rs\/index.php\/wp-json\/wp\/v2\/users\/2"}],"replies":[{"embeddable":true,"href":"https:\/\/centralmedia.rs\/index.php\/wp-json\/wp\/v2\/comments?post=19481"}],"version-history":[{"count":1,"href":"https:\/\/centralmedia.rs\/index.php\/wp-json\/wp\/v2\/posts\/19481\/revisions"}],"predecessor-version":[{"id":19485,"href":"https:\/\/centralmedia.rs\/index.php\/wp-json\/wp\/v2\/posts\/19481\/revisions\/19485"}],"wp:featuredmedia":[{"embeddable":true,"href":"https:\/\/centralmedia.rs\/index.php\/wp-json\/wp\/v2\/media\/19482"}],"wp:attachment":[{"href":"https:\/\/centralmedia.rs\/index.php\/wp-json\/wp\/v2\/media?parent=19481"}],"wp:term":[{"taxonomy":"category","embeddable":true,"href":"https:\/\/centralmedia.rs\/index.php\/wp-json\/wp\/v2\/categories?post=19481"},{"taxonomy":"post_tag","embeddable":true,"href":"https:\/\/centralmedia.rs\/index.php\/wp-json\/wp\/v2\/tags?post=19481"}],"curies":[{"name":"wp","href":"https:\/\/api.w.org\/{rel}","templated":true}]}}